{"id":1177,"date":"2015-01-15T20:10:09","date_gmt":"2015-01-15T19:10:09","guid":{"rendered":"http:\/\/www.localhost\/?p=1177"},"modified":"2020-08-07T11:46:20","modified_gmt":"2020-08-07T09:46:20","slug":"nouvelle-contribution-patronale-01012015","status":"publish","type":"post","link":"https:\/\/sndll.info\/?p=1177","title":{"rendered":"NOUVELLE CONTRIBUTION PATRONALE AU 01\/01\/2015 !"},"content":{"rendered":"<p style=\"text-align: justify;\">Au 01 janvier 2015 est cr\u00e9\u00e9e une nouvelle contribution patronale pour financer la mise en place d&#8217;un fonds paritaire d\u00e9di\u00e9 au financement des organisations syndicales de salari\u00e9s et des organisations professionnelles d&#8217;employeurs !<\/p>\n<p style=\"text-align: justify;\">Cette contribution est due par les employeurs de droit priv\u00e9 et de droit public employant du personnel dans les conditions du droit priv\u00e9.<\/p>\n<p style=\"text-align: justify;\">L&#8217;Etat ne se l&#8217;impose pas \u00e0 lui-m\u00eame pour ses fonctionnaires, pas fou !!!! Faites ce que je dis, pas ce que je fais &#8230; air connu.<\/p>\n<p style=\"text-align: justify;\">Le taux est fix\u00e9 \u00e0 0,016 % des r\u00e9mun\u00e9rations brutes vers\u00e9es \u00e0 compter du 01 janvier 2015 et qui servent de base pour le calcul des cotisations de S\u00e9curit\u00e9 Sociale.<\/p>\n<p style=\"text-align: justify;\">Cette cotisation est vers\u00e9e selon les m\u00eames modalit\u00e9s que les cotisations sociales et doit figurer sur le bordereau de cotisation URSSAF sous le CTP 027.<\/p>\n<p style=\"text-align: justify;\">Code du Travail :\u00a0\u00a0<strong><span style=\"color: #3366ff;\"><a style=\"color: #3366ff;\" href=\"https:\/\/www.legifrance.gouv.fr\/affichCodeArticle.do?idArticle=LEGIARTI000028689579&amp;cidTexte=LEGITEXT000006072050&amp;dateTexte=20140307\">Article L2135-9<\/a><\/span><\/strong> et suivants<\/p>\n<p style=\"text-align: justify;\"><strong><span style=\"color: #3366ff;\"><a style=\"color: #3366ff;\" href=\"https:\/\/www.legifrance.gouv.fr\/affichTexte.do?cidTexte=JORFTEXT000030005593&amp;categorieLien=id\">D\u00e9cret n\u00b0 2014-1718 du 30 d\u00e9cembre 2014<\/a><\/span><\/strong><\/p>\n","protected":false},"excerpt":{"rendered":"<p>Au 01 janvier 2015 est cr\u00e9\u00e9e une nouvelle contribution patronale pour financer la mise en place d&#8217;un fonds paritaire d\u00e9di\u00e9 au financement des organisations syndicales de salari\u00e9s et des organisations professionnelles d&#8217;employeurs ! Cette&#8230;<\/p>\n","protected":false},"author":2,"featured_media":0,"comment_status":"closed","ping_status":"open","sticky":false,"template":"","format":"standard","meta":{"_mi_skip_tracking":false,"_monsterinsights_sitenote_active":false,"_monsterinsights_sitenote_note":"","_monsterinsights_sitenote_category":0},"categories":[5,9],"tags":[],"_links":{"self":[{"href":"https:\/\/sndll.info\/index.php?rest_route=\/wp\/v2\/posts\/1177"}],"collection":[{"href":"https:\/\/sndll.info\/index.php?rest_route=\/wp\/v2\/posts"}],"about":[{"href":"https:\/\/sndll.info\/index.php?rest_route=\/wp\/v2\/types\/post"}],"author":[{"embeddable":true,"href":"https:\/\/sndll.info\/index.php?rest_route=\/wp\/v2\/users\/2"}],"replies":[{"embeddable":true,"href":"https:\/\/sndll.info\/index.php?rest_route=%2Fwp%2Fv2%2Fcomments&post=1177"}],"version-history":[{"count":1,"href":"https:\/\/sndll.info\/index.php?rest_route=\/wp\/v2\/posts\/1177\/revisions"}],"predecessor-version":[{"id":2071,"href":"https:\/\/sndll.info\/index.php?rest_route=\/wp\/v2\/posts\/1177\/revisions\/2071"}],"wp:attachment":[{"href":"https:\/\/sndll.info\/index.php?rest_route=%2Fwp%2Fv2%2Fmedia&parent=1177"}],"wp:term":[{"taxonomy":"category","embeddable":true,"href":"https:\/\/sndll.info\/index.php?rest_route=%2Fwp%2Fv2%2Fcategories&post=1177"},{"taxonomy":"post_tag","embeddable":true,"href":"https:\/\/sndll.info\/index.php?rest_route=%2Fwp%2Fv2%2Ftags&post=1177"}],"curies":[{"name":"wp","href":"https:\/\/api.w.org\/{rel}","templated":true}]}}