{"id":1304,"date":"2015-05-27T21:00:03","date_gmt":"2015-05-27T20:00:03","guid":{"rendered":"http:\/\/www.localhost\/?p=1304"},"modified":"2020-05-30T13:26:42","modified_gmt":"2020-05-30T11:26:42","slug":"videoprotection-exterieure-nouveau-avril-2015","status":"publish","type":"post","link":"https:\/\/sndll.info\/?p=1304","title":{"rendered":"VID\u00c9OPROTECTION EXT\u00c9RIEURE \u2013 AVRIL 2015"},"content":{"rendered":"<p style=\"text-align: justify;\">La loi &#8220;PINEL&#8221; sur le commerce et l&#8217;artisanat du 18 juin 2014 a autoris\u00e9 les commer\u00e7ants &#8220;particuli\u00e8rement expos\u00e9s&#8221; aux agressions et aux vols \u00e0 poser des cam\u00e9ras \u00a0sur la voie publique afin de prot\u00e9ger les abords imm\u00e9diats de leurs commerces.<\/p>\n<p style=\"text-align: justify;\">Sont concern\u00e9s les lieux ouverts au public o\u00f9 se d\u00e9roulent des op\u00e9rations de vente mais aussi ceux o\u00f9 sont stock\u00e9es les marchandises.<\/p>\n<p style=\"text-align: justify;\">Les \u00e9tablissements de nuit sont donc int\u00e9ress\u00e9s.<\/p>\n<p style=\"text-align: justify;\">On rappellera que pour installer la vid\u00e9oprotection il faut en informer le Maire et obtenir l&#8217;autorisation des autorit\u00e9s comp\u00e9tentes.<\/p>\n<p style=\"text-align: justify;\"><strong>C&#8217;est le Pr\u00e9fet<\/strong> qui, apr\u00e8s avis de la commission d\u00e9partementale de vid\u00e9oprotection donne l&#8217;autorisation. La CNIL (Commission Nationale de l&#8217;Informatique et des Libert\u00e9s) pourra contr\u00f4ler a posteriori.<\/p>\n<p style=\"text-align: justify;\">Les <strong>cam\u00e9ras<\/strong> pos\u00e9es <strong>aux abords des b\u00e2timents<\/strong> doivent IMP\u00c9RATIVEMENT <strong>\u00eatre d\u00e9connect\u00e9es de celles \u00e9ventuellement install\u00e9es \u00e0 l&#8217;int\u00e9rieur<\/strong>.<\/p>\n<p style=\"text-align: justify;\">En effet le visionnage des images enregistr\u00e9es par les cam\u00e9ras ext\u00e9rieures ne peut \u00eatre effectu\u00e9 que par des agents de l&#8217;autorit\u00e9 publique individuellement d\u00e9sign\u00e9s et habilit\u00e9s des services de Police et de Gendarmerie Nationale (et non par les commer\u00e7ants eux-m\u00eames).<\/p>\n<p style=\"text-align: justify;\">Quand le commer\u00e7ant adresse sa demande d&#8217;autorisation au Pr\u00e9fet, il joint au dossier une copie de la lettre informant le maire ainsi qu&#8217;une <strong>attestation de l&#8217;installateur<\/strong> certifiant que les cam\u00e9ras ext\u00e9rieures sont bien d\u00e9connect\u00e9es des cam\u00e9ras int\u00e9rieures et que les images ne peuvent \u00eatre visionn\u00e9es par le commer\u00e7ant lui-m\u00eame.<\/p>\n<p style=\"text-align: justify;\">Par ailleurs, <strong>un plan de d\u00e9tail<\/strong> montrant la zone couverte par les cam\u00e9ras doit \u00eatre fourni. Il permettra au Pr\u00e9fet de s&#8217;assurer que le champ de vision des cam\u00e9ras est bien limit\u00e9 aux abords imm\u00e9diats du b\u00e2timent en cause.<\/p>\n<p style=\"text-align: justify;\"><span style=\"color: #3366ff;\"><strong><a style=\"color: #3366ff;\" href=\"https:\/\/www.legifrance.gouv.fr\/affichTexte.do?cidTexte=JORFTEXT000030537091&amp;categorieLien=id\">D\u00e9cret N\u00b02015-489 du 29 avril 2015<\/a><\/strong><\/span> (JO du 30)<\/p>\n<p style=\"text-align: justify;\">\n","protected":false},"excerpt":{"rendered":"<p>La loi &#8220;PINEL&#8221; sur le commerce et l&#8217;artisanat du 18 juin 2014 a autoris\u00e9 les commer\u00e7ants &#8220;particuli\u00e8rement expos\u00e9s&#8221; aux agressions et aux vols \u00e0 poser des cam\u00e9ras \u00a0sur la voie publique afin de prot\u00e9ger&#8230;<\/p>\n","protected":false},"author":2,"featured_media":1836,"comment_status":"closed","ping_status":"open","sticky":false,"template":"","format":"standard","meta":{"_mi_skip_tracking":false,"_monsterinsights_sitenote_active":false,"_monsterinsights_sitenote_note":"","_monsterinsights_sitenote_category":0},"categories":[6],"tags":[],"_links":{"self":[{"href":"https:\/\/sndll.info\/index.php?rest_route=\/wp\/v2\/posts\/1304"}],"collection":[{"href":"https:\/\/sndll.info\/index.php?rest_route=\/wp\/v2\/posts"}],"about":[{"href":"https:\/\/sndll.info\/index.php?rest_route=\/wp\/v2\/types\/post"}],"author":[{"embeddable":true,"href":"https:\/\/sndll.info\/index.php?rest_route=\/wp\/v2\/users\/2"}],"replies":[{"embeddable":true,"href":"https:\/\/sndll.info\/index.php?rest_route=%2Fwp%2Fv2%2Fcomments&post=1304"}],"version-history":[{"count":1,"href":"https:\/\/sndll.info\/index.php?rest_route=\/wp\/v2\/posts\/1304\/revisions"}],"predecessor-version":[{"id":2062,"href":"https:\/\/sndll.info\/index.php?rest_route=\/wp\/v2\/posts\/1304\/revisions\/2062"}],"wp:featuredmedia":[{"embeddable":true,"href":"https:\/\/sndll.info\/index.php?rest_route=\/wp\/v2\/media\/1836"}],"wp:attachment":[{"href":"https:\/\/sndll.info\/index.php?rest_route=%2Fwp%2Fv2%2Fmedia&parent=1304"}],"wp:term":[{"taxonomy":"category","embeddable":true,"href":"https:\/\/sndll.info\/index.php?rest_route=%2Fwp%2Fv2%2Fcategories&post=1304"},{"taxonomy":"post_tag","embeddable":true,"href":"https:\/\/sndll.info\/index.php?rest_route=%2Fwp%2Fv2%2Ftags&post=1304"}],"curies":[{"name":"wp","href":"https:\/\/api.w.org\/{rel}","templated":true}]}}