{"id":1622,"date":"2016-12-26T13:01:39","date_gmt":"2016-12-26T12:01:39","guid":{"rendered":"http:\/\/pjcrpry.cluster031.hosting.ovh.net\/?p=1622"},"modified":"2020-08-07T11:43:57","modified_gmt":"2020-08-07T09:43:57","slug":"videosurveillance-reglementation","status":"publish","type":"post","link":"https:\/\/sndll.info\/?p=1622","title":{"rendered":"VID\u00c9OSURVEILLANCE \u2013 R\u00c9GLEMENTATION"},"content":{"rendered":"<p style=\"text-align: justify;\">Compte tenu de la multiplication des incidents \u00e0 la porte des \u00e9tablissements de nuit, compte tenu du risque terroriste, beaucoup nous ont interrog\u00e9 sur la l\u00e9gislation relative \u00e0 la vid\u00e9osurveillance.<\/p>\n<p style=\"text-align: justify;\">Le SNDLL fait, ci-dessous, le point complet de la l\u00e9gislation.<\/p>\n<p style=\"text-align: justify;\"><span style=\"color: #3366ff;\"><strong>Une distinction de base : Public\/Priv\u00e9<\/strong><\/span><\/p>\n<ul style=\"text-align: justify;\">\n<li>L&#8217;installation de <strong>cam\u00e9ras<\/strong> par des autorit\u00e9s publiques, des organismes priv\u00e9s ou des commer\u00e7ants <strong>sur la voie publique ou dans des lieux ouverts au public<\/strong>, n&#8217;est possible qu&#8217;apr\u00e8s obtention d&#8217;une autorisation pr\u00e9fectorale. Elle est d\u00e9livr\u00e9e pour une dur\u00e9e de 5 ans renouvelable. Apr\u00e8s obtention de l&#8217;autorisation, le responsable du dispositif doit en d\u00e9clarer la mise en service \u00e0 la Pr\u00e9fecture.<\/li>\n<li>Aucune\u00a0autorisation\u00a0n&#8217;est requise pour une installation de vid\u00e9oprotection (ou vid\u00e9osurveillance) <strong>dans un lieu\u00a0priv\u00e9 ou des locaux professionnels qui n&#8217;accueillent pas de public. <\/strong>L\u00e0 il faut faire une\u00a0<strong>simple d\u00e9claration aupr\u00e8s de la CNIL<\/strong> <span style=\"color: #3366ff;\"><a style=\"color: #3366ff;\" href=\"http:\/\/www.cnil.fr\/\"><strong>(www.cnil.fr)<\/strong><\/a><\/span><strong>.<\/strong><\/li>\n<\/ul>\n<p style=\"text-align: justify;\"><span style=\"color: #3366ff;\"><strong>Motifs d&#8217;installation d&#8217;une vid\u00e9osurveillance :<\/strong><\/span><\/p>\n<ul style=\"text-align: justify;\">\n<li>Sont admis notamment les motifs suivants :<\/li>\n<li>Protection des b\u00e2timents et installations publics et leurs abords.<\/li>\n<li>Protection des abords imm\u00e9diats des commerces dans les lieux particuli\u00e8rement expos\u00e9s \u00e0 des risques d&#8217;agression ou de vol.<\/li>\n<li>Pr\u00e9vention des atteintes \u00e0 la s\u00e9curit\u00e9 des personnes et des biens dans les lieux particuli\u00e8rement expos\u00e9s \u00e0 des risques d&#8217;agression, de vols ou de trafic de stup\u00e9fiants.<\/li>\n<li>Pr\u00e9vention d&#8217;actes de terrorisme.<\/li>\n<li>Secours aux personnes et d\u00e9fense contre l&#8217;incendie.<\/li>\n<li>S\u00e9curit\u00e9 des installations accueillant du public.<\/li>\n<\/ul>\n<p style=\"text-align: justify;\">Des commer\u00e7ants peuvent donc mettre en \u0153uvre un syst\u00e8me de vid\u00e9osurveillance (apr\u00e8s information\u00a0du Maire de la commune et autorisation de la Pr\u00e9fecture)\u00a0:<\/p>\n<ul style=\"text-align: justify;\">\n<li>Dans les lieux et \u00e9tablissements ouverts au public particuli\u00e8rement expos\u00e9s \u00e0 des risques\u00a0d&#8217;agression\u00a0ou de vol (lieu de vente, salles, zones de stockage, etc.).<\/li>\n<li>Sur la voie publique pour assurer la protection des abords imm\u00e9diats\u00a0(pas la rue en tant que telle m\u00eame si incidemment on peut la voir en tout ou partie)\u00a0des b\u00e2timents et installations particuli\u00e8rement expos\u00e9s \u00e0 des risques d&#8217;agression ou de vol.<\/li>\n<\/ul>\n<p style=\"text-align: justify;\">Les cam\u00e9ras ext\u00e9rieures doivent \u00eatre d\u00e9connect\u00e9es de celles install\u00e9es \u00e0 l&#8217;int\u00e9rieur du lieu ouvert au public de mani\u00e8re \u00e0 ce que le responsable ou ses subordonn\u00e9s ne puissent avoir acc\u00e8s aux images enregistr\u00e9es (voir raisons ci-apr\u00e8s).<\/p>\n<p style=\"text-align: justify;\"><strong>La demande d&#8217;autorisation<\/strong> d&#8217;installation doit \u00eatre effectu\u00e9e aupr\u00e8s du Pr\u00e9fet du lieu d&#8217;implantation.<\/p>\n<p style=\"text-align: justify;\">Formulaire <a href=\"https:\/\/www.formulaires.modernisation.gouv.fr\/gf\/cerfa_13806.do\"><strong><span style=\"color: #3366ff;\">Cerfa N\u00b0 13806*03<\/span><\/strong><\/a> remplissable en ligne<strong>\u00a0<\/strong>:<\/p>\n<p style=\"text-align: justify;\"><a href=\"https:\/\/www.televideoprotection.interieur.gouv.fr\/gup\/PhpVideo\/TeleDeclaration\/cnxAccueil.php\"><strong><span style=\"color: #3366ff;\">Vid\u00e9oprotection par t\u00e9l\u00e9proc\u00e9dure<\/span><\/strong><\/a><\/p>\n<p style=\"text-align: justify;\"><strong><span style=\"color: #3366ff;\">Pr\u00e9cisions :<\/span><\/strong><\/p>\n<p style=\"text-align: justify;\"><strong>La conservation des images<\/strong> sur la voie publique et dans l&#8217;\u00e9tablissement ne doit pas exc\u00e9der un mois.<\/p>\n<p style=\"text-align: justify;\">Pour <strong>les images de l&#8217;int\u00e9rieur de l&#8217;\u00e9tablissement<\/strong>, seuls les responsables de la s\u00e9curit\u00e9, les agents de s\u00e9curit\u00e9 ou la direction de l&#8217;\u00e9tablissement\u00a0doivent pouvoir les visualiser. Il est cependant possible d&#8217;installer des cam\u00e9ras filmant la zone marchande avec un \u00e9cran de visualisation des images en direct dispos\u00e9 \u00e0 l&#8217;entr\u00e9e du commerce et\u00a0visible de tous les clients.<\/p>\n<p style=\"text-align: justify;\">Pour <strong>les images sur la voie publique (et aux abords)<\/strong>, seules les personnes habilit\u00e9es par l&#8217;autorisation pr\u00e9fectorale et dans le cadre de leurs fonctions peuvent visionner les images enregistr\u00e9es. Il s&#8217;agit des agents de l&#8217;autorit\u00e9 publique individuellement d\u00e9sign\u00e9s et habilit\u00e9s des services de Police et de Gendarmerie nationale. Ils renseignent un registre lors de chaque visionnage et sont seuls habilit\u00e9s \u00e0 extraire des images du dispositif d&#8217;enregistrement. D\u00e9cret n\u00b02015-489 du 29\/04\/15.<\/p>\n<p style=\"text-align: justify;\">Ces personnes doivent \u00eatre form\u00e9es et sensibilis\u00e9es aux r\u00e8gles de mise en \u0153uvre d&#8217;un syst\u00e8me de vid\u00e9oprotection.<\/p>\n<p style=\"text-align: justify;\">Les cam\u00e9ras ne doivent pas (article 9 du Code Civil) porter atteinte \u00e0 la vie priv\u00e9e des clients (ne pas les\u00a0installer, par exemple, dans les\u00a0cabines de toilettes !)<\/p>\n<p style=\"text-align: justify;\">Elles ne doivent pas \u00eatre utilis\u00e9es pour s&#8217;assurer que le personnel fait correctement son travail mais le syst\u00e8me peut \u00eatre utiliser pour d\u00e9masquer un employ\u00e9 qui volerait dans la caisse (mais la cam\u00e9ra doit davantage filmer la caisse que le caissier).<\/p>\n<p style=\"text-align: justify;\">On rappellera qu&#8217;un employeur peut surveiller ses salari\u00e9s par vid\u00e9osurveillance mais doit les en informer individuellement et collectivement AVANT.<\/p>\n<p style=\"text-align: justify;\">Les personnes film\u00e9es doivent \u00eatre inform\u00e9es au moyen de panneaux affich\u00e9s de fa\u00e7on visible\u00a0:<\/p>\n<ul>\n<li style=\"text-align: justify;\">de l&#8217;existence du dispositif.<\/li>\n<li style=\"text-align: justify;\">de son responsable.<\/li>\n<li style=\"text-align: justify;\">des modalit\u00e9s concr\u00e8tes d&#8217;exercice de leur droit d&#8217;acc\u00e8s aux enregistrements visuels les concernant.<\/li>\n<\/ul>\n<p><strong style=\"font-size: inherit; text-align: left;\">Par exemple affiche avec une cam\u00e9ra et texte :<\/strong><\/p>\n<p style=\"text-align: center;\">&#8221; Etablissement plac\u00e9 sous vid\u00e9oprotection<\/p>\n<p style=\"text-align: center;\">pour des raisons de s\u00e9curit\u00e9 des biens et des personnes.<\/p>\n<p style=\"text-align: center;\">Pour l&#8217;exercice du droit d&#8217;acc\u00e8s aux images vous concernant et\/ou pour tout renseignement, s&#8217;adresser \u00e0 la direction T\u00e9l. 00 00 00 00 &#8220;.<\/p>\n<p style=\"text-align: left;\">Le Code p\u00e9nal r\u00e9prime tous les manquements et notamment par les articles 226-1,16, 18, 20, 21 et\u00a0articles R625-10.<\/p>\n<p style=\"text-align: left;\"><a href=\"https:\/\/www.legifrance.gouv.fr\/affichTexte.do?cidTexte=JORFTEXT000030537091&amp;categorieLien=id\"><strong><span style=\"color: #3366ff;\">D\u00e9cret n\u00b0 2015-489 du 29 avril 2015<\/span><\/strong><\/a><\/p>\n<p style=\"text-align: left;\"><strong><span style=\"color: #3366ff;\"><a style=\"color: #3366ff;\" href=\"https:\/\/sndll.info\/wp-content\/uploads\/2016\/12\/CODE-DE-LA-SECURITE-INTERIEURE.pdf\">Code de la s\u00e9curit\u00e9 int\u00e9rieure<\/a><\/span><\/strong><\/p>\n<p style=\"text-align: left;\">\n","protected":false},"excerpt":{"rendered":"<p>Compte tenu de la multiplication des incidents \u00e0 la porte des \u00e9tablissements de nuit, compte tenu du risque terroriste, beaucoup nous ont interrog\u00e9 sur la l\u00e9gislation relative \u00e0 la vid\u00e9osurveillance. Le SNDLL fait, ci-dessous,&#8230;<\/p>\n","protected":false},"author":1,"featured_media":1836,"comment_status":"closed","ping_status":"open","sticky":false,"template":"","format":"standard","meta":{"_mi_skip_tracking":false,"_monsterinsights_sitenote_active":false,"_monsterinsights_sitenote_note":"","_monsterinsights_sitenote_category":0},"categories":[1,6],"tags":[],"_links":{"self":[{"href":"https:\/\/sndll.info\/index.php?rest_route=\/wp\/v2\/posts\/1622"}],"collection":[{"href":"https:\/\/sndll.info\/index.php?rest_route=\/wp\/v2\/posts"}],"about":[{"href":"https:\/\/sndll.info\/index.php?rest_route=\/wp\/v2\/types\/post"}],"author":[{"embeddable":true,"href":"https:\/\/sndll.info\/index.php?rest_route=\/wp\/v2\/users\/1"}],"replies":[{"embeddable":true,"href":"https:\/\/sndll.info\/index.php?rest_route=%2Fwp%2Fv2%2Fcomments&post=1622"}],"version-history":[{"count":8,"href":"https:\/\/sndll.info\/index.php?rest_route=\/wp\/v2\/posts\/1622\/revisions"}],"predecessor-version":[{"id":1950,"href":"https:\/\/sndll.info\/index.php?rest_route=\/wp\/v2\/posts\/1622\/revisions\/1950"}],"wp:featuredmedia":[{"embeddable":true,"href":"https:\/\/sndll.info\/index.php?rest_route=\/wp\/v2\/media\/1836"}],"wp:attachment":[{"href":"https:\/\/sndll.info\/index.php?rest_route=%2Fwp%2Fv2%2Fmedia&parent=1622"}],"wp:term":[{"taxonomy":"category","embeddable":true,"href":"https:\/\/sndll.info\/index.php?rest_route=%2Fwp%2Fv2%2Fcategories&post=1622"},{"taxonomy":"post_tag","embeddable":true,"href":"https:\/\/sndll.info\/index.php?rest_route=%2Fwp%2Fv2%2Ftags&post=1622"}],"curies":[{"name":"wp","href":"https:\/\/api.w.org\/{rel}","templated":true}]}}