{"id":1863,"date":"2019-11-26T11:18:12","date_gmt":"2019-11-26T10:18:12","guid":{"rendered":"http:\/\/pjcrpry.cluster031.hosting.ovh.net\/?p=1863"},"modified":"2020-06-01T12:33:24","modified_gmt":"2020-06-01T10:33:24","slug":"social-contribution-fonds-du-paritarisme","status":"publish","type":"post","link":"https:\/\/sndll.info\/?p=1863","title":{"rendered":"CONTRIBUTION FONDS DU PARITARISME"},"content":{"rendered":"<p style=\"text-align: justify;\">Vous allez ou avez re\u00e7u un appel de cotisation concernant l\u2019ann\u00e9e 2018 \u00e9mis par l\u2019organisme de retraite, sant\u00e9 et pr\u00e9voyance AUDIENS\u00a0<a href=\"https:\/\/sndll.info\/wp-content\/uploads\/2019\/06\/BORDEREAU.pdf\" target=\"_blank\" rel=\"noopener noreferrer\"><strong>(v<\/strong><strong>oir ici l<\/strong><strong>\u2018exemple de bordereau)<\/strong><\/a>.<\/p>\n<p style=\"text-align: justify;\">Il ne s\u2019agit pas l\u00e0 d\u2019une cotisation suppl\u00e9mentaire\u00a0(!), mais un simple changement de collecteur\u00a0!<\/p>\n<p style=\"text-align: justify;\">En effet, cette contribution obligatoire de 0.05 % au fonds du paritarisme \u00e9tait jusqu\u2019en 2017 collect\u00e9e courant f\u00e9vrier par l\u2019AFDAS dans le cadre de l\u2019appel de cotisation des fonds de formation professionnelle.<\/p>\n<p style=\"text-align: justify;\">A compter de cette ann\u00e9e 2019, cette contribution sera collect\u00e9e par AGEPRO, une association du groupe AUDIENS en lieu et place de l\u2019AFDAS.<\/p>\n<p style=\"text-align: justify;\">La collecte par AGEPRO intervient par l\u2019envoi d\u2019un bordereau papier comprenant une zone pour d\u00e9clarer la masse salariale et une autre pour indiquer la cotisation calcul\u00e9e.<\/p>\n<p style=\"text-align: justify;\">Soyez vigilant\u00a0!<\/p>\n<p style=\"text-align: justify;\">Il est possible que vous ayez d\u00e9j\u00e0 d\u00e9clar\u00e9 et pay\u00e9 cette contribution. Comment le savoir\u00a0?<\/p>\n<ul style=\"text-align: justify;\">\n<li>Cas 1<\/li>\n<\/ul>\n<p style=\"text-align: justify;\">Vous effectuez vous-m\u00eame la d\u00e9claration des fonds de formation professionnelle\u00a0: dans l\u2019encart n\u00b0 5 de \u201cla d\u00e9claration annuelle salaires 2018\u201d de l\u2019AFDAS\u00a0: \u201cAutre(s) contribution(s)\u201d, doit \u00eatre inscrit\u00a0: l\u2019AFDAS ne collecte plus ces contributions.<\/p>\n<ul style=\"text-align: justify;\">\n<li>Cas 2<\/li>\n<\/ul>\n<p style=\"text-align: justify;\">Un tiers effectue pour vous cette d\u00e9claration avec un logiciel et des bordereaux pr\u00e9remplis\u00a0: bien v\u00e9rifier que cette contribution n\u2019a pas d\u00e9j\u00e0 \u00e9t\u00e9 d\u00e9clar\u00e9e et pay\u00e9e.<\/p>\n<p style=\"text-align: justify;\">Si un r\u00e8glement \u00e0 d\u00e9j\u00e0 \u00e9tait effectu\u00e9, il est n\u00e9cessaire de joindre les justificatifs au bordereau d\u2019appel afin que l\u2019AGEPRO puisse se retourner vers l\u2019AFDAS et r\u00e9colter cette somme. Dans le cas contraire alors, nous vous invitons \u00e0 remplir le bordereau et le renvoyer accompagn\u00e9 du r\u00e8glement \u00e0 l\u2019AGEPRO.<\/p>\n","protected":false},"excerpt":{"rendered":"<p>Vous allez ou avez re\u00e7u un appel de cotisation concernant l\u2019ann\u00e9e 2018 \u00e9mis par l\u2019organisme de retraite, sant\u00e9 et pr\u00e9voyance AUDIENS\u00a0(voir ici l\u2018exemple de bordereau). Il ne s\u2019agit pas l\u00e0 d\u2019une cotisation suppl\u00e9mentaire\u00a0(!), mais&#8230;<\/p>\n","protected":false},"author":1,"featured_media":0,"comment_status":"open","ping_status":"open","sticky":false,"template":"","format":"standard","meta":{"_mi_skip_tracking":false,"_monsterinsights_sitenote_active":false,"_monsterinsights_sitenote_note":"","_monsterinsights_sitenote_category":0},"categories":[5],"tags":[],"_links":{"self":[{"href":"https:\/\/sndll.info\/index.php?rest_route=\/wp\/v2\/posts\/1863"}],"collection":[{"href":"https:\/\/sndll.info\/index.php?rest_route=\/wp\/v2\/posts"}],"about":[{"href":"https:\/\/sndll.info\/index.php?rest_route=\/wp\/v2\/types\/post"}],"author":[{"embeddable":true,"href":"https:\/\/sndll.info\/index.php?rest_route=\/wp\/v2\/users\/1"}],"replies":[{"embeddable":true,"href":"https:\/\/sndll.info\/index.php?rest_route=%2Fwp%2Fv2%2Fcomments&post=1863"}],"version-history":[{"count":3,"href":"https:\/\/sndll.info\/index.php?rest_route=\/wp\/v2\/posts\/1863\/revisions"}],"predecessor-version":[{"id":2816,"href":"https:\/\/sndll.info\/index.php?rest_route=\/wp\/v2\/posts\/1863\/revisions\/2816"}],"wp:attachment":[{"href":"https:\/\/sndll.info\/index.php?rest_route=%2Fwp%2Fv2%2Fmedia&parent=1863"}],"wp:term":[{"taxonomy":"category","embeddable":true,"href":"https:\/\/sndll.info\/index.php?rest_route=%2Fwp%2Fv2%2Fcategories&post=1863"},{"taxonomy":"post_tag","embeddable":true,"href":"https:\/\/sndll.info\/index.php?rest_route=%2Fwp%2Fv2%2Ftags&post=1863"}],"curies":[{"name":"wp","href":"https:\/\/api.w.org\/{rel}","templated":true}]}}