{"id":222,"date":"2014-10-23T11:23:53","date_gmt":"2014-10-23T09:23:53","guid":{"rendered":"http:\/\/www.localhost\/?p=222"},"modified":"2020-05-30T13:26:43","modified_gmt":"2020-05-30T11:26:43","slug":"convention-collective","status":"publish","type":"post","link":"https:\/\/sndll.info\/?p=222","title":{"rendered":"SOCIAL \u2013 CONVENTIONS COLLECTIVES APPLICABLES"},"content":{"rendered":"<p style=\"text-align: justify;\">Une Convention Collective est un accord entre employeurs et salari\u00e9s qui a force de loi et r\u00e9git obligatoirement vos relations avec vos salari\u00e9s.<\/p>\n<p style=\"text-align: justify;\">En l\u2019absence actuelle (en novembre 2014) de convention collective unique \u00e9tendue \u00e0 toute la profession, <strong>c\u2019est la convention collective sign\u00e9e par le syndicat auquel vous adh\u00e9rez qui s\u2019applique\u00a0obligatoirement \u00e0 votre entreprise<\/strong> :<\/p>\n<p style=\"text-align: justify;\"><a href=\"https:\/\/www.legifrance.gouv.fr\/affichCodeArticle.do?idArticle=LEGIARTI000006901810&amp;cidTexte=LEGITEXT000006072050&amp;dateTexte=20080501\"><span style=\"color: #3366ff;\"><strong>Article L. 2262-1 du code du travail<\/strong><\/span><\/a> : \u201c&#8230;l&#8217;application des conventions et accords est obligatoire pour tous les membres des organisations signataires\u201d.<\/p>\n<p style=\"text-align: justify;\"><a href=\"https:\/\/www.legifrance.gouv.fr\/affichCodeArticle.do?idArticle=LEGIARTI000006901811&amp;cidTexte=LEGITEXT000006072050\"><strong><span style=\"color: #3366ff;\">Article L.2262-2<\/span><\/strong><\/a> : \u201cl&#8217;adh\u00e9sion \u00e0 une organisation signataire emporte les cons\u00e9quences de l&#8217;adh\u00e9sion \u00e0 la Convention\u201d. Cour de Cassation 21\/05\/1981 (N\u00b079-41.324) : \u201cl&#8217;affiliation \u00e0 une organisation signataire entra\u00eene l&#8217;assujettissement de l&#8217;entreprise \u00e0 la Convention Collective\u201d.<\/p>\n<p style=\"text-align: justify;\"><strong>Il n&#8217;existe donc que deux cas de figures :<\/strong><\/p>\n<p style=\"text-align: justify;\"><strong>1<sup>er<\/sup> cas de figure : les discoth\u00e8ques adh\u00e9rentes d\u2019un syndicat h\u00f4telier<\/strong><\/p>\n<p style=\"text-align: justify;\">Pour les suicidaires car m\u00eame si elles ne le respectent pas (voir plus bas les cons\u00e9quences), elles doivent obligatoirement \u00e0 leurs salari\u00e9s :<\/p>\n<ul style=\"text-align: justify;\">\n<li>10 jours f\u00e9ri\u00e9s et pay\u00e9s en plus du 01 mai dont 6 obligatoirement pay\u00e9s et ch\u00f4m\u00e9s (non travaill\u00e9s !)<\/li>\n<li>un d\u00e9compte du <strong>travail de nuit \u00e0 partir de 22 h<\/strong>(minuit pour les membres du SNDLL)<\/li>\n<li>une compensation du <strong>travail de nuit par deux jours <\/strong>de repos et des pauses de 20 mn<\/li>\n<li>une garantie du <strong>paiement des salaires en cas de fermeture<\/strong> pour force majeure<\/li>\n<li>un <strong>pr\u00e9avis minimum<\/strong> donn\u00e9 aux employ\u00e9s pour rompre leur contrat<\/li>\n<li>une affiliation \u00e0 un r\u00e9gime de pr\u00e9voyance on\u00e9reux<\/li>\n<li>une <strong>dur\u00e9e du travail limit\u00e9e \u00e0 5 jours par semaine<\/strong>, m\u00eame pour les saisonniers<\/li>\n<li><strong>paiement des repas et avantages en nature, un jour de plus de repos\/an si une tenue vestimentaire est impos\u00e9e aux employ\u00e9s,<\/strong><\/li>\n<\/ul>\n<p style=\"text-align: justify;\">Et de plus, depuis le\u00a001 janvier 2011 cotisation obligatoire \u00e0 une \u00abcompl\u00e9mentaire sant\u00e9\u00bb de 396 \u20ac par salari\u00e9\/an (50 % \u00e0 votre charge), pour chaque salari\u00e9 m\u00eame pour les jeunes, les temps partiels, etc. ! \u00a0M\u00eame si un salari\u00e9 b\u00e9n\u00e9ficie d\u00e9j\u00e0 d&#8217;une mutuelle il DOIT rejoindre celle de l&#8217;h\u00f4tellerie bien plus ch\u00e8re, ou cotiser inutilement aux deux mutuelles ! Il doit cotiser aux h\u00f4teliers m\u00eame si son conjoint couvre d\u00e9j\u00e0 la famille par une autre mutuelle ! Quant aux employ\u00e9s \u00e0 temps partiel ils sont assujettis \u00e0 cette assurance de 32 \u20ac\/mois sauf si leur salaire mensuel est inf\u00e9rieur \u00e0.\u2026160 \u20ac ! BRAVO !!!<\/p>\n<p style=\"text-align: justify;\">N\u2019importe quel employ\u00e9 en conflit un jour ou inspecteur du travail peut vous traduire au tribunal sur ces bases et exiger cinq ann\u00e9es de <strong>rappel salarial<\/strong>.<\/p>\n<p style=\"text-align: justify;\">Vous vous exposez, en cas de non-respect \u00e0 des sanctions civiles : les salari\u00e9s ou leurs repr\u00e9sentants peuvent saisir les Prud&#8217;hommes pour des rappels de salaires (5 ans en arri\u00e8re), de primes, etc.<\/p>\n<p style=\"text-align: justify;\">L&#8217;Inspection du Travail peut actionner des sanctions p\u00e9nales avec amendes.<\/p>\n<p style=\"text-align: justify;\">Vous vous exposez \u00e0 un rappel de cotisations par les organismes sociaux (Urssaf, retraite, pr\u00e9voyance, formation professionnelle\u2026).<\/p>\n<p style=\"text-align: justify;\">Vous faites ce que vous voulez, mais vous voil\u00e0 pr\u00e9venus clairement.<\/p>\n<p style=\"text-align: justify;\"><strong>2e cas de figure : les discoth\u00e8ques membres du SNDLL<\/strong><\/p>\n<p style=\"text-align: justify;\">On leur conseille de changer de code NAF pour prendre le N\u00b0 9329\u00a0Z de pr\u00e9f\u00e9rence (<strong>nous demander un mod\u00e8le de courrier<\/strong>) mais m\u00eame avec un autre code elles\u00a0ne sont soumises \u00e0 aucune de ces obligations des h\u00f4teliers. Le code NAF n&#8217;est pas un pr\u00e9alable.<\/p>\n<p style=\"text-align: justify;\">Les h\u00f4teliers ont essay\u00e9 de faire \u00e9tendre leur Convention Collective \u00e0 toutes les discoth\u00e8ques par le Minist\u00e8re du Travail.<\/p>\n<p style=\"text-align: justify;\">Le 11 janvier 2011, le SNDLL s&#8217;y est oppos\u00e9 et a obtenu gain de cause au Minist\u00e8re et \u00e0 la Commission Mixte Paritaire.<\/p>\n<p style=\"text-align: justify;\">Aussi, il faut adh\u00e9rer au SNDLL, inscrire sur vos bulletins de salaire la CC N\u00b0 3275 du SNDLL, cotiser \u00e0 l\u2019AFDAS (et non au FAFIH) pour l\u2019assurance formation, \u00e0 AUDIENS (et non \u00e0 MORNAY ou autres) pour la Retraite, la pr\u00e9voyance et la sant\u00e9 et faire changer son code NAF de l\u2019INSEE pour le 9329 Z au lieu de 5630 Z.<\/p>\n<p style=\"text-align: justify;\"><strong>Nota :<\/strong> des comptables appliquent \u00e0 tort la Convention Collective de l\u2019h\u00f4tellerie. Exigez d\u2019eux\u00a0de changer ou de vous garantir <strong>par \u00e9crit<\/strong> qu&#8217;ils ont raison\u00a0!&#8230;<\/p>\n<p style=\"text-align: justify;\"><strong>Rappel pratique pour votre service comptable :<\/strong><\/p>\n<p style=\"text-align: justify;\">Vous \u00eates adh\u00e9rents ou vous venez d\u2019adh\u00e9rer au SNDLL : sur vos bulletins de salaires, indiquez la Convention Collective (n\u00b0 3275) des Espaces de Loisirs et surtout pas celle des h\u00f4teliers (n\u00b0 1979).<\/p>\n<p style=\"text-align: justify;\">Faire cotiser l&#8217;entreprise \u00e0 :<\/p>\n<p style=\"text-align: justify;\">Caisse de Retraite et Pr\u00e9voyance compl\u00e9mentaire obligatoire, d&#8217;assurance compl\u00e9mentaire sant\u00e9 et de pr\u00e9voyance : <strong><span style=\"color: #3366ff;\"><a style=\"color: #3366ff;\" href=\"https:\/\/www.audiens.org\/accueil.html\">AUDIENS<\/a><\/span><\/strong><\/p>\n<p style=\"text-align: justify;\">74 Rue Jean Bleuzen 92177 VANVES CEDEX<br \/>\nTe\u0301l. 0811 65 50 50 \u00a0www.audiens.org<\/p>\n<p style=\"text-align: justify;\">Assurance Formation obligatoire <span style=\"color: #3366ff;\"><strong><a style=\"color: #3366ff;\" href=\"https:\/\/www.afdas.com\/\">AFDAS<\/a><\/strong><\/span> caisse des loisirs (et non au FAFIH)<\/p>\n<p style=\"text-align: justify;\">66 Rue Stendhal CS 32016 75990 PARIS CEDEX 20<br \/>\nTe\u0301l. 01 44 78 39 39 www.afdas.com Email : paris@afdas.com<\/p>\n<p style=\"text-align: justify;\"><strong>Permis d\u2019exploiter<\/strong><\/p>\n<p style=\"text-align: justify;\">Formation : le SNDLL a son propre centre de formation : <strong><span style=\"color: #3366ff;\"><a style=\"color: #3366ff;\" href=\"https:\/\/www.asforest.com\/fr\/nos-formations\/formations-obligatoires\/formation-hygiene-chr\/?gclid=EAIaIQobChMI27_2y4qZ5gIVyeFRCh07AQMKEAAYASAAEgIQY_D_BwE\">ASFOREST<\/a><\/span><\/strong><\/p>\n<p style=\"text-align: justify;\">Formation du personnel de s\u00e9curit\u00e9<br \/>\n4 Rue de Gramont 75002 PARIS<br \/>\nT\u00e9l. 01 42 96 09 27\u00a0 www.asforest.com<br \/>\nResponsable : David CAMPAGNE ou Gregory HULIN<br \/>\nAvec des formations en Province \u00e9galement.<\/p>\n<p style=\"text-align: justify;\"><strong>Code APE<\/strong> : v\u00e9rifier que l\u2019INSEE vous a bien attribu\u00e9 le code 9329 Z et non pas le 5630 Z.<\/p>\n<p style=\"text-align: justify;\">Contrairement \u00e0 l\u2019interpr\u00e9tation d\u2019une circulaire du minist\u00e8re de l\u2019Int\u00e9rieur 22 octobre 2010, le code APE 9329 Z ne vous exclu pas du r\u00e9gime des discoth\u00e8ques ayant droit a\u0300 7 h du matin.<\/p>\n<p style=\"text-align: justify;\"><span style=\"color: #3366ff;\"><strong><a style=\"color: #3366ff;\" href=\"http:\/\/www.legifrance.gouv.fr\/affichIDCC.do?idConvention=KALICONT000005635453&amp;fastReqId=1055401472&amp;fastPos=1&amp;oldAction=rechConvColl\">CONVENTION COLLECTIVE<\/a><\/strong><\/span><\/p>\n<p style=\"text-align: justify;\">\n","protected":false},"excerpt":{"rendered":"<p>Une Convention Collective est un accord entre employeurs et salari\u00e9s qui a force de loi et r\u00e9git obligatoirement vos relations avec vos salari\u00e9s. En l\u2019absence actuelle (en novembre 2014) de convention collective unique \u00e9tendue&#8230;<\/p>\n","protected":false},"author":1,"featured_media":1038,"comment_status":"closed","ping_status":"open","sticky":false,"template":"","format":"standard","meta":{"_mi_skip_tracking":false,"_monsterinsights_sitenote_active":false,"_monsterinsights_sitenote_note":"","_monsterinsights_sitenote_category":0},"categories":[9],"tags":[39],"_links":{"self":[{"href":"https:\/\/sndll.info\/index.php?rest_route=\/wp\/v2\/posts\/222"}],"collection":[{"href":"https:\/\/sndll.info\/index.php?rest_route=\/wp\/v2\/posts"}],"about":[{"href":"https:\/\/sndll.info\/index.php?rest_route=\/wp\/v2\/types\/post"}],"author":[{"embeddable":true,"href":"https:\/\/sndll.info\/index.php?rest_route=\/wp\/v2\/users\/1"}],"replies":[{"embeddable":true,"href":"https:\/\/sndll.info\/index.php?rest_route=%2Fwp%2Fv2%2Fcomments&post=222"}],"version-history":[{"count":5,"href":"https:\/\/sndll.info\/index.php?rest_route=\/wp\/v2\/posts\/222\/revisions"}],"predecessor-version":[{"id":2119,"href":"https:\/\/sndll.info\/index.php?rest_route=\/wp\/v2\/posts\/222\/revisions\/2119"}],"wp:featuredmedia":[{"embeddable":true,"href":"https:\/\/sndll.info\/index.php?rest_route=\/wp\/v2\/media\/1038"}],"wp:attachment":[{"href":"https:\/\/sndll.info\/index.php?rest_route=%2Fwp%2Fv2%2Fmedia&parent=222"}],"wp:term":[{"taxonomy":"category","embeddable":true,"href":"https:\/\/sndll.info\/index.php?rest_route=%2Fwp%2Fv2%2Fcategories&post=222"},{"taxonomy":"post_tag","embeddable":true,"href":"https:\/\/sndll.info\/index.php?rest_route=%2Fwp%2Fv2%2Ftags&post=222"}],"curies":[{"name":"wp","href":"https:\/\/api.w.org\/{rel}","templated":true}]}}