{"id":2312,"date":"2019-12-12T14:25:39","date_gmt":"2019-12-12T13:25:39","guid":{"rendered":"http:\/\/pjcrpry.cluster031.hosting.ovh.net\/?p=2312"},"modified":"2020-06-01T13:42:04","modified_gmt":"2020-06-01T11:42:04","slug":"social-nouveautes-2020","status":"publish","type":"post","link":"https:\/\/sndll.info\/?p=2312","title":{"rendered":"SOCIAL \u2013 NOUVEAUT\u00c9S 2020"},"content":{"rendered":"<table style=\"font-weight: 400; height: 1431px;\" width=\"676\">\n<tbody>\n<tr>\n<td colspan=\"2\">\n<h3 style=\"text-align: left;\"><span style=\"color: #3366ff;\"><strong>Au 01 janvier 2020<\/strong><\/span><\/h3>\n<\/td>\n<\/tr>\n<tr>\n<td>\n<p style=\"text-align: justify;\"><strong>Seuils d&#8217;effectif<\/strong> (L. n\u00b0 2019-486, 22 mai 2019)<\/p>\n<\/td>\n<td>\n<p style=\"text-align: justify;\">Nouvelles r\u00e8gles de calcul de l&#8217;effectif et gel du franchissement de seuil sur 5 ans en droit de la s\u00e9curit\u00e9 sociale et pour certaines obligations du droit du travail (attente d&#8217;un d\u00e9cret d&#8217;application).<\/p>\n<\/td>\n<\/tr>\n<tr>\n<td style=\"text-align: justify;\"><strong>Obligation d&#8217;emploi des travailleurs handicap\u00e9s<\/strong> (D. n\u00b0 2019-521, 522 et 523, 27 mai 2019)<\/td>\n<td style=\"text-align: justify;\">Nouvelles modalit\u00e9s de respect de l&#8217;obligation d&#8217;emploi des travailleurs handicap\u00e9s (impactant la d\u00e9claration DOETH \u00e0 compter du 01 mars 2021 \u00e9tablie via la DSN).<\/td>\n<\/tr>\n<tr>\n<td><strong>CPF<\/strong><\/td>\n<td style=\"text-align: justify;\">Obligation pour l&#8217;employeur d&#8217;informer la caisse de d\u00e9p\u00f4t et consignation de l&#8217;abondement conventionnel ou de l&#8217;abondement &#8220;correctif&#8221; (li\u00e9 aux entretiens) octroy\u00e9 \u00e0 ses salari\u00e9s.<\/td>\n<\/tr>\n<tr>\n<td style=\"text-align: justify;\"><strong>Pr\u00e9voyance : reste \u00e0 charge z\u00e9ro<\/strong> (D. n\u00b0 2019-65, 11 janv. 2019)<\/td>\n<td style=\"text-align: justify;\">Obligation de mettre en conformit\u00e9 les contrats frais de sant\u00e9 conclus \u00e0 compter du 01 janvier 2020 avec le dispositif du reste \u00e0 charge z\u00e9ro int\u00e9grant les frais d&#8217;optique et certains frais dentaires.<\/td>\n<\/tr>\n<tr>\n<td style=\"text-align: justify;\"><strong>Urssaf : droit \u00e0 l&#8217;erreur<\/strong> (D. n\u00b0 2019-1050, 11 oct. 2019)<\/td>\n<td style=\"text-align: justify;\">Remise des majorations de retard et des p\u00e9nalit\u00e9s en cas d&#8217;erreur dans les d\u00e9clarations sociales si l&#8217;erreur est corrig\u00e9e et peu \u00e9lev\u00e9e.<br \/>\nSuppression de la majoration de 5 % en cas de redressement sauf si le montant est \u00e9lev\u00e9 et pour certaines infractions graves.<\/td>\n<\/tr>\n<tr>\n<td style=\"text-align: justify;\"><strong>Contr\u00f4le Urssaf<\/strong> (D. n\u00b0 2019-1050, 11 oct. 2019)<\/td>\n<td style=\"text-align: justify;\">D\u00e9lai de r\u00e9ponse aux observations allong\u00e9 jusqu&#8217;\u00e0 60 jours \u00e0 la demande de l&#8217;employeur.<br \/>\nPossibilit\u00e9 pour l&#8217;agent de contr\u00f4le d&#8217;emporter des copies de documents hors de l&#8217;entreprise.<\/td>\n<\/tr>\n<tr>\n<td style=\"text-align: left;\"><strong>Repr\u00e9sentants du personnel<\/strong><\/td>\n<td style=\"text-align: justify;\">Fin des mandats des CE, DP et CHSCT s&#8217;ils sont encore en place.<br \/>\nObligation d&#8217;avoir mis en place le CSE dans les entreprises d&#8217;au moins 11 salari\u00e9s sous peine de d\u00e9lit d&#8217;entrave ou de remise en cause des d\u00e9cisions n\u00e9cessitant une consultation.<\/td>\n<\/tr>\n<tr>\n<td style=\"text-align: justify;\"><strong>Contentieux<\/strong> (L. n\u00b0 2019-222, 23 mars 2019)<\/td>\n<td style=\"text-align: justify;\">Fusion du tribunal de grande instance avec le tribunal d&#8217;instance pour former le tribunal judiciaire.<\/td>\n<\/tr>\n<tr>\n<td style=\"text-align: justify;\"><strong>Apprentissage<\/strong> (L. n\u00b0 2018-771, 5 sept. 2018)<\/td>\n<td style=\"text-align: justify;\">D\u00e9p\u00f4t des contrats \u00e0 l&#8217;OPCO (d\u00e9cret en attente).<\/td>\n<\/tr>\n<\/tbody>\n<\/table>\n","protected":false},"excerpt":{"rendered":"<p>Au 01 janvier 2020 Seuils d&#8217;effectif (L. n\u00b0 2019-486, 22 mai 2019) Nouvelles r\u00e8gles de calcul de l&#8217;effectif et gel du franchissement de seuil sur 5 ans en droit de la s\u00e9curit\u00e9 sociale et&#8230;<\/p>\n","protected":false},"author":1,"featured_media":2326,"comment_status":"closed","ping_status":"open","sticky":false,"template":"","format":"standard","meta":{"_mi_skip_tracking":false,"_monsterinsights_sitenote_active":false,"_monsterinsights_sitenote_note":"","_monsterinsights_sitenote_category":0},"categories":[9],"tags":[],"_links":{"self":[{"href":"https:\/\/sndll.info\/index.php?rest_route=\/wp\/v2\/posts\/2312"}],"collection":[{"href":"https:\/\/sndll.info\/index.php?rest_route=\/wp\/v2\/posts"}],"about":[{"href":"https:\/\/sndll.info\/index.php?rest_route=\/wp\/v2\/types\/post"}],"author":[{"embeddable":true,"href":"https:\/\/sndll.info\/index.php?rest_route=\/wp\/v2\/users\/1"}],"replies":[{"embeddable":true,"href":"https:\/\/sndll.info\/index.php?rest_route=%2Fwp%2Fv2%2Fcomments&post=2312"}],"version-history":[{"count":5,"href":"https:\/\/sndll.info\/index.php?rest_route=\/wp\/v2\/posts\/2312\/revisions"}],"predecessor-version":[{"id":2319,"href":"https:\/\/sndll.info\/index.php?rest_route=\/wp\/v2\/posts\/2312\/revisions\/2319"}],"wp:featuredmedia":[{"embeddable":true,"href":"https:\/\/sndll.info\/index.php?rest_route=\/wp\/v2\/media\/2326"}],"wp:attachment":[{"href":"https:\/\/sndll.info\/index.php?rest_route=%2Fwp%2Fv2%2Fmedia&parent=2312"}],"wp:term":[{"taxonomy":"category","embeddable":true,"href":"https:\/\/sndll.info\/index.php?rest_route=%2Fwp%2Fv2%2Fcategories&post=2312"},{"taxonomy":"post_tag","embeddable":true,"href":"https:\/\/sndll.info\/index.php?rest_route=%2Fwp%2Fv2%2Ftags&post=2312"}],"curies":[{"name":"wp","href":"https:\/\/api.w.org\/{rel}","templated":true}]}}