{"id":2382,"date":"2020-03-10T14:46:33","date_gmt":"2020-03-10T13:46:33","guid":{"rendered":"http:\/\/pjcrpry.cluster031.hosting.ovh.net\/?p=2382"},"modified":"2020-06-01T13:41:46","modified_gmt":"2020-06-01T11:41:46","slug":"coronavirus-point-complet-du-sndll-au-10-mars-2020","status":"publish","type":"post","link":"https:\/\/sndll.info\/?p=2382","title":{"rendered":"CORONAVIRUS \u2013 POINT COMPLET DU SNDLL AU 10 MARS 2020"},"content":{"rendered":"<div style=\"text-align: justify;\">Depuis nos informations du 6 mars relatives au CORONAVIRUS, la situation a \u00e9volu\u00e9 et notre pays va passer en phase 3 comme nous vous l&#8217;annoncions.<\/div>\n<div><\/div>\n<div style=\"text-align: justify;\">De plus,<strong> les\u00a0rassemblements de plus\u00a0de 1 000 personnes<\/strong> sont d\u00e9sormais interdits.<\/div>\n<div style=\"text-align: justify;\">Pour les \u00e9tablissements concern\u00e9s et qui ont une jauge sup\u00e9rieure, il suffit de limiter le nombre de clients pour \u00eatre dans les normes. Aucune formalit\u00e9 d\u00e9clarative \u00e0 accomplir \u00e0 ce jour.<\/div>\n<div><\/div>\n<div style=\"text-align: justify;\">La situation des seuls \u00e9tablissements de nuit est ins\u00e9parable de celle de tout le secteur H\u00f4tellerie-Restauration-<wbr \/>Loisirs et Spectacles.<\/div>\n<div style=\"text-align: justify;\">Aussi le SNDLL a-t-il choisi l&#8217;action commune qui doit rassembler dans ce genre de crise majeure.<\/div>\n<div><\/div>\n<div style=\"text-align: justify;\">Nous avons confi\u00e9 au <strong>GNI<\/strong> qui comprend notre partenaire le <strong>SYNHORCAT<\/strong> le soin de repr\u00e9senter les int\u00e9r\u00eats collectifs de la profession y compris les discoth\u00e8ques et \u00e9tablissements de nuit que le SNDLL repr\u00e9sente.<\/div>\n<div style=\"text-align: justify;\"><\/div>\n<div style=\"text-align: justify;\"><b>Le Pr\u00e9sident du GNI-SYNHORCAT, Didier CHENET, s&#8217;exprime donc en notre nom car l&#8217;union fait la force. Ses positions sont celles du SNDLL.<\/b><\/div>\n<div style=\"text-align: justify;\"><\/div>\n<div style=\"text-align: justify;\">Le Ministre de l&#8217;Economie rassemblait ce 3 mars les grandes fili\u00e8res \u00e9conomiques et s&#8217;est dit pr\u00eat \u00e0 &#8220;d\u00e9bloquer ce qu&#8217;il faudra&#8221; pour venir en aide aux entreprises.<\/div>\n<div style=\"text-align: justify;\"><\/div>\n<div style=\"text-align: justify;\">Dans nos informations nous vous avons expos\u00e9\u00a0<b>nos demandes\u00a0<\/b>:<\/div>\n<div style=\"text-align: justify;\"><\/div>\n<ul style=\"text-align: justify;\">\n<li style=\"text-align: justify;\">moratoire sur les dettes sociales et fiscales<\/li>\n<li style=\"text-align: justify;\">moratoire sur le remboursement des emprunts bancaires<\/li>\n<li style=\"text-align: justify;\">suspension imm\u00e9diate de la taxe de 10 \u20ac sur les CDDU<\/li>\n<li style=\"text-align: justify;\">maintien exceptionnel des droits \u00e0 assurance ch\u00f4mage des saisonniers \u00e0 la suite d&#8217;un contrat inf\u00e9rieur \u00e0 6 mois<\/li>\n<li style=\"text-align: justify;\">mise en place d&#8217;un fonds d&#8217;indemnisation et de solidarit\u00e9.<\/li>\n<\/ul>\n<div style=\"text-align: justify;\"><\/div>\n<div style=\"text-align: justify;\">\n<hr \/>\n<p><b>Pour nous permettre de faire un point plus pr\u00e9cis sur la situation et en collaboration avec le GNI, voici <\/b><strong><span style=\"color: #3366ff;\"><a style=\"color: #3366ff;\" href=\"https:\/\/docs.google.com\/forms\/d\/e\/1FAIpQLSey5qnsTqzx4ruhPz1pxsdPxfGZWpayPdlBYD1y1-NppWFIkQ\/viewform\">UN QUESTIONNAIRE<\/a><\/span><\/strong><b> \u00e0 renvoyer au plus vite.<\/b><\/p>\n<hr \/>\n<p><b><\/b><\/div>\n<div style=\"text-align: justify;\"><\/div>\n<div style=\"text-align: justify;\">Il est bien \u00e9vident que c&#8217;est au niveau national que les consignes seront donn\u00e9es aux services de l&#8217;Etat et ce n&#8217;est qu&#8217;alors que vous pourrez saisir les divers organismes officiels de demandes de report ou d\u2019all\u00e8gements.<\/div>\n<div style=\"text-align: justify;\"><b>Avant cela est inutile.<\/b><\/div>\n<div><\/div>\n<div style=\"text-align: justify;\">\n<hr \/>\n<p><strong>Ci-dessous,\u00a0 les informations officielles du Minist\u00e8re qui peuvent vous aider \u00e0 prendre des d\u00e9cisions :<\/strong><\/div>\n<div style=\"text-align: justify;\"><\/div>\n<div style=\"text-align: justify;\"><a href=\"https:\/\/sndll.info\/wp-content\/uploads\/2020\/03\/coronavirus_entreprises_et_salaries_q-r.pdf\"><b><span style=\"color: #3366ff;\">Questions\/r\u00e9ponses pour les entreprises et les salari\u00e9s<\/span><\/b><\/a><\/div>\n<div style=\"text-align: justify;\"><\/div>\n<div style=\"text-align: justify;\"><a href=\"https:\/\/sndll.info\/wp-content\/uploads\/2020\/03\/200305_fiche_covid19_1_.pdf\"><strong><span style=\"color: #3366ff;\">Accompagnement des entreprises impact\u00e9es par le Coronavirus<\/span><\/strong><\/a><\/p>\n<hr \/>\n<\/div>\n<div><\/div>\n<div style=\"text-align: justify;\">Nous sommes mobilis\u00e9s et \u00e0 votre service.<\/div>\n<div><\/div>\n<div style=\"text-align: justify;\">Le Pr\u00e9sident National du SNDLL<\/div>\n<div style=\"text-align: justify;\">Patrick MALVA\u00cbS<\/div>\n","protected":false},"excerpt":{"rendered":"<p>Depuis nos informations du 6 mars relatives au CORONAVIRUS, la situation a \u00e9volu\u00e9 et notre pays va passer en phase 3 comme nous vous l&#8217;annoncions. De plus, les\u00a0rassemblements de plus\u00a0de 1 000 personnes sont&#8230;<\/p>\n","protected":false},"author":1,"featured_media":0,"comment_status":"closed","ping_status":"open","sticky":false,"template":"","format":"standard","meta":{"_mi_skip_tracking":false,"_monsterinsights_sitenote_active":false,"_monsterinsights_sitenote_note":"","_monsterinsights_sitenote_category":0},"categories":[97],"tags":[],"_links":{"self":[{"href":"https:\/\/sndll.info\/index.php?rest_route=\/wp\/v2\/posts\/2382"}],"collection":[{"href":"https:\/\/sndll.info\/index.php?rest_route=\/wp\/v2\/posts"}],"about":[{"href":"https:\/\/sndll.info\/index.php?rest_route=\/wp\/v2\/types\/post"}],"author":[{"embeddable":true,"href":"https:\/\/sndll.info\/index.php?rest_route=\/wp\/v2\/users\/1"}],"replies":[{"embeddable":true,"href":"https:\/\/sndll.info\/index.php?rest_route=%2Fwp%2Fv2%2Fcomments&post=2382"}],"version-history":[{"count":17,"href":"https:\/\/sndll.info\/index.php?rest_route=\/wp\/v2\/posts\/2382\/revisions"}],"predecessor-version":[{"id":2401,"href":"https:\/\/sndll.info\/index.php?rest_route=\/wp\/v2\/posts\/2382\/revisions\/2401"}],"wp:attachment":[{"href":"https:\/\/sndll.info\/index.php?rest_route=%2Fwp%2Fv2%2Fmedia&parent=2382"}],"wp:term":[{"taxonomy":"category","embeddable":true,"href":"https:\/\/sndll.info\/index.php?rest_route=%2Fwp%2Fv2%2Fcategories&post=2382"},{"taxonomy":"post_tag","embeddable":true,"href":"https:\/\/sndll.info\/index.php?rest_route=%2Fwp%2Fv2%2Ftags&post=2382"}],"curies":[{"name":"wp","href":"https:\/\/api.w.org\/{rel}","templated":true}]}}