{"id":2402,"date":"2020-03-12T09:04:15","date_gmt":"2020-03-12T08:04:15","guid":{"rendered":"http:\/\/pjcrpry.cluster031.hosting.ovh.net\/?p=2402"},"modified":"2020-06-01T13:41:36","modified_gmt":"2020-06-01T11:41:36","slug":"coronavirus-urssaf-mesures-damenagement","status":"publish","type":"post","link":"https:\/\/sndll.info\/?p=2402","title":{"rendered":"CORONAVIRUS \u2013 URSSAF \u2013 MESURES D\u2019AM\u00c9NAGEMENT"},"content":{"rendered":"<p style=\"background: white; text-align: justify;\"><span style=\"font-family: 'Arial',sans-serif;\">Comme nous vous le disions, les d\u00e9cisions d&#8217;aides aux entreprises sont nationales et ne r\u00e9sultent pas de d\u00e9marches individuelles !<\/span><\/p>\n<p style=\"background: white; text-align: justify;\"><span style=\"font-family: 'Arial',sans-serif;\">Nous vous avions indiqu\u00e9 vous informer au fur et \u00e0 mesure.<\/span><\/p>\n<p style=\"background: white; text-align: justify;\"><strong><span style=\"font-family: Arial, sans-serif; color: #3366ff;\">Voici ce qui concerne l&#8217;URSSAF :<\/span><\/strong><\/p>\n<p style=\"background: white; text-align: justify;\"><span style=\"font-family: 'Arial',sans-serif;\">Dans le cadre de l\u2019accompagnement des entreprises impact\u00e9es par le coronavirus, le Ministre de l\u2019Economie Bruno Lemaire a annonc\u00e9 l\u2019octroi de d\u00e9lais (\u00e9chelonnement de paiements) et la possibilit\u00e9 de report d\u2019\u00e9ch\u00e9ance, sans aucune majoration, ni p\u00e9nalit\u00e9 de retard pour les entreprises dont l\u2019activit\u00e9 est affect\u00e9e.<\/span><\/p>\n<p style=\"background: white; text-align: justify;\"><span style=\"font-family: 'Arial',sans-serif;\">Cette proc\u00e9dure s\u2019applique sur les charges patronales uniquement, les charges salariales restant dues \u00e0 \u00e9ch\u00e9ance normale, <span style=\"color: #ff0000;\"><strong>soit le 15 mars 2020<\/strong><\/span>.<\/span><\/p>\n<p style=\"background: white; text-align: justify;\"><span style=\"font-family: 'Arial',sans-serif;\">Dans tous les cas, l\u2019entreprise doit produire \u00e0 bonne date sa d\u00e9claration sociale nominative (DSN).<\/span><\/p>\n<p style=\"background: white; text-align: justify;\"><span style=\"font-family: 'Arial',sans-serif;\">L\u2019URSSAF a communiqu\u00e9 ce jour l\u2019information que nous vous relayons ci-dessous\u00a0:<\/span><\/p>\n<ul style=\"text-align: justify;\">\n<li style=\"background: white;\"><strong><span style=\"font-family: 'Arial',sans-serif;\">Vous \u00eates employeur\u00a0?<\/span><\/strong><\/li>\n<\/ul>\n<p style=\"text-align: justify;\"><span style=\"font-family: 'Arial',sans-serif;\">Connectez-vous \u00e0 votre espace en ligne sur\u00a0<strong><span style=\"color: #3366ff;\"><a style=\"color: #3366ff;\" href=\"https:\/\/www.urssaf.fr\/portail\/home.html\">urssaf.fr<\/a><\/span><\/strong> et adressez un message via les rubriques \u00ab Une formalit\u00e9 d\u00e9clarative \u00bb et \u00ab D\u00e9clarer une situation exceptionnelle \u00bb.<\/span><\/p>\n<p style=\"text-align: justify;\"><span style=\"font-family: 'Arial',sans-serif;\">Il est \u00e9galement possible de joindre votre Urssaf par t\u00e9l\u00e9phone au 3957 (0,12\u20ac \/ min + prix appel).<\/span><\/p>\n<ul style=\"text-align: justify;\">\n<li><span style=\"font-family: 'Arial',sans-serif;\"><strong>Vous \u00eates travailleurs ind\u00e9pendants artisan commer\u00e7ant ?<\/strong><\/span><\/li>\n<\/ul>\n<p style=\"background: white; text-align: justify;\"><span style=\"font-family: 'Arial',sans-serif;\">Contactez votre Urssaf\u00a0par courriel\u00a0sur\u00a0<strong><span style=\"color: #3366ff;\"><a style=\"color: #3366ff;\" href=\"http:\/\/secu-independants.fr\/Contact\" target=\"_blank\" rel=\"noopener noreferrer\" data-saferedirecturl=\"https:\/\/www.google.com\/url?q=http:\/\/secu-independants.fr\/Contact&amp;source=gmail&amp;ust=1584084707270000&amp;usg=AFQjCNGDDJ-h8eBTASF81UVs4Bq9qPWWHw\">secu-independants.fr\/<wbr \/>Contact<\/a><\/span><\/strong>, objet \u00ab\u00a0Vos cotisations\u00a0\u00bb, motif \u00ab\u00a0Difficult\u00e9s de paiement\u00a0\u00bb.<\/span><\/p>\n<p style=\"background: white; text-align: justify;\"><span style=\"font-family: 'Arial',sans-serif;\">Par t\u00e9l\u00e9phone\u00a0: au 3698 (service gratuit + prix d\u2019un appel).<\/span><\/p>\n<p style=\"background: white; font-variant-ligatures: normal; font-variant-caps: normal; orphans: 2; widows: 2; -webkit-text-stroke-width: 0px; text-decoration-style: initial; text-decoration-color: initial; word-spacing: 0px; text-align: justify;\"><span style=\"font-family: 'Arial',sans-serif;\"><a href=\"http:\/\/poiy.mj.am\/lnk\/AL8AAGiw_xkAAcocVVwAAAAAMpEAAYCqC34AAAAzAAN04ABeaRFffaoix2bhRV6qfGmDpIi1YAADT3E\/4\/ZFKhY1iVX34RWhLdwJ5U2w\/aHR0cHM6Ly93d3cudXJzc2FmLmZyL3BvcnRhaWwvaG9tZS9hY3R1YWxpdGVzL2F1dHJlcy1hY3R1YWxpdGVzL2VwaWRlbWllLWRlLWNvcm9uYXZpcnVzLmh0bWw\" target=\"_blank\" rel=\"noopener noreferrer\" data-saferedirecturl=\"https:\/\/www.google.com\/url?q=http:\/\/poiy.mj.am\/lnk\/AL8AAGiw_xkAAcocVVwAAAAAMpEAAYCqC34AAAAzAAN04ABeaRFffaoix2bhRV6qfGmDpIi1YAADT3E\/4\/ZFKhY1iVX34RWhLdwJ5U2w\/aHR0cHM6Ly93d3cudXJzc2FmLmZyL3BvcnRhaWwvaG9tZS9hY3R1YWxpdGVzL2F1dHJlcy1hY3R1YWxpdGVzL2VwaWRlbWllLWRlLWNvcm9uYXZpcnVzLmh0bWw&amp;source=gmail&amp;ust=1584084707270000&amp;usg=AFQjCNGUa6uioV4SLL8BVNKFt_FwACtSkg\"><span style=\"color: windowtext;\"><strong><span style=\"color: #3366ff;\">https:\/\/www.urssaf.fr\/portail\/<wbr \/>home\/actualites\/autres-<wbr \/>actualites\/epidemie-de-<wbr \/>coronavirus.html<\/span><\/strong><\/span><\/a><\/span><\/p>\n<p style=\"background: white; font-variant-ligatures: normal; font-variant-caps: normal; orphans: 2; widows: 2; -webkit-text-stroke-width: 0px; text-decoration-style: initial; text-decoration-color: initial; word-spacing: 0px; text-align: justify;\"><span style=\"font-family: 'Arial',sans-serif;\">Quelle que soit votre situation, si vous externalisez votre paie, votre Expert-Comptable doit \u00eatre en mesure de proc\u00e9der \u00e0 cette op\u00e9ration, n\u2019h\u00e9sitez pas \u00e0 le solliciter.<\/span><\/p>\n","protected":false},"excerpt":{"rendered":"<p>Comme nous vous le disions, les d\u00e9cisions d&#8217;aides aux entreprises sont nationales et ne r\u00e9sultent pas de d\u00e9marches individuelles ! Nous vous avions indiqu\u00e9 vous informer au fur et \u00e0 mesure. Voici ce qui&#8230;<\/p>\n","protected":false},"author":1,"featured_media":0,"comment_status":"closed","ping_status":"open","sticky":false,"template":"","format":"standard","meta":{"_mi_skip_tracking":false,"_monsterinsights_sitenote_active":false,"_monsterinsights_sitenote_note":"","_monsterinsights_sitenote_category":0},"categories":[97,9],"tags":[],"_links":{"self":[{"href":"https:\/\/sndll.info\/index.php?rest_route=\/wp\/v2\/posts\/2402"}],"collection":[{"href":"https:\/\/sndll.info\/index.php?rest_route=\/wp\/v2\/posts"}],"about":[{"href":"https:\/\/sndll.info\/index.php?rest_route=\/wp\/v2\/types\/post"}],"author":[{"embeddable":true,"href":"https:\/\/sndll.info\/index.php?rest_route=\/wp\/v2\/users\/1"}],"replies":[{"embeddable":true,"href":"https:\/\/sndll.info\/index.php?rest_route=%2Fwp%2Fv2%2Fcomments&post=2402"}],"version-history":[{"count":2,"href":"https:\/\/sndll.info\/index.php?rest_route=\/wp\/v2\/posts\/2402\/revisions"}],"predecessor-version":[{"id":2404,"href":"https:\/\/sndll.info\/index.php?rest_route=\/wp\/v2\/posts\/2402\/revisions\/2404"}],"wp:attachment":[{"href":"https:\/\/sndll.info\/index.php?rest_route=%2Fwp%2Fv2%2Fmedia&parent=2402"}],"wp:term":[{"taxonomy":"category","embeddable":true,"href":"https:\/\/sndll.info\/index.php?rest_route=%2Fwp%2Fv2%2Fcategories&post=2402"},{"taxonomy":"post_tag","embeddable":true,"href":"https:\/\/sndll.info\/index.php?rest_route=%2Fwp%2Fv2%2Ftags&post=2402"}],"curies":[{"name":"wp","href":"https:\/\/api.w.org\/{rel}","templated":true}]}}