{"id":2421,"date":"2020-03-13T15:27:48","date_gmt":"2020-03-13T14:27:48","guid":{"rendered":"http:\/\/pjcrpry.cluster031.hosting.ovh.net\/?p=2421"},"modified":"2020-06-01T13:40:59","modified_gmt":"2020-06-01T11:40:59","slug":"coronavirus-quelles-mesures-prendre-pour-les-salaries-affectes-a-un-poste-de-travail-en-contact-avec-le-public","status":"publish","type":"post","link":"https:\/\/sndll.info\/?p=2421","title":{"rendered":"CORONAVIRUS &#8211; Quelles mesures prendre pour les salari\u00e9s affect\u00e9s \u00e0 un poste de travail en contact avec le public ?"},"content":{"rendered":"\n<p>Le code du travail\npr\u00e9voit que l\u2019employeur doit prendre les mesures n\u00e9cessaires \u00ab&nbsp;pour\nassurer la s\u00e9curit\u00e9 et prot\u00e9ger la sant\u00e9 physique et morale des\ntravailleurs&nbsp;\u00bb&nbsp;\u00bb (article L. 4121-1 du code du travail). A ce titre,\nl\u2019employeur peut \u00eatre fond\u00e9 \u00e0 prendre des dispositions contraignantes pour\nassurer la protection de la sant\u00e9 du personnel apr\u00e8s \u00e9valuation du risque de\ncontagion dans l\u2019entreprise.<\/p>\n\n\n\n<p>Il est rappel\u00e9 que la\ntransmission du virus se fait par un \u00ab&nbsp;contact \u00e9troit&nbsp;\u00bb avec une\npersonne d\u00e9j\u00e0 contamin\u00e9e, par l\u2019inhalation de gouttelettes infectieuses \u00e9mises\nlors d\u2019\u00e9ternuements ou de toux par la personne contamin\u00e9e.<\/p>\n\n\n\n<p>Il y a lieu d\u00e8s lors de distinguer deux situations\u00a0:<br>lorsque les contacts sont brefs, les mesures \u00ab\u00a0barri\u00e8res\u00a0\u00bb, disponibles et actualis\u00e9es sur le site\u00a0<a rel=\"noreferrer noopener\" href=\"https:\/\/www.gouvernement.fr\/info-coronavirus\" target=\"_blank\">https:\/\/www.gouvernement.fr\/info-coronavirus<\/a>, notamment celles ayant trait au lavage tr\u00e8s r\u00e9gulier des mains, permettent de pr\u00e9server la sant\u00e9 des salari\u00e9s et celle de leur entourage.<\/p>\n\n\n\n<p>Dans ces conditions,\nd\u00e8s lors que sont mises en \u0153uvre, tant par l\u2019employeur que par les salari\u00e9s,\nles recommandations du gouvernement la seule circonstance que le salari\u00e9 soit\naffect\u00e9 \u00e0 l\u2019accueil du public et pour des contacts brefs ne suffit pas, sous\nr\u00e9serve de l\u2019appr\u00e9ciation souveraine des tribunaux, \u00e0 consid\u00e9rer qu\u2019il justifie\nd\u2019un motif raisonnable pour exercer son droit de retrait.<\/p>\n\n\n\n<p>lorsque les contacts sont prolong\u00e9s et proches, il y a lieu de compl\u00e9ter les mesures \u00ab\u00a0barri\u00e8res\u00a0\u00bb par exemple par l\u2019installation d\u2019une zone de courtoisie d\u2019un m\u00e8tre, par le nettoyage des surfaces avec un produit appropri\u00e9, ainsi que par le lavage des mains.<\/p>\n\n\n\n<p>Dans ces conditions,\nd\u00e8s lors que sont mises en \u0153uvre, tant par l\u2019employeur que par les salari\u00e9s,\nles recommandations du gouvernement \u2013 disponibles et actualis\u00e9es sur la page\nsuivante&nbsp;:&nbsp;<a href=\"https:\/\/www.gouvernement.fr\/info-coronavirus\" target=\"_blank\" rel=\"noreferrer noopener\">https:\/\/www.gouvernement.fr\/info-coronavirus<\/a>&nbsp;&#8211;\nla seule circonstance que le salari\u00e9 soit affect\u00e9 \u00e0 l\u2019accueil du public et pour\ndes contacts prolong\u00e9s et proches ne suffit pas, sous r\u00e9serve de l\u2019appr\u00e9ciation\nsouveraine des tribunaux, \u00e0 consid\u00e9rer qu\u2019il justifie d\u2019un motif raisonnable\npour exercer son droit de retrait.<\/p>\n\n\n\n<p>En outre, le salari\u00e9 doit mettre en \u0153uvre les recommandations formul\u00e9es dans le cadre de l\u2019article L. 4122-1 du code du travail qui dispose que \u00ab\u00a0conform\u00e9ment aux instructions qui lui sont donn\u00e9e par l\u2019employeur, il incombe \u00e0 chaque travailleur de prendre soin, en fonction de sa formation et selon ses possibilit\u00e9s, de sa sant\u00e9 et de sa s\u00e9curit\u00e9 ainsi que de celles des autres personnes concern\u00e9es par ses actes ou ses omissions au travail.\u00a0\u00bb<\/p>\n\n\n\n<p><strong>Quelles mesures prendre si un de mes salari\u00e9s est contamin\u00e9&nbsp;?<\/strong><\/p>\n\n\n\n<p>Il est rappel\u00e9 que la transmission du virus se fait par un \u00ab\u00a0contact \u00e9troit\u00a0\u00bb avec une personne d\u00e9j\u00e0 contamin\u00e9e, notamment par l\u2019\u00e9mission de gouttelettes infectieuses lors d\u2019\u00e9ternuements ou de toux qui p\u00e9n\u00e8trent dans les voies respiratoires.<\/p>\n\n\n\n<p>Le code du travail\npr\u00e9voit que l\u2019employeur doit prendre les mesures n\u00e9cessaires \u00ab&nbsp;pour\nassurer la s\u00e9curit\u00e9 et prot\u00e9ger la sant\u00e9 physique et morale des\ntravailleurs&nbsp;\u00bb (article L. 4121-1 du code du travail). A ce titre,\nl\u2019employeur peut \u00eatre fond\u00e9 \u00e0 prendre des dispositions contraignantes pour\nassurer la protection de la sant\u00e9 du personnel apr\u00e8s \u00e9valuation du risque de\ncontagion dans l\u2019entreprise.<\/p>\n\n\n\n<p>D\u00e8s lors, en cas de contamination, les mesures suivantes devront \u00eatre prises, le coronavirus pouvant probablement survivre 3 heures sur des surfaces s\u00e8ches\u00a0:<br>\u00e9quipement des personnes en charge du nettoyage des sols et surfaces avec port d\u2019une blouse \u00e0 usage unique, de gants de m\u00e9nage (le port de masque de protection respiratoire n\u2019est pas n\u00e9cessaire du fait de l\u2019absence d\u2019a\u00e9rosolisation par les sols et surfaces)\u00a0;<br>entretien des sols\u00a0: privil\u00e9gier une strat\u00e9gie de lavage-d\u00e9sinfection humide de sorte que\u00a0:<\/p>\n\n\n\n<ul><li>les sols et surfaces soient nettoy\u00e9s avec un bandeau de lavage \u00e0 usage unique impr\u00e9gn\u00e9 d\u2019un produit d\u00e9tergent\u00a0;<\/li><li>les sols et surfaces soient en suite rinc\u00e9s \u00e0 l\u2019eau du r\u00e9seau d\u2019eau potable avec un autre bandeau de lavage \u00e0 usage unique\u00a0;<\/li><li>un temps de s\u00e9chage suffisant de ces sols et surfaces soit laiss\u00e9\u00a0;<\/li><li>les sols et surfaces doivent \u00eatre d\u00e9sinfect\u00e9s avec de l\u2019eau de javel dilu\u00e9e avec un bandeau de lavage \u00e0 usage unique diff\u00e9rent des deux pr\u00e9c\u00e9dents. <\/li><li>les d\u00e9chets produits par la personne contamin\u00e9e suivent la fili\u00e8re d\u2019\u00e9limination classique.<\/li><\/ul>\n\n\n\n<p>Dans ces conditions,\nd\u00e8s lors que ces mesures sont mises en \u0153uvre par l\u2019employeur &#8211; elles sont\ndisponibles et actualis\u00e9es sur la page suivante&nbsp;:&nbsp;<a href=\"https:\/\/www.gouvernement.fr\/info-coronavirus\" target=\"_blank\" rel=\"noreferrer noopener\">https:\/\/www.gouvernement.fr\/info-coronavirus<\/a>&nbsp;&#8211;\nla seule circonstance qu\u2019un salari\u00e9 a \u00e9t\u00e9 contamin\u00e9 ne suffit pas, sous r\u00e9serve\nde l\u2019appr\u00e9ciation souveraine des tribunaux, \u00e0 consid\u00e9rer qu\u2019il justifie d\u2019un\nmotif raisonnable pour exercer son droit de retrait.<\/p>\n\n\n\n<p>\u00a0<strong>.<\/strong>\u00a0<strong>Puis-je envoyer des salari\u00e9s dans une zone \u00e0 risque\u00a0?<\/strong><\/p>\n\n\n\n<p>Il est rappel\u00e9 que l\u2019employeur est responsable de la sant\u00e9 et s\u00e9curit\u00e9 des salari\u00e9s de son entreprise conform\u00e9ment aux dispositions de l\u2019article L.4121-1 du code du travail.<\/p>\n\n\n\n<p>Dans un contexte\n\u00e9volutif et \u00e0 titre de pr\u00e9caution, le minist\u00e8re de l\u2019Europe et des Affaires\n\u00e9trang\u00e8res conseille d\u00e9sormais de reporter les d\u00e9placements non indispensables\n\u00e0 l\u2019\u00e9tranger, en particulier hors de l\u2019Union europ\u00e9enne pour limiter la\npropagation du virus.<\/p>\n\n\n\n<p>Cette consigne\ns\u2019applique tout particuli\u00e8rement aux voyages dans les zones d\u2019exposition \u00e0\nrisque sauf raison absolument imp\u00e9rative. Ces zones sont susceptibles d\u2019\u00e9voluer\net sont r\u00e9guli\u00e8rement mises \u00e0 jour sur le site&nbsp;<a href=\"https:\/\/www.gouvernement.fr\/info-coronavirus\" target=\"_blank\" rel=\"noreferrer noopener\">https:\/\/www.gouvernement.fr\/info-coronavirus<\/a>.<\/p>\n\n\n\n<p>S\u2019agissant des zones\nde circulation active du virus, il est conseill\u00e9 d\u2019y limiter les d\u00e9placements\naux seuls qui seraient indispensables.<\/p>\n\n\n\n<p>En cas de d\u00e9placement\nimp\u00e9ratif il convient de se r\u00e9f\u00e9rer aux consignes du site&nbsp;<a href=\"https:\/\/www.gouvernement.fr\/info-coronavirus\" target=\"_blank\" rel=\"noreferrer noopener\">https:\/\/www.gouvernement.fr\/info-coronavirus<\/a>&nbsp;et\nde s\u2019assurer avec le salari\u00e9 de leur mise en \u0153uvre effective. Il incombe \u00e0\ncelui-ci de de prendre soin, en fonction de sa formation et selon ses\npossibilit\u00e9s, de sa sant\u00e9 et de sa s\u00e9curit\u00e9 ainsi que de celles des autres\npersonnes concern\u00e9es par ses actes ou ses omissions au travail (en application\nde l\u2019article L. 4122-1 du code du travail). A ce titre, il doit aussi se\nconformer aux instructions qui sont donn\u00e9es par son employeur en la mati\u00e8re.<\/p>\n\n\n\n<p><strong>. Quelles mesures prendre si un ou plusieurs salari\u00e9s de mon entreprise pr\u00e9sentent un risque s\u00e9rieux d\u2019\u00eatre contamin\u00e9s\u00a0?<\/strong><\/p>\n\n\n\n<p>En ma qualit\u00e9 d\u2019employeur, je dois mettre en place et communiquer les mesures suivantes pendant les 14 jours suivant le risque identifi\u00e9\u00a0:               je r\u00e9organise le ou les postes de travail concern\u00e9(s) apr\u00e8s analyse des risques en privil\u00e9giant le t\u00e9l\u00e9travail\u00a0;<br>si le t\u00e9l\u00e9travail n\u2019est pas possible, je fais en sorte que mon ou mes salari\u00e9(s) \u00e9vite(nt)\u00a0:<\/p>\n\n\n\n<ul><li>les lieux o\u00f9 se trouvent des personnes fragiles\u00a0;<\/li><li>toute sortie ou r\u00e9union non indispensable (conf\u00e9rences, meetings, etc.)\u00a0;<\/li><li>les contacts proches (cantine, ascenseurs, etc.). <\/li><\/ul>\n\n\n\n<p>Si le poste de travail le permet, le t\u00e9l\u00e9travail est la solution \u00e0 privil\u00e9gier. Cette modalit\u00e9 d\u2019organisation du travail requiert habituellement l\u2019accord du salari\u00e9 et de l\u2019employeur, ce qui est la solution pr\u00e9f\u00e9rable.<br>Toutefois, l\u2019article L. 1222-11 du code du travail mentionne le risque \u00e9pid\u00e9mique comme pouvant justifier le recours au t\u00e9l\u00e9travail sans l\u2019accord du salari\u00e9.<\/p>\n\n\n\n<p>Je dois \u00e9galement consulter le comit\u00e9 social et \u00e9conomique\n(CSE) en cas de modification importante de l\u2019organisation du travail (article\nL. 2312-8 du code du travail). Le recours \u00e0 la visioconf\u00e9rence est encourag\u00e9 si\nn\u00e9cessaire pour \u00e9viter les contacts physiques et si l\u2019urgence l\u2019exige, je peux\nprendre des mesures conservatoires avant d\u2019avoir proc\u00e9d\u00e9 \u00e0 la consultation de\nmon CSE.<\/p>\n\n\n\n<p><strong>.<\/strong>\u00a0<strong>Puis-je imposer la prise de cong\u00e9s ou de jours de r\u00e9duction du temps de travail (JRTT) au salari\u00e9 concern\u00e9 pendant la p\u00e9riode de vigilance de 14 jours\u00a0?<\/strong><\/p>\n\n\n\n<p>L\u2019employeur peut\nd\u00e9placer des cong\u00e9s d\u00e9j\u00e0 pos\u00e9s par le salari\u00e9 sur une autre p\u00e9riode \u00e0 venir\npour couvrir la p\u00e9riode de 14 jours, compte tenu des circonstances\nexceptionnelles en application de l\u2019article L. 3141-16 du code du travail. Par\ncontre, si le salari\u00e9 n\u2019a pas pos\u00e9 de cong\u00e9s, l\u2019employeur ne peut les imposer.<\/p>\n\n\n\n<p>Les JRTT ne peuvent\n\u00eatre mis en place dans une entreprise que si un accord d\u2019entreprise ou, \u00e0\nd\u00e9faut, un accord de branche le pr\u00e9voit. Cet accord peut fixer des JRTT \u00e0 la\nlibre disposition de l\u2019employeur, le d\u00e9lai de pr\u00e9venance et les modalit\u00e9s de\nmodification du calendrier de prise. Les JRTT \u00e0 la libre disposition de\nl\u2019employeur peuvent \u00eatre positionn\u00e9s librement par celui-ci au cours de la\np\u00e9riode de r\u00e9f\u00e9rence. Si l\u2019employeur souhaite modifier leur positionnement en\ncours de p\u00e9riode, il doit le faire en respectant le d\u00e9lai pr\u00e9vu par l\u2019accord\ncollectif.<\/p>\n\n\n\n<p><strong>.<\/strong>\u00a0<strong>Puis-je restreindre l\u2019acc\u00e8s du lieu de travail au salari\u00e9 concern\u00e9\u00a0?<\/strong><\/p>\n\n\n\n<p>Si l\u2019employeur ne peut\nadapter le poste du salari\u00e9 en vue de limiter les contacts et si le t\u00e9l\u00e9travail\nn\u2019est pas compatible avec l\u2019activit\u00e9, il peut demander au salari\u00e9 de rester \u00e0\nson domicile.<\/p>\n\n\n\n<p>Seuls les salari\u00e9s\nidentifi\u00e9s comme cas contact \u00e0 haut risque par l\u2019ARS peuvent b\u00e9n\u00e9ficier d\u2019un\narr\u00eat de travail pendant la p\u00e9riode d\u2019isolement recommand\u00e9e. L\u2019ARS informe mon\nsalari\u00e9 concern\u00e9 de la proc\u00e9dure \u00e0 suivre vis-\u00e0-vis de l\u2019assurance maladie pour\nb\u00e9n\u00e9ficier de cet arr\u00eat de travail et l\u2019assurance maladie m\u2019adresse, le cas\n\u00e9ch\u00e9ant, l\u2019arr\u00eat de travail \u00e9tabli selon la proc\u00e9dure d\u00e9rogatoire mise en place\ndans le cadre de la gestion de la crise. Il est rappel\u00e9 que la d\u00e9livrance\nd\u2019arr\u00eats de travail pour maintien \u00e0 domicile de personnes non diagnostiqu\u00e9es\ndans le cadre de la gestion de l\u2019\u00e9pid\u00e9mie rel\u00e8ve d\u2019une proc\u00e9dure d\u00e9rogatoire\nexceptionnelle et que les m\u00e9decins g\u00e9n\u00e9ralistes n\u2019ont pas, \u00e0 ce jour,\ncomp\u00e9tence pour les d\u00e9livrer. Les assur\u00e9s dans cette situation ne doivent pas\nse rendre dans les cabinets de ville ni aux urgences hospitali\u00e8res pour obtenir\nun arr\u00eat de travail pour ce motif.<\/p>\n\n\n\n<p>Si le salari\u00e9 ne b\u00e9n\u00e9ficie pas d\u2019un arr\u00eat de travail d\u00e9livr\u00e9 par le m\u00e9decin de l\u2019ARS, mais que l\u2019employeur lui demande de ne pas se pr\u00e9senter \u00e0 son travail, sa r\u00e9mun\u00e9ration est maintenue et sa p\u00e9riode d\u2019absence assimil\u00e9e \u00e0 une p\u00e9riode normalement travaill\u00e9e ouvrant le b\u00e9n\u00e9fice aux m\u00eames droits que les salari\u00e9s pr\u00e9sents dans l\u2019entreprise.<\/p>\n\n\n\n<p>Dans toute autre situation, le salari\u00e9 peut reprendre son travail et \u00eatre invit\u00e9 \u00e0 bien respecter les mesures dites \u00ab\u00a0barri\u00e8res\u00a0\u00bb identifi\u00e9es\u00a0:<\/p>\n\n\n\n<p><br>pr\u00e9venir son employeur\u00a0;<br>respecter les mesures habituelles d\u2019hygi\u00e8ne, notamment se laver fr\u00e9quemment les mains avec du savon ou les d\u00e9sinfecter avec une solution hydro-alcoolique s\u2019il n\u2019y a pas de point d\u2019eau \u00e0 proximit\u00e9\u00a0;<br>surveiller sa temp\u00e9rature 2 fois par jour\u00a0;<br>surveiller l\u2019apparition de sympt\u00f4mes d\u2019infection respiratoire (fi\u00e8vre, toux, difficult\u00e9s respiratoires)\u00a0;<br>dans la vie quotidienne, adopter des mesures de distanciation sociale\u00a0:<\/p>\n\n\n\n<ul><li>saluer sans contact\u00a0;<\/li><li>\u00e9viter les contacts proches (r\u00e9unions, ateliers avec les enfants, etc.).<\/li><\/ul>\n\n\n\n<p>dans la vie quotidienne, \u00e9viter tout contact avec les personnes fragiles (femmes enceintes, personnes \u00e2g\u00e9es, personnes handicap\u00e9es, etc.)\u00a0;<br>\u00e9viter toute sortie non indispensable (cin\u00e9ma, restaurant, etc.)\u00a0;                   en cas de signes d\u2019infection respiratoire dans les 14 jours suivant son retour\u00a0: contacter le 15.<\/p>\n\n\n\n<p><strong>.<\/strong>\u00a0<strong>Quelle est la situation de mon salari\u00e9 plac\u00e9 en quarantaine\u00a0?<\/strong><\/p>\n\n\n\n<p>Le salari\u00e9 \u00e0 qui il\nest demand\u00e9 de respecter une p\u00e9riode d\u2019isolement doit avoir \u00e9t\u00e9 identifi\u00e9 comme\ncas contact \u00e0 haut risque par l\u2019ARS. Il peut b\u00e9n\u00e9ficier \u00e0 titre d\u00e9rogatoire\nd\u2019un arr\u00eat de travail en application du d\u00e9cret n\u00b0&nbsp;2020-73 du 31 janvier\n2020. La quarantaine concerne notamment les salari\u00e9s en provenance de certaines\nzones \u00e0 risques. Le contrat de travail est suspendu pendant cette p\u00e9riode. Les\ndroits \u00e0 indemnisation du salari\u00e9 sont identiques \u00e0 ceux pr\u00e9vus en cas d\u2019arr\u00eat\nde travail pour maladie d\u00e8s le premier jour d\u2019arr\u00eat (sans application du d\u00e9lai\nde carence).<\/p>\n","protected":false},"excerpt":{"rendered":"<p>Le code du travail pr\u00e9voit que l\u2019employeur doit prendre les mesures n\u00e9cessaires \u00ab&nbsp;pour assurer la s\u00e9curit\u00e9 et prot\u00e9ger la sant\u00e9 physique et morale des travailleurs&nbsp;\u00bb&nbsp;\u00bb (article L. 4121-1 du code du travail). A ce&#8230;<\/p>\n","protected":false},"author":1,"featured_media":0,"comment_status":"closed","ping_status":"open","sticky":false,"template":"","format":"standard","meta":{"_mi_skip_tracking":false,"_monsterinsights_sitenote_active":false,"_monsterinsights_sitenote_note":"","_monsterinsights_sitenote_category":0},"categories":[97,9],"tags":[],"_links":{"self":[{"href":"https:\/\/sndll.info\/index.php?rest_route=\/wp\/v2\/posts\/2421"}],"collection":[{"href":"https:\/\/sndll.info\/index.php?rest_route=\/wp\/v2\/posts"}],"about":[{"href":"https:\/\/sndll.info\/index.php?rest_route=\/wp\/v2\/types\/post"}],"author":[{"embeddable":true,"href":"https:\/\/sndll.info\/index.php?rest_route=\/wp\/v2\/users\/1"}],"replies":[{"embeddable":true,"href":"https:\/\/sndll.info\/index.php?rest_route=%2Fwp%2Fv2%2Fcomments&post=2421"}],"version-history":[{"count":1,"href":"https:\/\/sndll.info\/index.php?rest_route=\/wp\/v2\/posts\/2421\/revisions"}],"predecessor-version":[{"id":2424,"href":"https:\/\/sndll.info\/index.php?rest_route=\/wp\/v2\/posts\/2421\/revisions\/2424"}],"wp:attachment":[{"href":"https:\/\/sndll.info\/index.php?rest_route=%2Fwp%2Fv2%2Fmedia&parent=2421"}],"wp:term":[{"taxonomy":"category","embeddable":true,"href":"https:\/\/sndll.info\/index.php?rest_route=%2Fwp%2Fv2%2Fcategories&post=2421"},{"taxonomy":"post_tag","embeddable":true,"href":"https:\/\/sndll.info\/index.php?rest_route=%2Fwp%2Fv2%2Ftags&post=2421"}],"curies":[{"name":"wp","href":"https:\/\/api.w.org\/{rel}","templated":true}]}}