{"id":2442,"date":"2020-03-14T07:38:28","date_gmt":"2020-03-14T06:38:28","guid":{"rendered":"http:\/\/pjcrpry.cluster031.hosting.ovh.net\/?p=2442"},"modified":"2020-05-30T13:26:38","modified_gmt":"2020-05-30T11:26:38","slug":"coronavirus-breaking-news","status":"publish","type":"post","link":"https:\/\/sndll.info\/?p=2442","title":{"rendered":"Coronavirus: Breaking News"},"content":{"rendered":"\n<p><\/p>\n\n\n\n<figure class=\"wp-block-image\"><img src=\"https:\/\/ci4.googleusercontent.com\/proxy\/8znYZU797t0jkBRk4EMpdlrQT8rJMHXOqvb6zbcPnljoOSdco1Hon8KJ0nOgdtPEYrFF49bmkXHjkE7lw49aZf9H_BxQQKxRghY6EJCfwKBX2630T8ItsA=s0-d-e1-ft#https:\/\/www.gni-hcr.fr\/IMG\/UserFiles\/Images\/breakingnews_emailing.jpg\" alt=\"\"\/><\/figure>\n\n\n\n<p><strong>Ech\u00e9ances sociales<\/strong><\/p>\n\n\n\n<p>Afin de tenir compte de l\u2019impact de l\u2019\u00e9pid\u00e9mie de coronavirus sur l\u2019activit\u00e9 \u00e9conomique, et conform\u00e9ment aux annonces du Pr\u00e9sident de la R\u00e9publique le 12&nbsp;mars 2020, le r\u00e9seau des&nbsp;<abbr><a href=\"http:\/\/poiy.mj.am\/lnk\/ANAAAGkzCPQAAcohatgAAFkKf68AAYCqC34AAAAzAAN04ABea8IxzPqtxK4YQf65wWc3vQ5hiQADT3E\/3\/yyzf7fw83E0MTNqqzKxOcw\/aHR0cHM6Ly93d3cudXJzc2FmLmZyL3BvcnRhaWwvaG9tZS9hY3R1YWxpdGVzL3RvdXRlLWxhY3R1YWxpdGUtZW1wbG95ZXVyL21lc3VyZXMtZXhjZXB0aW9ubmVsbGVzLXBvdXItbGVzLmh0bWwj#\" rel=\"noreferrer noopener\" target=\"_blank\">Urssaf<\/a><\/abbr>&nbsp;se mobilise pour accompagner les entreprises.<\/p>\n\n\n\n<p>Si vous \u00eates employeur avec une date d\u2019\u00e9ch\u00e9ance Urssaf au 15&nbsp;du mois, vous pouvez reporter tout ou partie du paiement des cotisations salariales et patronales dont l\u2019\u00e9ch\u00e9ance est au 15&nbsp;mars 2020&nbsp;: dans ce cas, ces cotisations pourront \u00eatre report\u00e9es jusqu\u2019\u00e0&nbsp;trois mois&nbsp;: des informations&nbsp;seront communiqu\u00e9es ult\u00e9rieurement sur la suite.&nbsp;Aucune p\u00e9nalit\u00e9 ne sera appliqu\u00e9e.<\/p>\n\n\n\n<h3>Quelle est la d\u00e9marche pour moduler le montant de votre r\u00e8glement \u00e0 l\u2019\u00e9ch\u00e9ance du 15&nbsp;mars&nbsp;?<\/h3>\n\n\n\n<p>Vous pouvez moduler votre paiement en fonction de vos besoins&nbsp;: montant \u00e0 0, ou montant correspondant au paiement d\u2019une partie de vos cotisations.<\/p>\n\n\n\n<ul><li>Premier cas &#8211; Si vous n\u2019avez pas encore d\u00e9pos\u00e9 votre&nbsp;<abbr><a href=\"http:\/\/poiy.mj.am\/lnk\/ANAAAGkzCPQAAcohatgAAFkKf68AAYCqC34AAAAzAAN04ABea8IxzPqtxK4YQf65wWc3vQ5hiQADT3E\/4\/y7iS-tDeKXTmmmC5cbJAYw\/aHR0cHM6Ly93d3cudXJzc2FmLmZyL3BvcnRhaWwvaG9tZS9hY3R1YWxpdGVzL3RvdXRlLWxhY3R1YWxpdGUtZW1wbG95ZXVyL21lc3VyZXMtZXhjZXB0aW9ubmVsbGVzLXBvdXItbGVzLmh0bWwj#\" rel=\"noreferrer noopener\" target=\"_blank\">DSN<\/a><\/abbr>&nbsp;de F\u00e9vrier 2020, vous pouvez la d\u00e9poser jusqu\u2019au lundi 16&nbsp;mars 2020&nbsp;inclus, en modulant votre paiement&nbsp;<abbr><a href=\"http:\/\/poiy.mj.am\/lnk\/ANAAAGkzCPQAAcohatgAAFkKf68AAYCqC34AAAAzAAN04ABea8IxzPqtxK4YQf65wWc3vQ5hiQADT3E\/5\/QjjYmGyaflY2qUE6Mmd6NQ\/aHR0cHM6Ly93d3cudXJzc2FmLmZyL3BvcnRhaWwvaG9tZS9hY3R1YWxpdGVzL3RvdXRlLWxhY3R1YWxpdGUtZW1wbG95ZXVyL21lc3VyZXMtZXhjZXB0aW9ubmVsbGVzLXBvdXItbGVzLmh0bWwj#\" rel=\"noreferrer noopener\" target=\"_blank\">SEPA<\/a><\/abbr>&nbsp;au sein de cette DSN.<br>&nbsp;<\/li><li>Second cas &#8211; Si vous avez d\u00e9j\u00e0 d\u00e9pos\u00e9 votre DSN de F\u00e9vrier 2020, vous pouvez modifier votre paiement de deux fa\u00e7ons&nbsp;: ou bien en d\u00e9posant jusqu\u2019au dimanche 15&nbsp;mars inclus, une DSN \u00ab&nbsp;annule et remplace&nbsp;\u00bb avec modification du paiement Urssaf&nbsp;; ou bien jusqu\u2019au jeudi 19&nbsp;mars \u00e0 12h00, en modifiant votre paiement Urssaf (attention seulement si vous \u00eates \u00e0 l\u2019\u00e9ch\u00e9ance du 15) selon ce&nbsp;<a href=\"http:\/\/poiy.mj.am\/lnk\/ANAAAGkzCPQAAcohatgAAFkKf68AAYCqC34AAAAzAAN04ABea8IxzPqtxK4YQf65wWc3vQ5hiQADT3E\/6\/8JSFmn9LNlT3VJ2_JyYnPw\/aHR0cHM6Ly93d3cudXJzc2FmLmZyL3BvcnRhaWwvZmlsZXMvbGl2ZS9zaXRlcy91cnNzYWYvZmlsZXMvZG9jdW1lbnRzL21vZGlmaWNhdGlvbi1wYWllbWVudC1jb3Rpc2F0aW9ucy5wZGY\" target=\"_blank\" rel=\"noreferrer noopener\">mode op\u00e9ratoire<\/a>.<br>&nbsp;<\/li><li>Troisi\u00e8me cas &#8211; Si vous r\u00e9glez vos cotisations hors DSN, vous pouvez adapter le montant de votre virement bancaire, ou bien ne pas effectuer de virement.<\/li><\/ul>\n\n\n\n<p>Si vous ne souhaitez pas opter pour un report de l\u2019ensemble des cotisations&nbsp;et pr\u00e9f\u00e9rez r\u00e9gler les cotisations salariales, vous pouvez \u00e9chelonner le r\u00e8glement des cotisations patronales, comme habituellement. Pour cela, connectez-vous sur votre espace en ligne sur&nbsp;<a href=\"http:\/\/poiy.mj.am\/lnk\/ANAAAGkzCPQAAcohatgAAFkKf68AAYCqC34AAAAzAAN04ABea8IxzPqtxK4YQf65wWc3vQ5hiQADT3E\/7\/pB4iVSiqYTIdkpe2M3nXBA\/aHR0cHM6Ly93d3cudXJzc2FmLmZyL3BvcnRhaWwvaG9tZS5odG1s\" target=\"_blank\" rel=\"noreferrer noopener\">urssaf.fr<\/a>&nbsp;et signalez votre situation via la messagerie&nbsp;: \u00ab&nbsp;Nouveau message&nbsp;\u00bb \/ \u00ab&nbsp;\u202fUne formalit\u00e9 d\u00e9clarative\u202f&nbsp;\u00bb \/\u202f\u00ab&nbsp;\u202fD\u00e9clarer une situation exceptionnelle\u202f&nbsp;\u00bb.&nbsp; &nbsp;<\/p>\n\n\n\n<p>Si vous \u00eates employeur avec une date d\u2019\u00e9ch\u00e9ance au 5&nbsp;du mois, des informations vous seront communiqu\u00e9es ult\u00e9rieurement, en vue de l\u2019\u00e9ch\u00e9ance du 5&nbsp;avril.<em>Source&nbsp;: URSSAF<\/em><\/p>\n\n\n\n<hr class=\"wp-block-separator\"\/>\n\n\n\n<p><strong>Interdiction des rassemblements de plus de 100 personnes<\/strong><\/p>\n\n\n\n<p>Les \u00e9tablissements pouvant accueillir 100 clients peuvent continuer d\u2019ouvrir (clients + personnels compris);<br>Ceux susceptibles d\u2019accueillir plus de 100 clients peuvent continuer d\u2019ouvrir \u00e0 la condition de limiter son nombre \u00e0 100 clients (terrasse + personnels + clients compris).<br>&nbsp;<\/p>\n\n\n\n<hr class=\"wp-block-separator\"\/>\n\n\n\n<p><strong>Pr\u00e9cision sur les mesures accord\u00e9es aux entreprises et plus particuli\u00e8rement sur le report de charges<\/strong><\/p>\n\n\n\n<p>&#8211; D\u00e9lais de paiement pour charges sociales&nbsp;: salariales ET patronales<br><\/p>\n\n\n\n<p>&#8211; D\u00e9lais de paiement charges et taxes fiscales&nbsp;:&nbsp;pas de d\u00e9lais \u00e0 ce jour pour la TVA car imp\u00f4t indirect<\/p>\n\n\n\n<p><em>Source&nbsp;: Bercy<\/em><br><\/p>\n","protected":false},"excerpt":{"rendered":"<p>Ech\u00e9ances sociales Afin de tenir compte de l\u2019impact de l\u2019\u00e9pid\u00e9mie de coronavirus sur l\u2019activit\u00e9 \u00e9conomique, et conform\u00e9ment aux annonces du Pr\u00e9sident de la R\u00e9publique le 12&nbsp;mars 2020, le r\u00e9seau des&nbsp;Urssaf&nbsp;se mobilise pour accompagner les&#8230;<\/p>\n","protected":false},"author":2,"featured_media":0,"comment_status":"closed","ping_status":"open","sticky":false,"template":"","format":"standard","meta":{"_mi_skip_tracking":false,"_monsterinsights_sitenote_active":false,"_monsterinsights_sitenote_note":"","_monsterinsights_sitenote_category":0},"categories":[97,9],"tags":[],"_links":{"self":[{"href":"https:\/\/sndll.info\/index.php?rest_route=\/wp\/v2\/posts\/2442"}],"collection":[{"href":"https:\/\/sndll.info\/index.php?rest_route=\/wp\/v2\/posts"}],"about":[{"href":"https:\/\/sndll.info\/index.php?rest_route=\/wp\/v2\/types\/post"}],"author":[{"embeddable":true,"href":"https:\/\/sndll.info\/index.php?rest_route=\/wp\/v2\/users\/2"}],"replies":[{"embeddable":true,"href":"https:\/\/sndll.info\/index.php?rest_route=%2Fwp%2Fv2%2Fcomments&post=2442"}],"version-history":[{"count":1,"href":"https:\/\/sndll.info\/index.php?rest_route=\/wp\/v2\/posts\/2442\/revisions"}],"predecessor-version":[{"id":2443,"href":"https:\/\/sndll.info\/index.php?rest_route=\/wp\/v2\/posts\/2442\/revisions\/2443"}],"wp:attachment":[{"href":"https:\/\/sndll.info\/index.php?rest_route=%2Fwp%2Fv2%2Fmedia&parent=2442"}],"wp:term":[{"taxonomy":"category","embeddable":true,"href":"https:\/\/sndll.info\/index.php?rest_route=%2Fwp%2Fv2%2Fcategories&post=2442"},{"taxonomy":"post_tag","embeddable":true,"href":"https:\/\/sndll.info\/index.php?rest_route=%2Fwp%2Fv2%2Ftags&post=2442"}],"curies":[{"name":"wp","href":"https:\/\/api.w.org\/{rel}","templated":true}]}}