{"id":2454,"date":"2020-03-14T22:45:30","date_gmt":"2020-03-14T21:45:30","guid":{"rendered":"http:\/\/pjcrpry.cluster031.hosting.ovh.net\/?p=2454"},"modified":"2020-05-30T13:26:38","modified_gmt":"2020-05-30T11:26:38","slug":"larrete-et-ce-quil-permet","status":"publish","type":"post","link":"https:\/\/sndll.info\/?p=2454","title":{"rendered":"L&#8217;ARRETE ET CE QU&#8217;IL PERMET"},"content":{"rendered":"\n<p>\n\nJORF n\u00b00063 du 14 mars 2020<br>texte n\u00b0 27<\/p>\n\n\n\n<p><\/p>\n\n\n\n<p><strong>Arr\u00eat\u00e9 du&nbsp;13 mars 2020&nbsp;portant diverses mesures relatives \u00e0 la lutte contre la propagation du virus covid-19<\/strong><\/p>\n\n\n\n<p>NOR:&nbsp;SSAZ2007748AELI: https:\/\/www.legifrance.gouv.fr\/eli\/arrete\/2020\/3\/13\/SSAZ2007748A\/jo\/texte<\/p>\n\n\n\n<p><br>Le ministre des solidarit\u00e9s et de la sant\u00e9,<br>Vu le&nbsp;<a href=\"https:\/\/www.legifrance.gouv.fr\/affichCode.do?cidTexte=LEGITEXT000006072665&amp;dateTexte=29990101&amp;categorieLien=cid\">code de la sant\u00e9 publique<\/a>, notamment son article L. 3131-1 ;<br>Consid\u00e9rant que l&#8217;Organisation mondiale de la sant\u00e9 (OMS) a d\u00e9clar\u00e9, le 30 janvier 2020, que l&#8217;\u00e9mergence d&#8217;un nouveau coronavirus (covid-19) constitue une urgence de sant\u00e9 publique de port\u00e9e internationale ;<br>Consid\u00e9rant le caract\u00e8re pathog\u00e8ne et contagieux du virus covid-19 ;<br>Consid\u00e9rant que les rassemblements favorisent la transmission rapide du virus ; qu&#8217;il r\u00e9sulte des derni\u00e8res donn\u00e9es disponibles que ce risque appara\u00eet significativement plus \u00e9lev\u00e9 lors de rassemblements mettant simultan\u00e9ment en pr\u00e9sence plus de 100 personnes, m\u00eame dans des espaces non clos ; qu&#8217;il y a lieu, en cons\u00e9quence, d&#8217;interdire tous ces rassemblements d\u00e8s lors qu&#8217;ils ne sont pas indispensables \u00e0 la continuit\u00e9 de la vie de la Nation ;<br>Consid\u00e9rant qu&#8217;un recensement des cat\u00e9gories de rassemblements concern\u00e9s est op\u00e9r\u00e9 par les diff\u00e9rents minist\u00e8res afin d&#8217;en \u00e9tablir une typologie indicative ; que les rassemblements maintenus dans chaque d\u00e9partement \u00e0 ce titre seront fix\u00e9s par les pr\u00e9fets, sans pr\u00e9judice de la possibilit\u00e9 qu&#8217;ils conserveront d&#8217;interdire les r\u00e9unions, activit\u00e9s ou rassemblements, y compris de moins de 100 personnes, lorsque les circonstances locales l&#8217;exigeront ;<br>Consid\u00e9rant que, compte tenu de la situation sanitaire propre au caract\u00e8re insulaire de ces territoires et de la difficult\u00e9 majeure \u00e0 laquelle leur syst\u00e8me sanitaire serait confront\u00e9 en cas de propagation brutale du virus par des personnes provenant de navires transportant de nombreux passagers, il y a lieu d&#8217;interdire aux navires de croisi\u00e8re et les navires \u00e0 passagers transportant plus de 100 passagers de faire escale en Corse, et de faire escale ou de mouiller dans les eaux int\u00e9rieures et les eaux territoriales des d\u00e9partements et r\u00e9gions d&#8217;outre-mer, ainsi que de Saint-Barth\u00e9lemy et Saint-Martin, Saint-Pierre-et-Miquelon, et Wallis-et-Futuna, sauf d\u00e9rogation accord\u00e9e par le repr\u00e9sentant de l&#8217;Etat comp\u00e9tent pour ces m\u00eames collectivit\u00e9s,<br>Arr\u00eate :Article 1&nbsp;<a href=\"https:\/\/www.legifrance.gouv.fr\/affichTexteArticle.do;jsessionid=5263F266AA64206265134BEC50EE4FEE.tplgfr38s_2?idArticle=JORFARTI000041721918&amp;cidTexte=JORFTEXT000041721916&amp;dateTexte=29990101&amp;categorieLien=id\">En savoir plus sur cet article&#8230;<\/a><\/p>\n\n\n\n<p><br>Afin de pr\u00e9venir la propagation du virus covid-19, tout rassemblement, r\u00e9union ou activit\u00e9 mettant en pr\u00e9sence de mani\u00e8re simultan\u00e9e plus de 100 personnes en milieu clos ou ouvert, est interdit sur le territoire m\u00e9tropolitain de la R\u00e9publique jusqu&#8217;au 15 avril 2020.<br>Les rassemblements, r\u00e9unions ou activit\u00e9s indispensables \u00e0 la continuit\u00e9 de la vie de la Nation peuvent \u00eatre maintenus \u00e0 titre d\u00e9rogatoire par le repr\u00e9sentant de l&#8217;Etat dans le d\u00e9partement, par des mesures r\u00e9glementaires ou individuelles, sauf lorsque les circonstances locales s&#8217;y opposent.<br>Le repr\u00e9sentant de l&#8217;Etat est habilit\u00e9 aux m\u00eames fins \u00e0 interdire ou \u00e0 restreindre, par des mesures r\u00e9glementaires ou individuelles, les rassemblements, r\u00e9unions ou activit\u00e9s ne relevant pas du premier alin\u00e9a lorsque les circonstances locales l&#8217;exigent.<br>Il informe le procureur de la R\u00e9publique territorialement comp\u00e9tent des mesures individuelles prises \u00e0 ce titre, conform\u00e9ment aux&nbsp;<a href=\"https:\/\/www.legifrance.gouv.fr\/affichCodeArticle.do?cidTexte=LEGITEXT000006072665&amp;idArticle=LEGIARTI000006687867&amp;dateTexte=&amp;categorieLien=cid\">dispositions de l&#8217;article L. 3131-1 du code de la sant\u00e9 publique<\/a>.Article 2<\/p>\n\n\n\n<p><br>Il est interdit aux navires de croisi\u00e8re et aux navires \u00e0 passagers transportant plus de cent passagers de faire escale en Corse, et de faire escale ou de mouiller dans les eaux int\u00e9rieures et les eaux territoriales des d\u00e9partements et r\u00e9gions d&#8217;outre-mer, ainsi que de Saint-Barth\u00e9lemy et Saint-Martin, Saint-Pierre-et-Miquelon, et Wallis-et-Futuna, sauf d\u00e9rogation accord\u00e9e par le repr\u00e9sentant de l&#8217;Etat comp\u00e9tent pour ces m\u00eames collectivit\u00e9s.Article 3<\/p>\n\n\n\n<p><br>L&#8217;arr\u00eat\u00e9 du 9 mars 2020 portant diverses mesures relatives \u00e0 la lutte contre la propagation du virus covid-19 est abrog\u00e9.Article 4<\/p>\n\n\n\n<p><br>Le pr\u00e9sent arr\u00eat\u00e9 sera publi\u00e9 au Journal officiel de la R\u00e9publique fran\u00e7aise.<\/p>\n\n\n\n<p><br>Fait le 13 mars 2020.<br><\/p>\n\n\n\n<p><br>Olivier V\u00e9ran<\/p>\n","protected":false},"excerpt":{"rendered":"<p>JORF n\u00b00063 du 14 mars 2020texte n\u00b0 27 Arr\u00eat\u00e9 du&nbsp;13 mars 2020&nbsp;portant diverses mesures relatives \u00e0 la lutte contre la propagation du virus covid-19 NOR:&nbsp;SSAZ2007748AELI: https:\/\/www.legifrance.gouv.fr\/eli\/arrete\/2020\/3\/13\/SSAZ2007748A\/jo\/texte Le ministre des solidarit\u00e9s et de la sant\u00e9,Vu&#8230;<\/p>\n","protected":false},"author":2,"featured_media":0,"comment_status":"closed","ping_status":"open","sticky":false,"template":"","format":"standard","meta":{"_mi_skip_tracking":false,"_monsterinsights_sitenote_active":false,"_monsterinsights_sitenote_note":"","_monsterinsights_sitenote_category":0},"categories":[97,1],"tags":[],"_links":{"self":[{"href":"https:\/\/sndll.info\/index.php?rest_route=\/wp\/v2\/posts\/2454"}],"collection":[{"href":"https:\/\/sndll.info\/index.php?rest_route=\/wp\/v2\/posts"}],"about":[{"href":"https:\/\/sndll.info\/index.php?rest_route=\/wp\/v2\/types\/post"}],"author":[{"embeddable":true,"href":"https:\/\/sndll.info\/index.php?rest_route=\/wp\/v2\/users\/2"}],"replies":[{"embeddable":true,"href":"https:\/\/sndll.info\/index.php?rest_route=%2Fwp%2Fv2%2Fcomments&post=2454"}],"version-history":[{"count":1,"href":"https:\/\/sndll.info\/index.php?rest_route=\/wp\/v2\/posts\/2454\/revisions"}],"predecessor-version":[{"id":2455,"href":"https:\/\/sndll.info\/index.php?rest_route=\/wp\/v2\/posts\/2454\/revisions\/2455"}],"wp:attachment":[{"href":"https:\/\/sndll.info\/index.php?rest_route=%2Fwp%2Fv2%2Fmedia&parent=2454"}],"wp:term":[{"taxonomy":"category","embeddable":true,"href":"https:\/\/sndll.info\/index.php?rest_route=%2Fwp%2Fv2%2Fcategories&post=2454"},{"taxonomy":"post_tag","embeddable":true,"href":"https:\/\/sndll.info\/index.php?rest_route=%2Fwp%2Fv2%2Ftags&post=2454"}],"curies":[{"name":"wp","href":"https:\/\/api.w.org\/{rel}","templated":true}]}}