{"id":2456,"date":"2020-03-15T04:56:08","date_gmt":"2020-03-15T03:56:08","guid":{"rendered":"http:\/\/pjcrpry.cluster031.hosting.ovh.net\/?p=2456"},"modified":"2020-05-30T13:26:38","modified_gmt":"2020-05-30T11:26:38","slug":"fermeture-finalement","status":"publish","type":"post","link":"https:\/\/sndll.info\/?p=2456","title":{"rendered":"FERMETURE FINALEMENT !"},"content":{"rendered":"\n<p>Dans un extravagant cafouillage, apr\u00e8s avoir sorti un texte du Ministre de la Sant\u00e9 disant autre chose le jour m\u00eame, le Premier Ministre a ferm\u00e9 sur le coup des 20 heures samedi tous les lieux recevant du public non essentiels \u00e0 la vie du pays, dont nos \u00e9tablissements. A compter de 0 H ce dimanche ! On nous met au pied du mur en jouant avec nos entreprises que l&#8217;on dit, par ailleurs, vouloir aider &#8230;<\/p>\n\n\n\n<p>On aurait pu \u00eatre plus d\u00e9cisif plus t\u00f4t (la Belgique avait pris, elle, la d\u00e9cision avant la France) ! <\/p>\n\n\n\n<p>Mais on maintient les \u00e9lections \u00e0 ce stade 3 de l&#8217;\u00e9pid\u00e9mie\/pand\u00e9mie !&#8230;<\/p>\n\n\n\n<p>On continue \u00e0 rentrer dans l&#8217;avenir \u00e0 reculons, ce que je regrette. <\/p>\n\n\n\n<p>Je suis persuad\u00e9 que dans les jours \u00e0 venir on prendra enfin les vraies mesures : confinement, transports etc &#8230;<\/p>\n\n\n\n<p>Le SNDLL et nous tous ne pouvons qu&#8217;\u00eatre citoyens et disciplin\u00e9s dans ce moment (ces mois ?) difficile(s) pour notre pays.<\/p>\n\n\n\n<p>Restez connect\u00e9s \u00e0 notre site.<\/p>\n\n\n\n<div class=\"wp-block-file\"><a href=\"https:\/\/sndll.info\/wp-content\/uploads\/2020\/03\/Arr\u00eat\u00e9_du_14_mars_2020_version_initiale.rtf\">Arr\u00eat\u00e9_du_14_mars_2020_version_initiale<\/a><a href=\"https:\/\/sndll.info\/wp-content\/uploads\/2020\/03\/Arr\u00eat\u00e9_du_14_mars_2020_version_initiale.rtf\" class=\"wp-block-file__button\" download>T\u00e9l\u00e9charger<\/a><\/div>\n\n\n\n<p><\/p>\n","protected":false},"excerpt":{"rendered":"<p>Dans un extravagant cafouillage, apr\u00e8s avoir sorti un texte du Ministre de la Sant\u00e9 disant autre chose le jour m\u00eame, le Premier Ministre a ferm\u00e9 sur le coup des 20 heures samedi tous les&#8230;<\/p>\n","protected":false},"author":2,"featured_media":0,"comment_status":"closed","ping_status":"open","sticky":false,"template":"","format":"standard","meta":{"_mi_skip_tracking":false,"_monsterinsights_sitenote_active":false,"_monsterinsights_sitenote_note":"","_monsterinsights_sitenote_category":0},"categories":[97,1],"tags":[],"_links":{"self":[{"href":"https:\/\/sndll.info\/index.php?rest_route=\/wp\/v2\/posts\/2456"}],"collection":[{"href":"https:\/\/sndll.info\/index.php?rest_route=\/wp\/v2\/posts"}],"about":[{"href":"https:\/\/sndll.info\/index.php?rest_route=\/wp\/v2\/types\/post"}],"author":[{"embeddable":true,"href":"https:\/\/sndll.info\/index.php?rest_route=\/wp\/v2\/users\/2"}],"replies":[{"embeddable":true,"href":"https:\/\/sndll.info\/index.php?rest_route=%2Fwp%2Fv2%2Fcomments&post=2456"}],"version-history":[{"count":3,"href":"https:\/\/sndll.info\/index.php?rest_route=\/wp\/v2\/posts\/2456\/revisions"}],"predecessor-version":[{"id":2463,"href":"https:\/\/sndll.info\/index.php?rest_route=\/wp\/v2\/posts\/2456\/revisions\/2463"}],"wp:attachment":[{"href":"https:\/\/sndll.info\/index.php?rest_route=%2Fwp%2Fv2%2Fmedia&parent=2456"}],"wp:term":[{"taxonomy":"category","embeddable":true,"href":"https:\/\/sndll.info\/index.php?rest_route=%2Fwp%2Fv2%2Fcategories&post=2456"},{"taxonomy":"post_tag","embeddable":true,"href":"https:\/\/sndll.info\/index.php?rest_route=%2Fwp%2Fv2%2Ftags&post=2456"}],"curies":[{"name":"wp","href":"https:\/\/api.w.org\/{rel}","templated":true}]}}