{"id":2460,"date":"2020-03-15T07:29:29","date_gmt":"2020-03-15T06:29:29","guid":{"rendered":"http:\/\/pjcrpry.cluster031.hosting.ovh.net\/?p=2460"},"modified":"2020-08-13T06:55:20","modified_gmt":"2020-08-13T04:55:20","slug":"gouverner-cest-prevoir","status":"publish","type":"post","link":"https:\/\/sndll.info\/?p=2460","title":{"rendered":"Gouverner c&#8217;est prevoir ?!"},"content":{"rendered":"\r\n<p><strong><span style=\"color: #ff00ff;\">&#8221; BON APPETIT ! MESSIEURS !\u00a0O MINISTRES INTEGRES !\u00a0CONSEILLERS VERTUEUX !&#8230;.&#8221;\u00a0<\/span><\/strong><\/p>\r\n<p>&#8220;L&#8217;acte 3&#8221; de l&#8217;\u00e9pid\u00e9mie vient d&#8217;\u00eatre d\u00e9clench\u00e9 (au fait, combien d&#8217;actes dans ce drame actuel que vous nous \u00e9crivez, messieurs les dirigeants ?) et\u00a0 rappelle l&#8217; Acte III et sc\u00e8ne II de &#8220;RUY BLAS&#8221; de Victor HUGO avec cette phrase ironique et am\u00e8re, comme quoi en pr\u00e8s de deux si\u00e8cles rien ne change !<\/p>\r\n\r\n\r\n\r\n<p>Loin de faire de la politique, bloqu\u00e9 en Asie sans le vouloir, je ne peux m&#8217;emp\u00eacher de r\u00e9agir \u00e0 cette crise du CORONAVIRUS telle qu&#8217;elle est &#8220;g\u00e9r\u00e9e&#8221; (?) dans mon pays tant aim\u00e9 et o\u00f9 je voudrais revenir vite.<\/p>\r\n<p><span style=\"color: #ff00ff;\"><strong>Il a fallu une\u00a0belle dose d&#8217;inconscience, d&#8217;incapacit\u00e9, d&#8217;impr\u00e9voyance, d&#8217;incoh\u00e9rence\u00a0du &#8220;politique&#8221; (pas question de querelles de personnes \u00e0 ce &#8220;stade&#8221;) pour en arriver l\u00e0 l\u00a0\u00a0<\/strong><\/span><\/p>\r\n<p><br \/><strong><span style=\"color: #0000ff;\">Tous\u00a0les responsables SAVAIENT<\/span><\/strong>\u00a0la gravit\u00e9 de la situation <strong><span style=\"color: #0000ff;\">et\u00a0ont\u00a0leurr\u00e9 l&#8217;opinion<\/span><\/strong> en parlant de &#8220;mauvaise grippe&#8221;, en ass\u00e9nant des statistiques rassurantes, l\u00e9nifiantes, en prenant des mesurettes folkloriques (on ne s&#8217;embrasse plus \u00e0 Folleville &#8230; on bloque le prix du gel hydroalcoolique ! tu parles de mesures s\u00e9rieuses !) ou en laissant faire \u00e0 Lyon un match avec l&#8217;Italie (j&#8217;hallucine) &#8230; sans jamais, par exemple, \u00e9duquer la population \u00e0 se d\u00e9pister elle-m\u00eame par des\u00a0 moyens simples, la pr\u00e9parer au <strong><span style=\"color: #0000ff;\">pire qui est tout \u00e0 fait pr\u00e9visible !\u00a0<\/span><\/strong><\/p>\r\n<p>Ah ! pour courir les plateaux des chaines d&#8217;infos en continu, pour palabrer avec des sp\u00e9cialistes autoproclam\u00e9s de ceci de cela, ils sont forts nos politiques, nos administratifs, notre Directeur de la sant\u00e9, notre porte-parole du gouvernement (Tout va tr\u00e8s bien, madame la Marquise, tout va tr\u00e8s bien &#8230;) ils sont l\u00e0 pour ne rien dire de concret, ne rien d\u00e9cider. D&#8217;ici en Asie, je les ai vus tous d\u00e9filer au concours de l&#8217;audimat avec leur componction, leur science, exploiter la situation pour se faire mousser en vue des prochaines \u00e9ch\u00e9ances \u00e9lectorales ou nominations &#8230;<br \/>Ces irresponsables disent tout et son contraire. Ils ont rat\u00e9 la phase 1 (fronti\u00e8res o\u00f9 on s&#8217;est content\u00e9 de placarder des affiches!) puis la phase 2 (limiter la propagation) et d\u00e9couvrent la phase 3 &#8230; l\u00e0, pas le choix.<\/p>\r\n<p><br \/><strong><span style=\"color: #0000ff;\">Le m\u00eame Premier Ministre qui , \u00e0 20 heures samedi 14 Mars 2020,\u00a0 cadenasse une partie de notre pays est le m\u00eame qui la veille sur\u00a0 TF1 rassurait &#8230;<\/span> \u00a0<\/strong>&#8220;Nous on a un bon syst\u00e8me de sant\u00e9, on prend des mesures de distanciation sociale (!!) pour se prot\u00e9ger&#8230; etc&#8230;etc&#8230;&#8221;<\/p>\r\n<p>Tel Pr\u00e9fet (OISE) ferme les discoth\u00e8ques et cin\u00e9mas mais pas les bars-restaurants (incroyable!), les march\u00e9s (m\u00eame en plein air !)\u00a0 mais pas les supermarch\u00e9s ! La Ministre de la sant\u00e9 d\u00e9serte m\u00eame le champ de bataille pour Paris dont la devise &#8220;Fluctuat nec mergitur&#8221;\u00a0 (&#8220;elle est secou\u00e9e sans sombrer&#8221;) a d\u00fb la faire r\u00eaver !\u00a0 Pour autant gageons qu&#8217;elle sera, elle, secou\u00e9e et sombrera. Pas grave &#8220;on&#8221; la recyclera, je prends le pari (sans &#8220;s&#8221;).<br \/>Aujourd&#8217;hui on laisse les tabacs ouverts (recettes de l&#8217;Etat sur les jeux ? Recettes des taxes\/tabac ?) les transports en commun circulent m\u00eame si des conducteurs sont d\u00e9j\u00e0 positifs et on ne donne pas de masque ni de gel aux voyageurs. On ne nettoie pas les rames et v\u00e9hicules, sans m\u00eame parler de le faire aux UV comme en Asie. On laisse les lieux de culte ouverts &#8230; alors que c&#8217;est un lieu de culte qui a fait exploser sur Mulhouse la contamination ! Le JO du 14 Mars autorise les r\u00e9unions de 100 personnes (Arr\u00eat\u00e9 minist\u00e9riel) et le Samedi 15 le premier Ministre les interdit &#8230; partiellement ! Ils sont fous.<\/p>\r\n\r\n\r\n\r\n<p>Le pompon: On maintient les \u00e9lections municipales au m\u00e9pris de la sant\u00e9 (pr\u00e8s de 47 millions de personnes qui se croisent dans des lieux confin\u00e9s, c&#8217;est pas rien !) et de la d\u00e9mocratie (comment ce scrutin peut-il \u00eatre sinc\u00e8re avec 33%\u00a0 d&#8217;\u00e9lecteurs de plus de 65 ans &#8220;dissuad\u00e9s&#8221; ?).\u00a0 Pour des consid\u00e9rations POLITIQUES on banalise un acte qui n&#8217;a rien d&#8217;essentiel \u00e0 la vie du pays (\u00e7a pouvait attendre un peu, non ?)\u00a0 ! On mobilise des municipalit\u00e9s et leurs personnels alors qu&#8217;ils auraient mieux \u00e0 faire en ce moment. On marche sur la t\u00eate &#8230; en s&#8217;abritant derri\u00e8re des avis de &#8220;sp\u00e9cialistes&#8221; .\u00a0 <span style=\"color: #0000ff;\"><strong>C&#8217;EST LE BATEAU IVRE ET CE N&#8217;EST PAS PLUS RASSURANT QUE LA PANDEMIE QU&#8217;ON AGGRAVE PAR CES INCOHERENCES.<\/strong><\/span><\/p>\r\n<p><strong><span style=\"color: #ff00ff;\">&#8220;Ils&#8221; savent tr\u00e8s bien que cela va s&#8217;aggraver <\/span><\/strong>(y aura-t-il m\u00eame le temps du second tour ?!) au point de confiner \u00e0 un moment tout le monde \u00e0 la maison. Ce sera in\u00e9vitable. Ils savent qu&#8217;il y aura besoin de 100 \u00e0 150 000 lits de r\u00e9animation alors qu&#8217;on en poss\u00e8de 12 000 &#8230;&#8221;ils&#8221; le savent tellement qu&#8217;ils ont mis en place des comit\u00e9s d&#8217;\u00e9thique dans les h\u00f4pitaux pour &#8216;&#8221;trier&#8221; les patients qui auront droit ou non \u00e0 un lit &#8230; <strong><span style=\"color: #0000ff;\">S&#8217;ils ne savent pas ce qui nous attend, je le leur dit aujourd&#8217;hui, moi citoyen lambda en exil forc\u00e9 dans un pays (Tha\u00eflande) o\u00f9, l\u00e0, on a r\u00e9alis\u00e9 et pris des vraies mesures.<\/span><\/strong><\/p>\r\n<p>Alors <strong><span style=\"color: #ff00ff;\">MAINTENANT on commence \u00e0 affoler les gens,<\/span><\/strong> \u00e0 leur parler de &#8220;leur&#8221; responsabilit\u00e9 \u00e0 eux, qu&#8217;il faut se prendre en charge soi-m\u00eame &#8230; De qui se moque-t-on ? A quoi servent les pouvoirs publics, les &#8220;dirigeants&#8221; ?!\u00a0 Et pour faire bonne mesure ils prennent pour le dire des airs martiaux, guerriers, des tons de matamores en proportion inverse de leurs capacit\u00e9s \u00e0 r\u00e9agir.<\/p>\r\n<p>Pass\u00e9e la crise (?), ils reviendront nous parler de &#8220;l&#8217;injuste discr\u00e9dit de la politique et des politiciens&#8221;, nous dire qu&#8217;il faut &#8220;restaurer la confiance entre <strong><span style=\"color: #ff00ff;\">c<\/span><span style=\"color: #ff00ff;\">e<\/span> <span style=\"color: #ff00ff;\">Pays <\/span><\/strong>(ils aiment le d\u00e9monstratif <strong><span style=\"color: #ff00ff;\">&#8220;ce&#8221;<\/span><\/strong> et cette appellation, \u00e7a fait s\u00e9rieux) et &#8220;les repr\u00e9sentants de la Nation&#8221; (ils aiment aussi cette expression flatteuse !). Ils s&#8217;\u00e9tonneront alors &#8220;de la mont\u00e9e des extr\u00eames et des populismes, crieront au loup&#8230;&#8221; mais ils sont responsables, que diable !<\/p>\r\n<p><br \/>Notre d\u00e9mocratie est vraiment malade des<strong><span style=\"color: #0000ff;\"> incomp\u00e9tences<\/span><\/strong> (aux politiques il faudrait ajouter certains fonctionnaires auxquels une r\u00e9forme de l&#8217;ENA n&#8217;ouvrira pas plus les yeux sur le r\u00e9el) <strong><span style=\"color: #0000ff;\">que rien ne contr\u00f4le ni ne sanctionne.\u00a0<\/span><\/strong><\/p>\r\n<p><br \/>L\u00e0 il y a pourtant <strong><span style=\"color: #ff00ff;\">non assistance \u00e0 personne en danger<\/span><\/strong>. Qui paiera ?\u00a0 Pas eux car ce petit monde sait, par contre, s&#8217;auto-amnistier, s&#8217;abolir de tout reproche.\u00a0 Ces &#8220;gens l\u00e0&#8221; parlent si bien des droits de l&#8217;homme, de la pr\u00e9somption d&#8217;innocence &#8230; au pire ils diront que les technocrates ont peut-\u00eatre \u00e9t\u00e9 un \u00e9cran entre eux et le peuple. Jamais ils n&#8217;avoueront<strong><span style=\"color: #ff00ff;\"> leur<\/span><\/strong> incapacit\u00e9. S&#8217;ils font de la politique ce n&#8217;est pas pour servir, c&#8217;est avant tout pour satisfaire leur ego. C&#8217;est d&#8217;ailleurs pour cela qu&#8217;\u00e0 mon petit niveau local d&#8217;adjoint au Maire je viens d&#8217;abandonner car j&#8217;y retrouvais la m\u00eame tare.\u00a0<\/p>\r\n<p><br \/>Mon beau pays, je t&#8217;aime et voulais le dire depuis mon exil asiatique forc\u00e9.\u00a0Je l&#8217;ai fait \u00e0 ma mani\u00e8re, sinc\u00e8re et grave.<\/p>\r\n\r\n\r\n\r\n<p>A-t-on les dirigeants que l&#8217;on m\u00e9rite ? En tout cas, en plus du fl\u00e9au &#8220;CORONAVIRUS&#8221;, ils font beaucoup de mal \u00e0 notre d\u00e9mocratie !!!<\/p>\r\n<p>La tirade de RUY BLAS de Victor Hugo n&#8217;a pas pris une ride <strong><span style=\"color: #0000ff;\">&#8221; Bon app\u00e9tit ! Messieurs ! \u00d4 ministre int\u00e8gres! Conseillers vertueux !&#8230;&#8221;.<\/span><\/strong> Si la situation n&#8217;\u00e9tait dramatique, ce serait risible. Pas l\u00e0 !<\/p>\r\n<p>On se moque de nous et je pense que l&#8217;on va avoir besoin de beaucoup de courage dans les mois \u00e0 venir.<\/p>\r\n\r\n\r\n\r\n<p><br \/>Patrick Malva\u00ebs<\/p>\r\n","protected":false},"excerpt":{"rendered":"<p>&#8221; BON APPETIT ! MESSIEURS !\u00a0O MINISTRES INTEGRES !\u00a0CONSEILLERS VERTUEUX !&#8230;.&#8221;\u00a0 &#8220;L&#8217;acte 3&#8221; de l&#8217;\u00e9pid\u00e9mie vient d&#8217;\u00eatre d\u00e9clench\u00e9 (au fait, combien d&#8217;actes dans ce drame actuel que vous nous \u00e9crivez, messieurs les dirigeants ?)&#8230;<\/p>\n","protected":false},"author":2,"featured_media":0,"comment_status":"closed","ping_status":"open","sticky":false,"template":"","format":"standard","meta":{"_mi_skip_tracking":false,"_monsterinsights_sitenote_active":false,"_monsterinsights_sitenote_note":"","_monsterinsights_sitenote_category":0},"categories":[97,1,147],"tags":[],"_links":{"self":[{"href":"https:\/\/sndll.info\/index.php?rest_route=\/wp\/v2\/posts\/2460"}],"collection":[{"href":"https:\/\/sndll.info\/index.php?rest_route=\/wp\/v2\/posts"}],"about":[{"href":"https:\/\/sndll.info\/index.php?rest_route=\/wp\/v2\/types\/post"}],"author":[{"embeddable":true,"href":"https:\/\/sndll.info\/index.php?rest_route=\/wp\/v2\/users\/2"}],"replies":[{"embeddable":true,"href":"https:\/\/sndll.info\/index.php?rest_route=%2Fwp%2Fv2%2Fcomments&post=2460"}],"version-history":[{"count":3,"href":"https:\/\/sndll.info\/index.php?rest_route=\/wp\/v2\/posts\/2460\/revisions"}],"predecessor-version":[{"id":3457,"href":"https:\/\/sndll.info\/index.php?rest_route=\/wp\/v2\/posts\/2460\/revisions\/3457"}],"wp:attachment":[{"href":"https:\/\/sndll.info\/index.php?rest_route=%2Fwp%2Fv2%2Fmedia&parent=2460"}],"wp:term":[{"taxonomy":"category","embeddable":true,"href":"https:\/\/sndll.info\/index.php?rest_route=%2Fwp%2Fv2%2Fcategories&post=2460"},{"taxonomy":"post_tag","embeddable":true,"href":"https:\/\/sndll.info\/index.php?rest_route=%2Fwp%2Fv2%2Ftags&post=2460"}],"curies":[{"name":"wp","href":"https:\/\/api.w.org\/{rel}","templated":true}]}}