{"id":2486,"date":"2020-03-24T12:50:42","date_gmt":"2020-03-24T11:50:42","guid":{"rendered":"http:\/\/pjcrpry.cluster031.hosting.ovh.net\/?p=2486"},"modified":"2020-05-30T13:26:38","modified_gmt":"2020-05-30T11:26:38","slug":"banques-assurances-loyers-corona-le-point-au-24-03-2020","status":"publish","type":"post","link":"https:\/\/sndll.info\/?p=2486","title":{"rendered":"Banques, Assurances, loyers&#8230;CORONA le point au 24\/03\/2020"},"content":{"rendered":"\n<p> Comme vous le savez, le<strong> SNDLL <\/strong>est en partenariat avec l<strong>e GNI <\/strong>(Groupement National des Ind\u00e9pendants) avec son partenaire le <strong>SYNHORCAT.<\/strong><\/p>\n\n\n\n<p><strong>Depuis le d\u00e9but notre analyse est claire:<\/strong> seule la pression  nationale et la volont\u00e9 politique peuvent nous apporter des solutions face \u00e0 une situation exceptionnelle. Inutile de se disperser dans des agitations individuelles incontr\u00f4l\u00e9es et st\u00e9riles.<\/p>\n\n\n\n<p>&#8221; Ce lundi matin, j\u2019ai particip\u00e9 \u00e0 la conf\u00e9rence t\u00e9l\u00e9phonique qu\u2019organisait comme chaque lundi le Ministre de l\u2019\u00c9conomie Bruno Le Maire, la Ministre du travail, Muriel P\u00e9nicaud et les Ministres Elisabeth Borne et G\u00e9rald Darmanin. Les Secr\u00e9taires d\u2019Etat, Agn\u00e8s Pannier-Runacher et Jean-Baptiste Lemoyne y participaient \u00e9galement.<\/p>\n\n\n\n<p>Diff\u00e9rents points ont pu \u00eatre abord\u00e9s, d\u2019autres non. Je vous livre un \u00e9tat de la situation actuelle sur les sujets fondamentaux qui vous pr\u00e9occupent l\u00e9gitimement. Je vous rappelle aussi que nos collaborateurs restent en cette p\u00e9riode \u00e0 votre disposition par t\u00e9l\u00e9phone ou email (<a href=\"http:\/\/poiy.mj.am\/lnk\/AM4AAGr00cUAAco2oIQAAFkKf68AAYCqC34AAAAzAAN04ABeeQBUWvtCjPjzT9Kg_M6T8b0EGAADT3E\/3\/8OC9fqMYXXOpwl7ZOp_9vg\/aHR0cHM6Ly93d3cuZ25pLWhjci5mci9zcGVjaWFsLWNvcm9uYXZpcnVzLWNvdmlkLTE5L2NvbW11bmljYXRpb24tZ25pL2xlcy1zZXJ2aWNlcy1kdS1nbmktcmVzdGFudC1qb2lnbmFibGVzP3Zhcl9tb2RlPWNhbGN1bA\" target=\"_blank\" rel=\"noreferrer noopener\">vos contacts en cliquant ici<\/a>).<\/p>\n\n\n\n<ul><li><strong>Sur l\u2019emploi et le&nbsp;<a href=\"http:\/\/poiy.mj.am\/lnk\/AM4AAGr00cUAAco2oIQAAFkKf68AAYCqC34AAAAzAAN04ABeeQBUWvtCjPjzT9Kg_M6T8b0EGAADT3E\/4\/m2di_06n7T2E49SdYkklhQ\/aHR0cHM6Ly9hY3Rpdml0ZXBhcnRpZWxsZS5lbXBsb2kuZ291di5mci9hcGFydHMv\" target=\"_blank\" rel=\"noreferrer noopener\">ch\u00f4mage partiel<\/a><\/strong><strong>&nbsp;:<\/strong><\/li><\/ul>\n\n\n\n<p>-La Ministre du travail ne s\u2019est pas positionn\u00e9e pour une indemnisation de la dur\u00e9e du travail accompli au-del\u00e0 de 35 heures par semaine, c\u2019est-\u00e0-dire de la dur\u00e9e l\u00e9gale du travail. Or cette question est fondamentale. A ce jour le principe pos\u00e9 reste donc le suivant&nbsp;:<\/p>\n\n\n\n<p>Seules les heures ch\u00f4m\u00e9es dans la limite de la dur\u00e9e l\u00e9gale du travail sont indemnisables.&nbsp;<strong>Les heures suppl\u00e9mentaires accomplies entre la 3<\/strong><strong>5<\/strong><strong>\u00e8me et la 39<\/strong><strong>\u00e8<\/strong><strong>me heure de travail en raison de la CCN des HCR ne sont pas dues par l\u2019entreprise. Ces heures n\u2019ouvrent pas droit au versement de l\u2019allocation d\u2019activit\u00e9 partielle de l\u2019\u00c9tat \u00e0 l\u2019employeur.<\/strong><\/p>\n\n\n\n<p>Pour les salari\u00e9s travaillant en forfait heures ou jours sur l\u2019ann\u00e9e, c\u2019est la dur\u00e9e l\u00e9gale correspondant aux jours de fermeture de l\u2019\u00e9tablissement ou du service qui est prise en compte (dans la limite de 7&nbsp;heures par jour ou 3h30 par demi-journ\u00e9e de fermeture).<\/p>\n\n\n\n<p><strong>Attention&nbsp;:&nbsp;<\/strong>les heures suppl\u00e9mentaires doivent \u00eatre pay\u00e9es au salaire convenu si l\u2019employeur s\u2019est engag\u00e9 express\u00e9ment \u00e0 maintenir la r\u00e9mun\u00e9ration en cas d\u2019activit\u00e9 partielle.<\/p>\n\n\n\n<p>-Les modalit\u00e9s d\u2019indemnisation ne sont pas encore arr\u00eat\u00e9es officiellement en l\u2019absence de publication des textes (<a href=\"http:\/\/poiy.mj.am\/lnk\/AM4AAGr00cUAAco2oIQAAFkKf68AAYCqC34AAAAzAAN04ABeeQBUWvtCjPjzT9Kg_M6T8b0EGAADT3E\/5\/79XZT2S8FI6DYVLRFNm8Tw\/aHR0cHM6Ly93d3cuZ25pLWhjci5mci9zcGVjaWFsLWNvcm9uYXZpcnVzLWNvdmlkLTE5L3NvY2lhbC9hY3Rpdml0ZS1wYXJ0aWVsbGUtbWFpbnRlbmlyLWVuLWVtcGxvaS1sZXMtc2FsYXJpZXM\" target=\"_blank\" rel=\"noreferrer noopener\">cliquez ici pour avoir les derni\u00e8res informations<\/a>). Nous sommes conscients de l\u2019urgence pour vous d\u2019\u00eatre inform\u00e9s. Nous faisons le maximum avant l\u2019\u00e9tablissement de vos paies de mars.<\/p>\n\n\n\n<p>-Nous n\u2019avons par ailleurs aucune nouvelle information concernant la proc\u00e9dure de d\u00e9claration (le site reste inaccessible) ni sur les d\u00e9lais sous lesquels les entreprises seront rembours\u00e9es de l\u2019indemnisation au titre du ch\u00f4mage partiel. L\u00e0 encore, nous faisons le maximum dans l\u2019int\u00e9r\u00eat de votre entreprise.<br>Je pr\u00e9cise cependant que nous avons des garanties de la Ministre du Travail sur le fait que les prises en charge interviendront \u00e0 la date demand\u00e9e et non \u00e0 la r\u00e9ception de la demande de ch\u00f4mage partiel.<\/p>\n\n\n\n<p>&#8230;.<\/p>\n\n\n\n<ul><li><strong>Sur les banques et la tr\u00e9sorerie de votre entreprise&nbsp;:<\/strong><\/li><\/ul>\n\n\n\n<p>Ce lundi, Fr\u00e9d\u00e9ric Oud\u00e9a, Pr\u00e9sident de la F\u00e9d\u00e9ration bancaire et Bruno le Maire ont annonc\u00e9&nbsp;:<\/p>\n\n\n\n<p>-A compter du mercredi 25 mars, date de publication du d\u00e9cret n\u00e9cessaire,&nbsp;<strong>les banques mettront \u00e0 la disposition des entreprises un cr\u00e9dit de tr\u00e9sorerie d\u2019un montant \u00e9gal \u00e0 3 mois de CA. La banque ne prendra aucune marge sur cet emprunt qui sera garanti par l\u2019Etat et \u00e0 ce titre supportera un taux de 0,25% pour les entreprises dont le CA est inf\u00e9rieure \u00e0 50 millions d\u2019euros<\/strong>&nbsp;(et de 0,5% pour les entreprises dont le CA d\u00e9passe les 50 millions d\u2019euros par an).<\/p>\n\n\n\n<p>Attention, ces taux s\u2019appliquent \u00e0 la 1ere ann\u00e9e du cr\u00e9dit. Le taux du cr\u00e9dit pourra augmenter pour les entreprises qui opteront pour un remboursement au-del\u00e0 d\u2019un an.<\/p>\n\n\n\n<p>Ce pr\u00eat sera en effet remboursable apr\u00e8s une franchise d\u2019un an. Le chef d\u2019entreprise d\u00e9cidera alors un remboursement imm\u00e9diat ou un \u00e9talement sur une p\u00e9riode maximale de 5 ans.<\/p>\n\n\n\n<p>Vous \u00eates invit\u00e9s \u00e0 vous rapprocher de votre banque qui pourra d\u00e9livrer ces pr\u00eats \u00e0 des prix tr\u00e8s comp\u00e9titifs, \u00e0 compter du mercredi 25 mars 2020.<br>Si vous rencontrez des difficult\u00e9s, faites nous remonter les informations.<\/p>\n\n\n\n<p><strong>-Je rappelle que cette mesure vient s\u2019ajouter au report de 6 mois de tout emprunt bancaire sans frais ni p\u00e9nalit\u00e9.<\/strong><\/p>\n\n\n\n<p>Nous veillerons \u00e0 ce que les TNS du secteur HCR aient acc\u00e8s \u00e0 l\u2019ensemble de ces mesures&nbsp;m\u00eame en cas<strong>&nbsp;de confusion des patrimoines professionnel et priv\u00e9.<\/strong><\/p>\n\n\n\n<p>-D\u2019autre part, j\u2019interroge ce jour le Ministre sur une intervention du gouvernement visant \u00e0 demander aux banques de&nbsp;<strong>r\u00e9duire ou de supprimer les commissions sur les paiements par CB sans contact<\/strong>&nbsp;afin de favoriser son usage dans l\u2019int\u00e9r\u00eat sanitaire de tous et de faire face \u00e0 des 1ers signes de p\u00e9nurie de monnaie.<\/p>\n\n\n\n<p>Enfin, le Ministre des Comptes publics, G\u00e9rald Darmanin a annonc\u00e9&nbsp;<strong>le&nbsp;<\/strong><strong>report de paiement des cotisations sociales dues au 5&nbsp;avril 2020 pour les entreprises concern\u00e9es et le remboursement acc\u00e9l\u00e9r\u00e9 des cr\u00e9dits d\u2019imp\u00f4ts sur les soci\u00e9t\u00e9s restituables en 2020 ainsi que des cr\u00e9dits de TVA.&nbsp;(<\/strong><strong><a href=\"http:\/\/poiy.mj.am\/lnk\/AM4AAGr00cUAAco2oIQAAFkKf68AAYCqC34AAAAzAAN04ABeeQBUWvtCjPjzT9Kg_M6T8b0EGAADT3E\/6\/2gJgzZex-9yj4Ia0jCtN5Q\/aHR0cHM6Ly9taW5lZmkuaG9zdGluZy5hdWd1cmUuY29tL0F1Z3VyZV9NaW5lZmkvci9Db250ZW51RW5MaWduZS9Eb3dubG9hZD9pZD0wRUU2NzczQS1ENTY4LTQxMzMtOTU2Qy01QzE3MjEyRjVFNTYmZmlsZW5hbWU9OTk2JTIwLSUyMFJlbmZvcmNlbWVudCUyMGRlcyUyMG1lc3VyZXMucGRm\" target=\"_blank\" rel=\"noreferrer noopener\">lire ici le communiqu\u00e9 de presse<\/a>)<\/strong><\/p>\n\n\n\n<ul><li><strong>Sur les Assurances<\/strong><strong>&nbsp;:<\/strong><\/li><\/ul>\n\n\n\n<p>Le gouvernement ne nous a pas inform\u00e9 avoir re\u00e7u de nouvelles propositions de la part des assureurs en dehors de celle qui consiste \u00e0 continuer d\u2019assurer nos entreprises quand bien m\u00eame elles ne s\u2019acquittent plus de leurs cotisations. Cela n\u2019est pas acceptable.<br><strong>Je m\u2019appr\u00eate en cons\u00e9quence \u00e0 saisir le Pr\u00e9sident de la R\u00e9publique afin qu\u2019il demande un amendement \u00e0 la Loi pour faire reconna\u00eetre l\u2019\u00e9tat d\u2019urgence sanitaire en une catastrophe naturelle qui permettra la prise en charge des pertes d\u2019exploitation.<\/strong><\/p>\n\n\n\n<p>&#8230;.<\/p>\n\n\n\n<ul><li><strong>Sur les loyers&nbsp;:<\/strong><\/li><\/ul>\n\n\n\n<p>Le Ministre de l\u2019\u00c9conomie a annonc\u00e9 que les principales f\u00e9d\u00e9rations de bailleurs ainsi que la Caisse des d\u00e9p\u00f4ts avaient appel\u00e9 leurs adh\u00e9rents \u00e0 s<strong>uspendre les loyers des TPE\/ PME ayant \u00e9t\u00e9 contraints de cesser leur activit\u00e9 en application de l\u2019arr\u00eat\u00e9 de fermeture des caf\u00e9s et \u00e0 leur proposer des \u00e9ch\u00e9anciers de remboursement sans p\u00e9nalit\u00e9, adapt\u00e9s \u00e0 leur situation une fois que l\u2019activit\u00e9 aura repris. (<a href=\"http:\/\/poiy.mj.am\/lnk\/AM4AAGr00cUAAco2oIQAAFkKf68AAYCqC34AAAAzAAN04ABeeQBUWvtCjPjzT9Kg_M6T8b0EGAADT3E\/8\/9TXvDxfyVC5moRl4sWOEIg\/aHR0cHM6Ly9taW5lZmkuaG9zdGluZy5hdWd1cmUuY29tL0F1Z3VyZV9NaW5lZmkvci9Db250ZW51RW5MaWduZS9Eb3dubG9hZD9pZD1CREVCNjA5OC03NUUzLTQ4MkQtQTgwOC1DMTRFOUFGM0EyOUMmZmlsZW5hbWU9MjA4MyUyMC0lMjBMZXMlMjBwcmluY2lwYWxlcyUyMGYlQzMlQTlkJUMzJUE5cmF0aW9ucyUyMGRlJTIwYmFpbGxldXJzJTIwZXQlMjBsYSUyMENEQyUyMG9udCUyMGFwcGVsJUMzJUE5JTIwbGV1cnMlMjBhZGglQzMlQTlyZW50cyUyMCVDMyVBMCUyMHN1c3BlbmRyZSUyMGxlcyUyMGxveWVycyUyMGRlcyUyMFRQRSUyMGV0JTIwZGVzJTIwUE1FLnBkZg\" target=\"_blank\" rel=\"noreferrer noopener\">lire le communiqu\u00e9 de presse<\/a><\/strong><strong>)<\/strong><\/p>\n\n\n\n<p>Ils ont \u00e9galement recommand\u00e9 \u00e0 leurs adh\u00e9rents d\u2019\u00e9tudier avec bienveillance les demandes de suspension de loyers qui serait faites par les autres entreprises, c\u2019est \u00e0 dire celles n\u2019ayant pas \u00e9t\u00e9 contraintes \u00e0 la fermeture et connaissant aussi un grave ralentissement ou un arr\u00eat de leur activit\u00e9 comme les h\u00f4tels.<\/p>\n\n\n\n<p>Saisissez votre bailleur et demandez-lui une suspension ou \u00e0 tout le moins un report de votre loyer. Le d\u00e9partement juridique est \u00e0 votre disposition pour vous conseiller et vous accompagner dans votre d\u00e9marche. (<a href=\"http:\/\/poiy.mj.am\/lnk\/AM4AAGr00cUAAco2oIQAAFkKf68AAYCqC34AAAAzAAN04ABeeQBUWvtCjPjzT9Kg_M6T8b0EGAADT3E\/9\/QeOl5AxSYht3uXBJFO7wCA\/aHR0cHM6Ly93d3cuZ25pLWhjci5mci9zcGVjaWFsLWNvcm9uYXZpcnVzLWNvdmlkLTE5L3JlY29tbWFuZGF0aW9ucy9yZWNvbW1hbmRhdGlvbi1ubzQtZGVtYW5kZS1kZS1zdXNwZW5zaW9uLWR1LXBhaWVtZW50LWRlcy1sb3llcnMtY29tbWVyY2lhdXg\" target=\"_blank\" rel=\"noreferrer noopener\">cliquez ici pour retrouver les mod\u00e8les de courrier<\/a>)<\/p>\n\n\n\n<p><strong>A noter<\/strong>&nbsp;: Les villes aussi se mobilisent \u00e0 l\u2019instar des villes de Chamonix, de Paris et de Nantes qui ont annonc\u00e9 la semaine derni\u00e8re&nbsp;:<\/p>\n\n\n\n<p>&#8211; un gel des droits de terrasse, \u00e9talages et devantures pour les acteurs qui font l\u2019objet d\u2019une fermeture,<\/p>\n\n\n\n<p>&#8211; un gel des redevances per\u00e7ues par la Ville au titre de l\u2019occupation de son espace public pour les activit\u00e9s \u00e9conomiques et associatives touch\u00e9es,<\/p>\n\n\n\n<p>&#8211; un gel des loyers per\u00e7us par la Ville et par ses bailleurs (RIVP, Paris Habitat OPH, Elogie-SIEMP, SEMAEST), toujours pour les acteurs \u00e9conomiques et associatifs qui ont ferm\u00e9.<\/p>\n\n\n\n<p>Voici \u00e0 ce jour les informations que je voulais porter \u00e0 votre connaissance. &#8221; <\/p>\n\n\n\n<p><strong>Voil\u00e0 le message de notre repr\u00e9sentant du GNI que je relaie car il est exactement le reflet des demandes du SNDLL pour les \u00e9tablissements de nuit<\/strong>.<\/p>\n\n\n\n<p>Je reste \u00e0 votre \u00e9coute et \u00e0 votre service.<\/p>\n\n\n\n<p>Bien cordialement<\/p>\n\n\n\n<p>Patrick MALVA\u00cbS<\/p>\n","protected":false},"excerpt":{"rendered":"<p>Comme vous le savez, le SNDLL est en partenariat avec le GNI (Groupement National des Ind\u00e9pendants) avec son partenaire le SYNHORCAT. Depuis le d\u00e9but notre analyse est claire: seule la pression nationale et la&#8230;<\/p>\n","protected":false},"author":2,"featured_media":0,"comment_status":"closed","ping_status":"open","sticky":false,"template":"","format":"standard","meta":{"_mi_skip_tracking":false,"_monsterinsights_sitenote_active":false,"_monsterinsights_sitenote_note":"","_monsterinsights_sitenote_category":0},"categories":[97,1],"tags":[],"_links":{"self":[{"href":"https:\/\/sndll.info\/index.php?rest_route=\/wp\/v2\/posts\/2486"}],"collection":[{"href":"https:\/\/sndll.info\/index.php?rest_route=\/wp\/v2\/posts"}],"about":[{"href":"https:\/\/sndll.info\/index.php?rest_route=\/wp\/v2\/types\/post"}],"author":[{"embeddable":true,"href":"https:\/\/sndll.info\/index.php?rest_route=\/wp\/v2\/users\/2"}],"replies":[{"embeddable":true,"href":"https:\/\/sndll.info\/index.php?rest_route=%2Fwp%2Fv2%2Fcomments&post=2486"}],"version-history":[{"count":1,"href":"https:\/\/sndll.info\/index.php?rest_route=\/wp\/v2\/posts\/2486\/revisions"}],"predecessor-version":[{"id":2487,"href":"https:\/\/sndll.info\/index.php?rest_route=\/wp\/v2\/posts\/2486\/revisions\/2487"}],"wp:attachment":[{"href":"https:\/\/sndll.info\/index.php?rest_route=%2Fwp%2Fv2%2Fmedia&parent=2486"}],"wp:term":[{"taxonomy":"category","embeddable":true,"href":"https:\/\/sndll.info\/index.php?rest_route=%2Fwp%2Fv2%2Fcategories&post=2486"},{"taxonomy":"post_tag","embeddable":true,"href":"https:\/\/sndll.info\/index.php?rest_route=%2Fwp%2Fv2%2Ftags&post=2486"}],"curies":[{"name":"wp","href":"https:\/\/api.w.org\/{rel}","templated":true}]}}