{"id":2490,"date":"2020-03-26T13:09:09","date_gmt":"2020-03-26T12:09:09","guid":{"rendered":"http:\/\/pjcrpry.cluster031.hosting.ovh.net\/?p=2490"},"modified":"2020-05-30T13:26:38","modified_gmt":"2020-05-30T11:26:38","slug":"assurances-et-coronavirus","status":"publish","type":"post","link":"https:\/\/sndll.info\/?p=2490","title":{"rendered":"ASSURANCES ET CORONAVIRUS"},"content":{"rendered":"\n<p>Cher(e) adh\u00e9rent(e),<\/p>\n\n\n\n<p>Depuis le d\u00e9but de la crise sanitaire que nous connaissons, le SNDLL avec le GNI d\u00e9noncent vigoureusement le comportement des assureurs qui se retranchent de fa\u00e7on ind\u00e9cente derri\u00e8re le silence de la loi, qui \u00e0 ce jour ne reconna\u00eetrait pas cette crise comme une catastrophe naturelle de nature \u00e0 ouvrir la garantie de nos pertes d\u2019exploitation.<\/p>\n\n\n\n<p>C\u2019est pourquoi <strong>nous vous invitons \u00e0 faire parvenir le courrier suivant aux parlementaires de votre circonscription<\/strong>, afin d\u2019obtenir leur appui (<a rel=\"noreferrer noopener\" href=\"http:\/\/poiy.mj.am\/lnk\/AM4AAGtw_JsAAco9BgIAAFkKf68AAYCqC34AAAAzAAN04ABefJN6kZKD7IdaTHamh7lmZWVi-QADT3E\/3\/k5AsCPU-6WWObAkKe___cQ\/aHR0cHM6Ly93d3cuZ25pLWhjci5mci9JTUcvZG9jeC9jb3Vycmllcl9zZW5hdGV1cl9kZXB1dGVfYXNzdXJldXIuZG9jeA\" target=\"_blank\">ou en cliquant ici<\/a>)\u00a0:<\/p>\n\n\n\n<p>&#8220;<em>Madame la D\u00e9put\u00e9e, Monsieur le D\u00e9put\u00e9,<br>Madame la S\u00e9natrice, Monsieur le S\u00e9nateur&nbsp;<\/em><\/p>\n\n\n\n<p><em>Face \u00e0 la pand\u00e9mie de covid-19 qui ravage notre pays, le Pr\u00e9sident de la R\u00e9publique a d\u00e9clar\u00e9 la guerre. Il a pris des mesures importantes, indispensables \u00e0 la sant\u00e9 de nos concitoyens et demand\u00e9 au gouvernement et au parlement de prendre des dispositions in\u00e9dites de soutien \u00e0 nos salari\u00e9s et \u00e0 nos entreprises.<\/em><\/p>\n\n\n\n<p><em>Nous en sommes, \u00e0 tous, reconnaissants, cafetiers, h\u00f4teliers, restaurateurs, traiteurs organisateurs de r\u00e9ception, discoth\u00e9caires&#8230;<\/em><\/p>\n\n\n\n<p><em>Il a aussi appel\u00e9 \u00e0 la solidarit\u00e9 nationale et nos professionnels ont r\u00e9pondu pr\u00e9sents. Les h\u00f4teliers se manifestent chaque jour pour h\u00e9berger les sans-abris ou le personnel soignant mobilis\u00e9 dans le combat contre le virus, sans m\u00eame qu\u2019il soit fait besoin d\u2019une r\u00e9quisition. Les restaurateurs multiplient les initiatives de soutien en cuisinant et en alimentant les professionnels qui sont au front.<\/em> Les discoth\u00e9caires et DJ animent des &#8220;sessions&#8221; de sensibilisation musicale pour soutenir le personnel soignant et renforcer le moral des populations.<\/p>\n\n\n\n<p><em>Nos bailleurs, nos banquiers, nos fournisseurs, tous se mobilisent aussi pour nous venir en aide et marquer leur solidarit\u00e9.<\/em><\/p>\n\n\n\n<p><em><strong>Tous, sauf les assureurs qui se retranchent de fa\u00e7on ind\u00e9cente derri\u00e8re le silence de la loi qui \u00e0 ce jour ne reconnaitrait pas la crise sanitaire que nous affrontons comme une catastrophe naturelle de nature \u00e0 ouvrir la garantie de nos pertes d\u2019exploitation. C\u2019est inacceptable&nbsp;! C\u2019est ind\u00e9cent&nbsp;!<\/strong><\/em><\/p>\n\n\n\n<p><em>Pire, ils font aujourd\u2019hui preuve de cynisme en osant pr\u00e9tendre faire un geste \u00e0 notre attention en proposant de conserver en garantie les contrats de nos entreprises en difficult\u00e9s qui ne seraient pas \u00e0 jour de leur cotisation&nbsp;! et&nbsp;en d\u00e9clarant vouloir verser 200 millions d\u2019euros au Fonds National de Solidarit\u00e9&nbsp;: une somme d\u00e9risoire au regard de l\u2019ampleur du pr\u00e9judice subi par nos entreprises et notre \u00e9conomie et des profits qu\u2019ils d\u00e9gagent&nbsp;!<\/em><\/p>\n\n\n\n<p><em>Nous, professionnels, d\u00e9non\u00e7ons tous vigoureusement cette attitude. En une semaine, la p\u00e9tition,&nbsp;<a href=\"http:\/\/poiy.mj.am\/lnk\/AM4AAGtw_JsAAco9BgIAAFkKf68AAYCqC34AAAAzAAN04ABefJN6kZKD7IdaTHamh7lmZWVi-QADT3E\/4\/9zDcTZiquoEpuJS0LE2WlA\/aHR0cHM6Ly93d3cuY2hhbmdlLm9yZy9wL2JydW5vLWxlLW1haXJlLXNhdXZvbnMtbm9zLXJlc3RhdXJhbnRzLWV0LXByb2R1Y3RldXJzP3JlY3J1aXRlcj0xMDUzNTY4ODQ2JnV0bV9zb3VyY2U9c2hhcmVfZm9yX3N0YXJ0ZXJzX3BhZ2UmdXRtX21lZGl1bT1hYmlfZ21haWwmdXRtX2NhbXBhaWduPWFkZHJlc3NfYm9vayZyZWNydWl0ZWRfYnlfaWQ9ZDI2NWEwZDAtNjg2Ni0xMWVhLWJiMjUtNTVlMWJlZGU0MGIz\" target=\"_blank\" rel=\"noreferrer noopener\">\u00ab&nbsp;Sauvons nos restaurants et producteurs&nbsp;!&nbsp;\u00bb<\/a>, lanc\u00e9e par le chef St\u00e9phane J\u00e9go, a recueilli plus de 70 000 signatures.<\/em><\/p>\n\n\n\n<p><em>Madame la D\u00e9put\u00e9e, Monsieur le D\u00e9put\u00e9, Madame la Senatrice, Monsieur le S\u00e9nateur, vous pouvez intervenir&nbsp;! Vous pouvez faire changer d\u2019attitude les assureurs et les obliger \u00e0 indemniser nos entreprises en inscrivant dans la loi que l\u2019\u00c9tat d\u2019urgence sanitaire que vous avez d\u00e9j\u00e0 vot\u00e9e est officiellement constitutif d\u2019une catastrophe naturelle. C\u2019est notre demande \u00e0 tous&nbsp;!<\/em><\/p>\n\n\n\n<p><em>Je vous le demande respectueusement en mon nom, celui de mes salari\u00e9s et au nom de la solidarit\u00e9 nationale \u00e0 laquelle le Pr\u00e9sident de la R\u00e9publique nous a tous appel\u00e9.<\/em><\/p>\n\n\n\n<p><em>Je vous prie d\u2019agr\u00e9er, Madame la D\u00e9put\u00e9e, Monsieur le D\u00e9put\u00e9, Madame la S\u00e9natrice, Monsieur&nbsp;le S\u00e9nateur l\u2019expression de mes salutations distingu\u00e9es.<\/em><\/p>\n\n\n\n<p><em>Signature du professionnel.<\/em>&#8220;<\/p>\n\n\n\n<p>Retrouvez en cliquant sur les liens suivant les coordonn\u00e9es\u00a0:<br>&#8211;\u00a0<a rel=\"noreferrer noopener\" href=\"http:\/\/poiy.mj.am\/lnk\/AM4AAGtw_JsAAco9BgIAAFkKf68AAYCqC34AAAAzAAN04ABefJN6kZKD7IdaTHamh7lmZWVi-QADT3E\/5\/CSr9Q-LlJPd7IpdDAZ4rzw\/aHR0cDovL3d3dzIuYXNzZW1ibGVlLW5hdGlvbmFsZS5mci9kZXB1dGVzL2xpc3RlL3JlZ2lvbnM\" target=\"_blank\">de votre d\u00e9put\u00e9<\/a>,<br>&#8211;\u00a0<a rel=\"noreferrer noopener\" href=\"http:\/\/poiy.mj.am\/lnk\/AM4AAGtw_JsAAco9BgIAAFkKf68AAYCqC34AAAAzAAN04ABefJN6kZKD7IdaTHamh7lmZWVi-QADT3E\/6\/QkyVTs04XVGtU_bhWN1IPA\/aHR0cHM6Ly93d3cuc2VuYXQuZnIvc2VuYXRldXJzL3NlbmF0bC5odG1s\" target=\"_blank\">de votre s\u00e9nateur<\/a>.<\/p>\n\n\n\n<p>Merci de votre engagement aux c\u00f4t\u00e9s du SNDLL et du GNI.<\/p>\n\n\n\n<p>Patrick MALVA\u00cbS<\/p>\n","protected":false},"excerpt":{"rendered":"<p>Cher(e) adh\u00e9rent(e), Depuis le d\u00e9but de la crise sanitaire que nous connaissons, le SNDLL avec le GNI d\u00e9noncent vigoureusement le comportement des assureurs qui se retranchent de fa\u00e7on ind\u00e9cente derri\u00e8re le silence de la&#8230;<\/p>\n","protected":false},"author":2,"featured_media":0,"comment_status":"closed","ping_status":"open","sticky":false,"template":"","format":"standard","meta":{"_mi_skip_tracking":false,"_monsterinsights_sitenote_active":false,"_monsterinsights_sitenote_note":"","_monsterinsights_sitenote_category":0},"categories":[97,1],"tags":[],"_links":{"self":[{"href":"https:\/\/sndll.info\/index.php?rest_route=\/wp\/v2\/posts\/2490"}],"collection":[{"href":"https:\/\/sndll.info\/index.php?rest_route=\/wp\/v2\/posts"}],"about":[{"href":"https:\/\/sndll.info\/index.php?rest_route=\/wp\/v2\/types\/post"}],"author":[{"embeddable":true,"href":"https:\/\/sndll.info\/index.php?rest_route=\/wp\/v2\/users\/2"}],"replies":[{"embeddable":true,"href":"https:\/\/sndll.info\/index.php?rest_route=%2Fwp%2Fv2%2Fcomments&post=2490"}],"version-history":[{"count":1,"href":"https:\/\/sndll.info\/index.php?rest_route=\/wp\/v2\/posts\/2490\/revisions"}],"predecessor-version":[{"id":2491,"href":"https:\/\/sndll.info\/index.php?rest_route=\/wp\/v2\/posts\/2490\/revisions\/2491"}],"wp:attachment":[{"href":"https:\/\/sndll.info\/index.php?rest_route=%2Fwp%2Fv2%2Fmedia&parent=2490"}],"wp:term":[{"taxonomy":"category","embeddable":true,"href":"https:\/\/sndll.info\/index.php?rest_route=%2Fwp%2Fv2%2Fcategories&post=2490"},{"taxonomy":"post_tag","embeddable":true,"href":"https:\/\/sndll.info\/index.php?rest_route=%2Fwp%2Fv2%2Ftags&post=2490"}],"curies":[{"name":"wp","href":"https:\/\/api.w.org\/{rel}","templated":true}]}}