{"id":2536,"date":"2020-04-01T11:45:40","date_gmt":"2020-04-01T09:45:40","guid":{"rendered":"http:\/\/pjcrpry.cluster031.hosting.ovh.net\/?p=2536"},"modified":"2020-05-30T13:26:38","modified_gmt":"2020-05-30T11:26:38","slug":"aides-du-fonds-de-solidarite","status":"publish","type":"post","link":"https:\/\/sndll.info\/?p=2536","title":{"rendered":"AIDES DU FONDS DE SOLIDARITE"},"content":{"rendered":"\n<p>On trouvera ci-dessous les pr\u00e9cisions du Minist\u00e8re de l&#8217;\u00e9conomie pour b\u00e9n\u00e9ficier de ces aides financi\u00e8res exceptionnelles.<\/p>\n\n\n\n<p>MINIST\u00c8RE DE L&#8217;ACTION ET DES COMPTES PUBLICS<a href=\"https:\/\/www.impots.gouv.fr\/portail\/\"><\/a><\/p>\n\n\n\n<h2>Fonds de solidarit\u00e9 pour les entreprises, ind\u00e9pendants, entrepreneurs<\/h2>\n\n\n\n<h2>Suis-je concern\u00e9 par cette aide ?<\/h2>\n\n\n\n<p>Ce fonds de solidarit\u00e9, mis en place par l\u2019Etat avec les r\u00e9gions, vise \u00e0&nbsp;<strong>soutenir les tr\u00e8s petites entreprises (TPE) les plus touch\u00e9es par les cons\u00e9quences \u00e9conomiques&nbsp;<\/strong>de la crise du coronavirus.<\/p>\n\n\n\n<p>Il s\u2019adresse aux&nbsp;<strong>commer\u00e7ants, artisans, professions lib\u00e9rales et autres agents \u00e9conomiques, quel que soit leur statut<\/strong>&nbsp;(soci\u00e9t\u00e9, entrepreneur individuel, association, etc.) et leur r\u00e9gime fiscal et social (y compris micro-entrepreneurs).<\/p>\n\n\n\n<p>Sont \u00e9ligibles les&nbsp;<strong>TPE de 10 salari\u00e9s ou moins<\/strong>, avec un<strong>&nbsp;chiffre d\u2019affaires annuel inf\u00e9rieur \u00e0 1 million<\/strong>&nbsp;d\u2019euros et un&nbsp;<strong>b\u00e9n\u00e9fice annuel imposable inf\u00e9rieur \u00e0 60&nbsp;000<\/strong>&nbsp;euros sur le dernier exercice clos.<\/p>\n\n\n\n<p>Initialement pr\u00e9vu pour les entreprises qui ont fait l\u2019objet d\u2019une interdiction d\u2019accueil du public ou ont perdu plus de 70% de leur chiffre d\u2019affaires en mars 2020 par rapport \u00e0 mars 2019, \u00e0 compter de vendredi, le gouvernement a d\u00e9cid\u00e9 d&#8217;octroyer l&#8217;aide y compris pour les entreprises dont le chiffre d&#8217;affaires baisse de plus de 50%. Sous r\u00e9serve de la sortie du d\u00e9cret correspondant dans les jours prochains et \u00e0 compter de vendredi, les entreprises dans cette situation pourront \u00e9galement se d\u00e9clarer dans les m\u00eames conditions que les autres sur le site.<\/p>\n\n\n\n<p>Cette aide, qui pourra aller jusqu\u2019\u00e0 3&nbsp;500&nbsp;\u20ac par entreprise,&nbsp;contient deux volets :<\/p>\n\n\n\n<ul><li>Sur simple d\u00e9claration d\u00e9mat\u00e9rialis\u00e9e dans votre espace particulier , votre entreprise pourra b\u00e9n\u00e9ficier d\u2019une aide d\u2019un montant \u00e9gal \u00e0 la perte d\u00e9clar\u00e9e de chiffre d\u2019affaires en mars 2020 par rapport \u00e0 mars 2019, dans la limite de 1&nbsp;500&nbsp;\u20ac ;<br>&nbsp;<\/li><li>Les entreprises les plus en difficult\u00e9 pourront, \u00e0 compter du 15 avril, solliciter une aide compl\u00e9mentaire de 2000 \u20ac aupr\u00e8s des services de la r\u00e9gion o\u00f9 ils exercent leur activit\u00e9. Des plateformes r\u00e9gionales seront ouvertes \u00e0 cet effet.<\/li><\/ul>\n\n\n\n<p>Ces aides directes s\u2019ajoutent \u00e0 l\u2019ensemble des autres mesures de soutien mises en \u0153uvre pour les entreprises (report de charges fiscales et sociales, pr\u00eats garantis, ch\u00f4mage partiel, report de loyers et factures, etc.)<\/p>\n\n\n\n<h2>Comment en faire la demande ?<\/h2>\n\n\n\n<p>Si vous r\u00e9pondez aux conditions, pour demander cette aide :<\/p>\n\n\n\n<h3>Cas g\u00e9n\u00e9ral :<\/h3>\n\n\n\n<p><strong>Les professionnels doivent se connecter \u00e0 leu<\/strong>r&nbsp;<strong>espace&nbsp;particulier<\/strong>&nbsp;(et non sur leur espace professionnel habituel) o\u00f9 ils trouveront dans leur&nbsp;<strong>messagerie s\u00e9curis\u00e9e<\/strong>&nbsp;sous &#8220;Ecrire&#8221; le motif de contact&nbsp;<strong>&#8220;Je demande l&#8217;aide aux entreprises fragilis\u00e9es par l&#8217;\u00e9pid\u00e9mie Covid-19&#8221;<\/strong>.<\/p>\n\n\n\n<p><a href=\"https:\/\/cfspart.impots.gouv.fr\/\" target=\"_blank\" rel=\"noreferrer noopener\">Je me connecte \u00e0&nbsp;Mon espace particulier&nbsp;pour en faire la demande pour mon entreprise<\/a><\/p>\n\n\n\n<h2>CORONAVIRUS &#8211; COVID 19 : MESURES EXCEPTIONNELLES POUR LES ENTREPRISES<\/h2>\n\n\n\n<p>En raison de l&#8217;impact de l\u2019\u00e9pid\u00e9mie sur l\u2019activit\u00e9 \u00e9conomique, et conform\u00e9ment aux annonces du Pr\u00e9sident de la R\u00e9publique le 12 mars 2020, la DGFiP d\u00e9clenche des mesures exceptionnelles pour accompagner les entreprises.<\/p>\n\n\n\n<p><a href=\"https:\/\/www.impots.gouv.fr\/portail\/node\/13467\">Point de la situation sur les mesures en mati\u00e8re fiscale<\/a><\/p>\n\n\n\n<p><a href=\"https:\/\/www.impots.gouv.fr\/portail\/node\/13465\">Pr\u00e9sentation des mesures d&#8217;accompagnement<\/a><\/p>\n\n\n\n<h2>D\u00e9claration de revenu : quand et comment faire en 2020 ?<\/h2>\n\n\n\n<p>Des questions sur la d\u00e9claration de revenus en cette p\u00e9riode ou les d\u00e9placements sont tr\u00e8s limit\u00e9s et les envois postaux plus difficiles ?<\/p>\n\n\n\n<p>Modification du<strong>&nbsp;calendrier de d\u00e9p\u00f4t<\/strong>,&nbsp;<strong>d\u00e9claration automatique<\/strong>,&nbsp;<strong>d\u00e9claration en ligne<\/strong>&nbsp;: des am\u00e9nagements sont pr\u00e9vus pour adapter la d\u00e9claration au contexte sanitaire.<\/p>\n\n\n\n<p><a href=\"https:\/\/www.impots.gouv.fr\/portail\/node\/13475\">En savoir plus<\/a><\/p>\n\n\n\n<h2>CORONAVIRUS &#8211; COVID 19 : PARTICULIERS, NE VOUS D\u00c9PLACEZ PAS<\/h2>\n\n\n\n<p>Vous pouvez effectuer&nbsp;<strong>l&#8217;essentiel de vos d\u00e9marches et poser toutes vos questions&nbsp;<a href=\"https:\/\/cfspart.impots.gouv.fr\/\" target=\"_blank\" rel=\"noreferrer noopener\">dans votre espace particulier<\/a><\/strong>.<\/p>\n\n\n\n<p>Pour contacter nos services, vous devez utiliser :<\/p>\n\n\n\n<ul><li>la&nbsp;<strong>messagerie s\u00e9curis\u00e9e<\/strong>&nbsp;de votre espace particulier ou le&nbsp;<strong>courriel ;<\/strong>ou<\/li><li>le&nbsp;<strong>t\u00e9l\u00e9phone<\/strong>&nbsp;(0809 401 401 &#8211; appel non surtax\u00e9).<br>&nbsp;<\/li><\/ul>\n\n\n\n<p>&#8211; &#8211; &#8211;<br><em><strong>Non r\u00e9sidents :&nbsp;<\/strong>vous devez utiliser la messagerie s\u00e9curis\u00e9e, ou le t\u00e9l\u00e9phone + 33 (0) 1 72 95 20 42. Merci aux non r\u00e9sidents de ne prendre contact en cette p\u00e9riode que pour les questions urgentes, compte tenu des effectifs restreints.<br>In order to contact, non residents should use their personal account on website www.impots.gouv.fr, or phone to + 33 (0) 1 72 95 20 42. In this period, please stick to urgent issues since we have a limited number of people to provide service.<\/em><\/p>\n\n\n\n<hr class=\"wp-block-separator\"\/>\n\n\n\n<p><strong>En cas d&#8217;urgence<\/strong>, vous pouvez \u00e9galement demander un rendez-vous t\u00e9l\u00e9phonique avec nos services, en vous rendant notre sur<a href=\"https:\/\/www.impots.gouv.fr\/portail\/contacts?178\">&nbsp;page Contact&nbsp;<\/a>ou<strong><a href=\"https:\/\/cfspart.impots.gouv.fr\/\" target=\"_blank\" rel=\"noreferrer noopener\">&nbsp;dans votre espace particulier<\/a><\/strong>.<br>L&#8217;accueil sur place n&#8217;est possible qu&#8217;en cas d&#8217;absolue n\u00e9cessit\u00e9 et uniquement sur rendez-vous.<\/p>\n","protected":false},"excerpt":{"rendered":"<p>On trouvera ci-dessous les pr\u00e9cisions du Minist\u00e8re de l&#8217;\u00e9conomie pour b\u00e9n\u00e9ficier de ces aides financi\u00e8res exceptionnelles. MINIST\u00c8RE DE L&#8217;ACTION ET DES COMPTES PUBLICS Fonds de solidarit\u00e9 pour les entreprises, ind\u00e9pendants, entrepreneurs Suis-je concern\u00e9 par&#8230;<\/p>\n","protected":false},"author":2,"featured_media":0,"comment_status":"closed","ping_status":"open","sticky":false,"template":"","format":"standard","meta":{"_mi_skip_tracking":false,"_monsterinsights_sitenote_active":false,"_monsterinsights_sitenote_note":"","_monsterinsights_sitenote_category":0},"categories":[97,1],"tags":[],"_links":{"self":[{"href":"https:\/\/sndll.info\/index.php?rest_route=\/wp\/v2\/posts\/2536"}],"collection":[{"href":"https:\/\/sndll.info\/index.php?rest_route=\/wp\/v2\/posts"}],"about":[{"href":"https:\/\/sndll.info\/index.php?rest_route=\/wp\/v2\/types\/post"}],"author":[{"embeddable":true,"href":"https:\/\/sndll.info\/index.php?rest_route=\/wp\/v2\/users\/2"}],"replies":[{"embeddable":true,"href":"https:\/\/sndll.info\/index.php?rest_route=%2Fwp%2Fv2%2Fcomments&post=2536"}],"version-history":[{"count":1,"href":"https:\/\/sndll.info\/index.php?rest_route=\/wp\/v2\/posts\/2536\/revisions"}],"predecessor-version":[{"id":2537,"href":"https:\/\/sndll.info\/index.php?rest_route=\/wp\/v2\/posts\/2536\/revisions\/2537"}],"wp:attachment":[{"href":"https:\/\/sndll.info\/index.php?rest_route=%2Fwp%2Fv2%2Fmedia&parent=2536"}],"wp:term":[{"taxonomy":"category","embeddable":true,"href":"https:\/\/sndll.info\/index.php?rest_route=%2Fwp%2Fv2%2Fcategories&post=2536"},{"taxonomy":"post_tag","embeddable":true,"href":"https:\/\/sndll.info\/index.php?rest_route=%2Fwp%2Fv2%2Ftags&post=2536"}],"curies":[{"name":"wp","href":"https:\/\/api.w.org\/{rel}","templated":true}]}}