{"id":2550,"date":"2020-04-12T10:45:15","date_gmt":"2020-04-12T08:45:15","guid":{"rendered":"http:\/\/pjcrpry.cluster031.hosting.ovh.net\/?p=2550"},"modified":"2020-05-30T13:26:38","modified_gmt":"2020-05-30T11:26:38","slug":"tns-aides-covid-19","status":"publish","type":"post","link":"https:\/\/sndll.info\/?p=2550","title":{"rendered":"TNS\/AIDES COVID 19"},"content":{"rendered":"\n<p><strong>Covid-19 &#8211; Les Aides \u00e0 disposition des Travailleurs Non Salari\u00e9s (TNS)<\/strong><br><\/p>\n\n\n\n<p>Les Travailleurs non salari\u00e9s sont \u00e9ligibles \u00e0 diff\u00e9rentes aides mises en place pour r\u00e9pondre aux difficult\u00e9s des entreprises dans le contexte du Covid-19.<br><\/p>\n\n\n\n<p><strong>1. Le Fonds National de Solidarit\u00e9<\/strong><br><\/p>\n\n\n\n<p>L\u2019Etat et les R\u00e9gions ont mis en place un fonds de solidarit\u00e9 pour aider les TPE, ind\u00e9pendants, micro-entrepreneurs et professions lib\u00e9rales qui font moins d\u20191 million d\u2019euros de chiffre d\u2019affaires et qui r\u00e9pondent \u00e0 diff\u00e9rents crit\u00e8res.<\/p>\n\n\n\n<p>Cette aide pouvant aller jusqu\u2019\u00e0 1500 euros est \u00e0 demander par les professionnels via le site des imp\u00f4ts. Les entreprises qui connaissent le plus de difficult\u00e9s pourront obtenir, au cas par cas aupr\u00e8s des r\u00e9gions, une aide compl\u00e9mentaire de 2 000 \u20ac.<\/p>\n\n\n\n<p><strong>Suite \u00e0 vos retours sur le sujet et \u00e0 la demande de Bruno Le Maire, nous lui remettrons de nouvelles propositions d\u2019am\u00e9lioration de ce fonds.<\/strong><\/p>\n\n\n\n<p>Retrouvez l\u2019ensemble des crit\u00e8res d\u2019\u00e9ligibilit\u00e9 et modalit\u00e9s d\u2019acc\u00e8s sur&nbsp;<a href=\"http:\/\/poiy.mj.am\/lnk\/AMwAAG2M0xYAAcpXcwAAAAAAMpEAAYCqC34AAAAzAAN04ABejLVANlFF6EELQ2yFGxryUVQmbgADT3E\/3\/7HyieBaErcZKk_3x243Jfw\/aHR0cHM6Ly93d3cuZ25pLWhjci5mci9zcGVjaWFsLWNvcm9uYXZpcnVzLWNvdmlkLTE5L2FpZGVzLWRlLWwtZXRhdC9mb25kcy1uYXRpb25hbC1kZS1zb2xpZGFyaXRlP2xhbmc9ZnI\" target=\"_blank\" rel=\"noreferrer noopener\">notre page d\u00e9di\u00e9e au fonds national de solidarit\u00e9<\/a><\/p>\n\n\n\n<p><strong>2. Aide financi\u00e8re de l\u2019instance r\u00e9gionale du CPSTI<\/strong><br><\/p>\n\n\n\n<p><strong>Pour les TNS ne pouvant b\u00e9n\u00e9ficier du Fonds de solidarit\u00e9<\/strong><\/p>\n\n\n\n<p>Le Conseil de la Protection Sociale des Travailleurs Ind\u00e9pendants (CPSTI) a mis en place une aide dont le montant est d\u00e9termin\u00e9 par la situation du professionnel ind\u00e9pendant et pourra prendre la forme d\u2019une aide financi\u00e8re ou d\u2019une exon\u00e9ration de cotisations.<\/p>\n\n\n\n<p>Les demandes se font aupr\u00e8s des URSSAF via un formulaire en ligne \u00e9tant entendu que seuls les professionnels n\u2019\u00e9tant pas \u00e9ligibles au fonds national de solidarit\u00e9 peuvent en b\u00e9n\u00e9ficier.<\/p>\n\n\n\n<p>Retrouvez l\u2019ensemble des crit\u00e8res et modalit\u00e9s&nbsp;<a href=\"http:\/\/poiy.mj.am\/lnk\/AMwAAG2M0xYAAcpXcwAAAAAAMpEAAYCqC34AAAAzAAN04ABejLVANlFF6EELQ2yFGxryUVQmbgADT3E\/4\/G4XlG6iKSvmz8DsN0q4axg\/aHR0cHM6Ly93d3cuZ25pLWhjci5mci9zcGVjaWFsLWNvcm9uYXZpcnVzLWNvdmlkLTE5L2Vjb25vbWllLWRlLXRyZXNvcmVyaWUvbC1vYnRlbnRpb24tZC11bmUtYWlkZS1zb2NpYWxlLWRlLWxhLXBhcnQtZGUtbC1pbnN0YW5jZS1yZWdpb25hbGUtZHUtY3BzdGk_bGFuZz1mcg\" target=\"_blank\" rel=\"noreferrer noopener\">&nbsp;sur notre page d\u00e9di\u00e9e aux aides du CPSTI<\/a><\/p>\n\n\n\n<p><strong>3. Aide exceptionnelle CPSTI pour les Travailleurs-Non-Salari\u00e9s de 2500\u20ac en avril 2020<\/strong><br><\/p>\n\n\n\n<p><strong>Que le TNS soit \u00e9ligible ou non au Fonds National de Solidarit\u00e9<\/strong><\/p>\n\n\n\n<p>L\u2019Assembl\u00e9e g\u00e9n\u00e9rale du CPSTI a approuv\u00e9, \u00e0 l\u2019unanimit\u00e9, la proposition visant \u00e0 verser au cours du mois d\u2019avril 2020, par le biais des Services des URSSAF, une aide exceptionnelle du CPSTI en direction de tous les travailleurs ind\u00e9pendants en activit\u00e9 au 15 mars 2020 et immatricul\u00e9s avant le 1er janvier 2019.<\/p>\n\n\n\n<p>Cette aide serait exclusivement financ\u00e9e sur la base des r\u00e9serves du R\u00e9gime Compl\u00e9mentaire des Ind\u00e9pendants (RCI). Plus pr\u00e9cis\u00e9ment, l\u2019Assembl\u00e9e g\u00e9n\u00e9rale a d\u00e9cid\u00e9, \u00e0 l\u2019unanimit\u00e9&nbsp;:<\/p>\n\n\n\n<p>&#8211; de fixer le plafond de cette aide \u00e0 2 500 euros&nbsp;;<br>&#8211; de verser cette aide en une seule fois sur le compte bancaire \u00e0 partir duquel les cotisations sont pay\u00e9es&nbsp;;<br>&#8211; que le montant de cette aide ne pourrait exc\u00e9der le montant des cotisations sociales RCI vers\u00e9es par l\u2019assur\u00e9 au titre de l\u2019exercice 2018&nbsp;;<br>&#8211; qu\u2019il ne serait pas n\u00e9cessaire pour l\u2019assur\u00e9 de formuler une demande pour b\u00e9n\u00e9ficier de l\u2019aide.<\/p>\n\n\n\n<p><strong>Attention&nbsp;: Cette d\u00e9cision doit maintenant recevoir l\u2019aval des autorit\u00e9s de Tutelle pour \u00eatre mise en \u0153uvre. Une d\u00e9marche en ce sens a \u00e9t\u00e9 entreprise pour cela aupr\u00e8s du Premier ministre et des Ministres de l\u2019Economie et des Finances ainsi que des Solidarit\u00e9s et de la Sant\u00e9.<\/strong><\/p>\n\n\n\n<p><strong>Nous vous tiendrons inform\u00e9s d\u00e8s que le dispositif sera d\u00e9finitivement adopt\u00e9 de la date de versement de cette aide exceptionnelle.<\/strong><\/p>\n","protected":false},"excerpt":{"rendered":"<p>Covid-19 &#8211; Les Aides \u00e0 disposition des Travailleurs Non Salari\u00e9s (TNS) Les Travailleurs non salari\u00e9s sont \u00e9ligibles \u00e0 diff\u00e9rentes aides mises en place pour r\u00e9pondre aux difficult\u00e9s des entreprises dans le contexte du Covid-19&#8230;.<\/p>\n","protected":false},"author":2,"featured_media":0,"comment_status":"closed","ping_status":"open","sticky":false,"template":"","format":"standard","meta":{"_mi_skip_tracking":false,"_monsterinsights_sitenote_active":false,"_monsterinsights_sitenote_note":"","_monsterinsights_sitenote_category":0},"categories":[97,1],"tags":[],"_links":{"self":[{"href":"https:\/\/sndll.info\/index.php?rest_route=\/wp\/v2\/posts\/2550"}],"collection":[{"href":"https:\/\/sndll.info\/index.php?rest_route=\/wp\/v2\/posts"}],"about":[{"href":"https:\/\/sndll.info\/index.php?rest_route=\/wp\/v2\/types\/post"}],"author":[{"embeddable":true,"href":"https:\/\/sndll.info\/index.php?rest_route=\/wp\/v2\/users\/2"}],"replies":[{"embeddable":true,"href":"https:\/\/sndll.info\/index.php?rest_route=%2Fwp%2Fv2%2Fcomments&post=2550"}],"version-history":[{"count":1,"href":"https:\/\/sndll.info\/index.php?rest_route=\/wp\/v2\/posts\/2550\/revisions"}],"predecessor-version":[{"id":2551,"href":"https:\/\/sndll.info\/index.php?rest_route=\/wp\/v2\/posts\/2550\/revisions\/2551"}],"wp:attachment":[{"href":"https:\/\/sndll.info\/index.php?rest_route=%2Fwp%2Fv2%2Fmedia&parent=2550"}],"wp:term":[{"taxonomy":"category","embeddable":true,"href":"https:\/\/sndll.info\/index.php?rest_route=%2Fwp%2Fv2%2Fcategories&post=2550"},{"taxonomy":"post_tag","embeddable":true,"href":"https:\/\/sndll.info\/index.php?rest_route=%2Fwp%2Fv2%2Ftags&post=2550"}],"curies":[{"name":"wp","href":"https:\/\/api.w.org\/{rel}","templated":true}]}}