{"id":2552,"date":"2020-04-26T08:03:51","date_gmt":"2020-04-26T06:03:51","guid":{"rendered":"http:\/\/pjcrpry.cluster031.hosting.ovh.net\/?p=2552"},"modified":"2020-05-30T13:26:38","modified_gmt":"2020-05-30T11:26:38","slug":"conges-payes-et-crise","status":"publish","type":"post","link":"https:\/\/sndll.info\/?p=2552","title":{"rendered":"CONGES PAYES ET CRISE"},"content":{"rendered":"\n<h1><a href=\"https:\/\/www.gni-hcr.fr\/special-coronavirus-covid-19\/social\/la-gestion-des-conges-payes-durant-cette-crise\">La gestion des cong\u00e9s pay\u00e9s durant cette crise<\/a><\/h1>\n\n\n\n<p><a href=\"https:\/\/www.gni-hcr.fr\/special-coronavirus-covid-19\/social\/\">Social<\/a>&nbsp;Publi\u00e9 le&nbsp;24\/04\/2020&nbsp;<\/p>\n\n\n\n<p>Au vu de la situation actuelle in\u00e9dite, bon nombre de chefs d\u2019entreprise s\u2019interrogent sur la mani\u00e8re de g\u00e9rer la prise des cong\u00e9s pay\u00e9s de leurs salari\u00e9s durant la crise du Covid-19.<br><\/p>\n\n\n\n<p>En effet, il va de soi qu\u2019au terme de la p\u00e9riode de confinement, la plupart des entreprises seront confront\u00e9es \u00e0 une reprise d\u2019activit\u00e9 intense qui n\u00e9cessitera parfois une mobilisation de l\u2019ensemble du personnel. Toute la difficult\u00e9 sera alors de pouvoir octroyer \u00e0 tous les salari\u00e9s leurs cong\u00e9s pay\u00e9s tout en assurant la bonne marche de l\u2019entreprise.<br><\/p>\n\n\n\n<p><strong>Quid du report des cong\u00e9s<\/strong><br><\/p>\n\n\n\n<p>Les cong\u00e9s pay\u00e9s acquis pour la p\u00e9riode du 1.06.2018 au 31.05.2019 doivent \u00eatre pris&nbsp;<strong>avant le 31 mai 2020<\/strong>, sauf report de ceux-ci.<br><\/p>\n\n\n\n<p>En effet, si l\u2019employeur autorise habituellement le report des cong\u00e9s pay\u00e9s, il s\u2019agit alors d\u2019un usage qu\u2019il conviendra de maintenir (sauf d\u00e9nonciation de l\u2019usage qui exige le respect d\u2019une proc\u00e9dure sp\u00e9cifique).<br><\/p>\n\n\n\n<p>Dans le cas o\u00f9 habituellement, le salari\u00e9 perd les cong\u00e9s pay\u00e9s non pris au 31 mai, en principe,&nbsp;les cong\u00e9s auxquels le salari\u00e9 avait droit mais qu\u2019il n\u2019a pas pris pendant la p\u00e9riode de r\u00e9f\u00e9rence sont perdus&nbsp;: il ne peut pas reporter les cong\u00e9s pay\u00e9s non pris sur la p\u00e9riode de r\u00e9f\u00e9rence suivante.<br><\/p>\n\n\n\n<p>Autrement dit,&nbsp;<strong>le report des cong\u00e9s n\u2019est pas un droit mais une opportunit\u00e9 laiss\u00e9e \u00e0 l\u2019employeur en accord avec le salari\u00e9<\/strong>.<br><\/p>\n\n\n\n<p>Le salari\u00e9 ne peut donc pas l\u2019exiger, sauf s\u2019il n\u2019a pas pu prendre ses cong\u00e9s pay\u00e9s du fait de l\u2019employeur ou du fait d\u2019une situation particuli\u00e8re (exemple&nbsp;: maladie, maternit\u00e9 \u2026).<br><\/p>\n\n\n\n<p>A priori, la pand\u00e9mie actuelle ne devrait pas avoir pour cons\u00e9quence de remettre en cause cette r\u00e8gle.<\/p>\n\n\n\n<p><strong>ATTENTION<\/strong>&nbsp;: conform\u00e9ment \u00e0 la jurisprudence,&nbsp;<strong>la mention sur le bulletin de paie du solde des cong\u00e9s pay\u00e9s acquis au titre de la p\u00e9riode N-1 vaut accord de l\u2019employeur du report de ces cong\u00e9s.<\/strong><br><\/p>\n\n\n\n<p>Au vu de la crise actuelle du Covid-19, nous vous conseillons, dans la mesure du possible, d\u2019inviter vos collaborateurs \u00e0 prendre leurs cong\u00e9s restants avant le 31 mai 2020.<br><\/p>\n\n\n\n<p><strong>N.B&nbsp;<\/strong>&nbsp;: le salari\u00e9 b\u00e9n\u00e9ficiera d\u2019une indemnit\u00e9 de cong\u00e9s pay\u00e9s calcul\u00e9e selon les conditions de droit commun, \u00e0 savoir selon la r\u00e8gle du dixi\u00e8me ou du maintien du salaire.<br><\/p>\n\n\n\n<p><strong>ATTENTION<\/strong>&nbsp;: la demande d\u2019indemnisation au titre de l\u2019activit\u00e9 partielle pour des salari\u00e9s ayant pos\u00e9 des cong\u00e9s pay\u00e9s est frauduleuse et est passible des sanctions pr\u00e9vues en cas de travail ill\u00e9gal. Ces jours ne peuvent pas \u00eatre pris en charge par l\u2019activit\u00e9 partielle et doivent \u00eatre r\u00e9mun\u00e9r\u00e9s normalement par l\u2019employeur (Minist\u00e8re du Travail, Communiqu\u00e9 de presse COVID-19, sanctions contre les fraudes au ch\u00f4mage partiel, 30 mars 2020).<br><\/p>\n\n\n\n<p><strong>Rappel des r\u00e8gles en mati\u00e8re de cong\u00e9s pay\u00e9s<\/strong><br><\/p>\n\n\n\n<p>La dur\u00e9e des cong\u00e9s pouvant \u00eatre prise en une seule fois ne peut exc\u00e9der&nbsp;<strong>24 jours ouvrables cons\u00e9cutifs<\/strong>&nbsp;(ou 20 jours ouvr\u00e9s). Ce cong\u00e9 peut n\u00e9anmoins \u00eatre fractionn\u00e9 avec l\u2019accord \u00e9crit du salari\u00e9.<br><\/p>\n\n\n\n<p>Dans ce cas, le salari\u00e9 doit obligatoirement b\u00e9n\u00e9ficier de 12 jours ouvrables cons\u00e9cutifs de cong\u00e9s pay\u00e9s (ou 10 jours ouvr\u00e9s) pendant la p\u00e9riode l\u00e9gale de prise des cong\u00e9s, c\u2019est \u00e0 dire entre le 1er mai et le 31 octobre 2020 (dans la limite de l\u2019acquisition de ses droits).<\/p>\n\n\n\n<p>L\u2019employeur doit informer son personnel de la p\u00e9riode des cong\u00e9s retenue dans l\u2019entreprise au moins 2 mois avant le d\u00e9but de cette p\u00e9riode.<\/p>\n\n\n\n<p>L\u2019employeur doit communiquer&nbsp;<strong>l\u2019ordre des d\u00e9parts<\/strong>&nbsp;en cong\u00e9s \u00e0 chaque salari\u00e9 par tous moyens,&nbsp;<strong>au plus tard 1 mois avant le d\u00e9part du salari\u00e9.&nbsp;<\/strong>En effet, il n\u2019est pas possible d\u2019imposer des cong\u00e9s pay\u00e9s sans avoir respect\u00e9 le d\u00e9lai de pr\u00e9venance d\u2019un mois.<br><\/p>\n\n\n\n<p>L\u2019ordre des d\u00e9parts en cong\u00e9s est fix\u00e9&nbsp;:<br><\/p>\n\n\n\n<ul><li>Soit par accord d\u2019entreprise ou d\u2019\u00e9tablissement (\u00e0 d\u00e9faut, par convention ou accord de branche)&nbsp;;<\/li><li>Soit, en l\u2019absence d\u2019accord ou de convention, par l\u2019employeur apr\u00e8s avis du CSE, lorsqu\u2019il existe.<\/li><\/ul>\n\n\n\n<p>A d\u00e9faut d\u2019accord collectif relatif \u00e0 l\u2019ordre des d\u00e9parts, l\u2019employeur d\u00e9finit l\u2019ordre des d\u00e9parts, apr\u00e8s avis du CSE, en tenant compte des&nbsp;<strong>crit\u00e8res suivants<\/strong>&nbsp;:<br><\/p>\n\n\n\n<ul><li>la situation de famille des salari\u00e9s, notamment les possibilit\u00e9s de cong\u00e9 du conjoint, du partenaire li\u00e9 par un Pacs, ainsi que la pr\u00e9sence au sein du foyer d\u2019un enfant ou d\u2019un adulte handicap\u00e9 ou d\u2019une personne \u00e2g\u00e9e en perte d\u2019autonomie&nbsp;;<\/li><li>l\u2019anciennet\u00e9 du salari\u00e9 dans l\u2019entreprise&nbsp;;<\/li><li>l\u2019activit\u00e9 \u00e9ventuelle du salari\u00e9 chez d\u2019autres employeurs.<\/li><\/ul>\n\n\n\n<p>Etant pr\u00e9cis\u00e9 que les conjoints et partenaires li\u00e9s par un Pacs travaillant dans une m\u00eame entreprise ont droit \u00e0 un cong\u00e9 simultan\u00e9.<\/p>\n\n\n\n<p>L\u2019ordre et les dates de d\u00e9part fix\u00e9s par l\u2019employeur ne peuvent \u00eatre modifi\u00e9s que dans le d\u00e9lai fix\u00e9 par accord collectif d\u2019entreprise ou d\u2019\u00e9tablissement (\u00e0 d\u00e9faut, par accord de branche).<br><\/p>\n\n\n\n<p>En l\u2019absence d\u2019un tel accord,&nbsp;<strong>l\u2019employeur ne peut pas modifier l\u2019ordre et les dates de cong\u00e9s moins d\u2019un mois avant la date pr\u00e9vue du d\u00e9part, sauf circonstances exceptionnelles<\/strong>.<br><\/p>\n\n\n\n<p>En cas de fermeture de son \u00e9tablissement, l\u2019employeur peut imposer \u00e0 ses salari\u00e9s de prendre leurs cong\u00e9s pay\u00e9s pendant cette p\u00e9riode. Il est toutefois tenu d\u2019en informer<strong>&nbsp;individuellement&nbsp;<\/strong><strong>chaque salari\u00e9 par \u00e9crit au plus tard 1 mois avant la fermeture. Pour les entreprises dot\u00e9es d\u2019un CSE, l\u2019instance doit imp\u00e9rativement \u00eatre consult\u00e9e 1 mois avant la fermeture de l\u2019\u00e9tablissement.<\/strong><\/p>\n\n\n\n<p>D\u00e8s lors que ces formalit\u00e9s ont \u00e9t\u00e9 respect\u00e9es, les salari\u00e9s sont alors contraints de prendre leurs cong\u00e9s pendant la p\u00e9riode de fermeture de l\u2019\u00e9tablissement.<br><\/p>\n\n\n\n<p>En l\u2019absence de repr\u00e9sentants du personnel, de part son pouvoir de direction, il revient \u00e0 l\u2019employeur de d\u00e9cider unilat\u00e9ralement de cette fermeture.<br><\/p>\n\n\n\n<p>Dispositions sp\u00e9cifiques \u00e0 cette crise&nbsp;:<br><\/p>\n\n\n\n<p>L\u2019article 11 de la loi n\u00b0&nbsp;2020-290 du 23 mars 2020 et l\u2019ordonnance n\u00b0&nbsp;2020-323 du 25 mars 2020, ont instaur\u00e9 des mesures d\u2019urgence en mati\u00e8re de cong\u00e9s pay\u00e9s.<\/p>\n\n\n\n<p>Il est&nbsp;possible d\u2019imposer \u00e0 vos salari\u00e9s la prise de cong\u00e9s pay\u00e9s dans la limite de 6 jours ouvrables sans respecter le d\u00e9lai d\u2019un mois&nbsp;<strong>sous r\u00e9serve d\u2019avoir conclu un accord d\u2019entreprise.<\/strong><br><\/p>\n","protected":false},"excerpt":{"rendered":"<p>La gestion des cong\u00e9s pay\u00e9s durant cette crise Social&nbsp;Publi\u00e9 le&nbsp;24\/04\/2020&nbsp; Au vu de la situation actuelle in\u00e9dite, bon nombre de chefs d\u2019entreprise s\u2019interrogent sur la mani\u00e8re de g\u00e9rer la prise des cong\u00e9s pay\u00e9s de&#8230;<\/p>\n","protected":false},"author":2,"featured_media":0,"comment_status":"closed","ping_status":"open","sticky":false,"template":"","format":"standard","meta":{"_mi_skip_tracking":false,"_monsterinsights_sitenote_active":false,"_monsterinsights_sitenote_note":"","_monsterinsights_sitenote_category":0},"categories":[97,1],"tags":[],"_links":{"self":[{"href":"https:\/\/sndll.info\/index.php?rest_route=\/wp\/v2\/posts\/2552"}],"collection":[{"href":"https:\/\/sndll.info\/index.php?rest_route=\/wp\/v2\/posts"}],"about":[{"href":"https:\/\/sndll.info\/index.php?rest_route=\/wp\/v2\/types\/post"}],"author":[{"embeddable":true,"href":"https:\/\/sndll.info\/index.php?rest_route=\/wp\/v2\/users\/2"}],"replies":[{"embeddable":true,"href":"https:\/\/sndll.info\/index.php?rest_route=%2Fwp%2Fv2%2Fcomments&post=2552"}],"version-history":[{"count":1,"href":"https:\/\/sndll.info\/index.php?rest_route=\/wp\/v2\/posts\/2552\/revisions"}],"predecessor-version":[{"id":2553,"href":"https:\/\/sndll.info\/index.php?rest_route=\/wp\/v2\/posts\/2552\/revisions\/2553"}],"wp:attachment":[{"href":"https:\/\/sndll.info\/index.php?rest_route=%2Fwp%2Fv2%2Fmedia&parent=2552"}],"wp:term":[{"taxonomy":"category","embeddable":true,"href":"https:\/\/sndll.info\/index.php?rest_route=%2Fwp%2Fv2%2Fcategories&post=2552"},{"taxonomy":"post_tag","embeddable":true,"href":"https:\/\/sndll.info\/index.php?rest_route=%2Fwp%2Fv2%2Ftags&post=2552"}],"curies":[{"name":"wp","href":"https:\/\/api.w.org\/{rel}","templated":true}]}}