{"id":2554,"date":"2020-04-26T08:40:31","date_gmt":"2020-04-26T06:40:31","guid":{"rendered":"http:\/\/pjcrpry.cluster031.hosting.ovh.net\/?p=2554"},"modified":"2020-05-30T13:26:38","modified_gmt":"2020-05-30T11:26:38","slug":"decisions-gouvernement-24-04-2020-pour-le-secteur","status":"publish","type":"post","link":"https:\/\/sndll.info\/?p=2554","title":{"rendered":"DECISIONS GOUVERNEMENT 24\/04\/2020 POUR LE SECTEUR"},"content":{"rendered":"\n<p>On trouvera ci-dessous le Communiqu\u00e9 de Presse du gouvernement apr\u00e8s la r\u00e9union avec les professionnels  h\u00f4tellerie\/Tourisme\/loisirs.<\/p>\n\n\n\n<p> <strong>Beaucoup ont l&#8217;impression, \u00e0 travers les media, que notre secteur n&#8217;est pas repr\u00e9sent\u00e9 ou d\u00e9fendu. C&#8217;est faux et le SNDLL a fait valoir les attentes des \u00e9tablissements de nuit avec un rapport pr\u00e9cis. Il est seul d&#8217;ailleurs &#8230;.<\/strong> Le communiqu\u00e9 (soulign\u00e9 par nous) \u00e9voque sans ambigu\u00eft\u00e9 d&#8217;ailleurs les loisirs, ce qui est nouveau .<\/p>\n\n\n\n<p>Nous y reviendrons sous peu.<\/p>\n\n\n\n<p>Patrick MALVA\u00cbS<\/p>\n\n\n\n<p> Paris, le 24 avril 2020<\/p>\n\n\n\n<p>N\u00b02135-1018               COMMUNIQUE DE PRESSE<\/p>\n\n\n\n<p><strong>Mesures de soutien en faveur des restaurants, caf\u00e9s,h\u00f4tels,des entreprises du secteur du tourisme, de l\u2019\u00e9v\u00e9nementiel,du sport et de la culture <\/strong><\/p>\n\n\n\n<p>Le Pr\u00e9sident de la R\u00e9publique, en pr\u00e9sence de Jean-Yves Le Drian, ministre de l\u2019Europe et des Affaires  \u00e9trang\u00e8res,  de Bruno  Le  Maire, ministre  de  l\u2019\u00c9conomie  et  des  Finances,  de G\u00e9rald Darmanin,ministre de l\u2019Action et des Comptes publics, et de Jean-Baptiste Lemoyne, secr\u00e9taire d\u2019\u00c9tat aupr\u00e8s du Ministre de l\u2019Europe et des Affaires \u00e9trang\u00e8res, s\u2019est entretenu, aujourd\u2019hui vendredi 24 avril, avec les professionnels des h\u00f4tels, caf\u00e9s et restaurants, <strong>du tourisme et du loisir.<\/strong><\/p>\n\n\n\n<p>Des  entretiens  seront  organis\u00e9s  avec  les professionnels  de  la  culture,  de  la  communication,  de l\u2019\u00e9v\u00e9nementiel, et du sport la semaine prochaine.<\/p>\n\n\n\n<p>Dans le cadre du plan d\u2019urgence \u00e9conomique mis en \u0153uvre par le Gouvernement, les entreprises de ces secteurs ont b\u00e9n\u00e9fici\u00e9 de mesures in\u00e9dites. <\/p>\n\n\n\n<p>Afin de tenir compte de la situation sp\u00e9cifique des h\u00f4tels, caf\u00e9s, restaurants, des entreprises du secteur du tourisme, de l\u2019\u00e9v\u00e9nementiel, du sport et de la culture, les mesures de soutien du plan d\u2019urgence \u00e9conomique vont \u00eatre maintenues et renforc\u00e9es comme suit:<\/p>\n\n\n\n<p>&#8211; La possibilit\u00e9 de recourir \u00e0 l\u2019activit\u00e9 partielle sera maintenue apr\u00e8s la reprise de l\u2019activit\u00e9 pour ces secteurs.<\/p>\n\n\n\n<p>&#8211; Le fonds de solidarit\u00e9 restera \u00e9galement ouvert aux entreprises de ces secteurs au-del\u00e0 du mois de mai.Ses conditions d\u2019acc\u00e8s seront \u00e9largies aux entreprises des secteurs concern\u00e9s ayant jusqu\u2019\u00e0 20 salari\u00e9s et 2 millions d\u2019euros de chiffre d\u2019affaires, et le plafond des subventions pouvant \u00eatre vers\u00e9es dans le cadre du second volet du fonds sera port\u00e9 \u00e0 10 000euros.<\/p>\n\n\n\n<p>&#8211; Une exon\u00e9ration de cotisations sociales s\u2019appliquera aux tr\u00e8s petites entreprises (TPE) et aux petites et moyennes entreprises (PME) de ces secteurs pendant la p\u00e9riode de fermeture, de mars \u00e0 juin. <\/p>\n\n\n\n<p>Elle s\u2019appliquera automatiquement \u00e0 toutes ces entreprises, qu\u2019elles aient d\u00e9j\u00e0 acquitt\u00e9 ou non leurs cotisations. <\/p>\n\n\n\n<p>Les entreprises de taille interm\u00e9diaire (ETI) et les grandes entreprises de ces secteurs ne b\u00e9n\u00e9ficiant pas de l\u2019exon\u00e9ration automatique pourront obtenir des \u00e9talements longs des charges sociales et fiscales report\u00e9es et, au cas par cas, solliciter des annulations de dette en fonction de leur situation financi\u00e8re.<\/p>\n\n\n\n<p>Sur le plan fiscal, le Gouvernement \u00e9changera avec les collectivit\u00e9s territoriales sur les modalit\u00e9s de report de la cotisation fonci\u00e8re des entreprises (CFE) et d\u2019exon\u00e9ration de la part forfaitaire de la taxe de s\u00e9jour au titre de l\u2019ann\u00e9e 2020. <\/p>\n\n\n\n<p>-Les loyers et les redevances d\u2019occupation du domaine public dus aux bailleurs nationaux (\u00c9tat et op\u00e9rateurs) pour les TPE et PME de ces secteurs seront annul\u00e9s pour la p\u00e9riode de fermeture administrative.                        Un  guide  pratique  sera  \u00e9tabli  \u00e0  destination  des  collectivit\u00e9s  territoriales  qui souhaiteraient faire de m\u00eame.<\/p>\n\n\n\n<p>Le Gouvernement prend acte des fortes attentes des professionnels des h\u00f4tels, caf\u00e9s et restaurants, du tourisme et du <strong>loisir <\/strong>en vue de la reprise de leurs activit\u00e9s. <\/p>\n\n\n\n<p>Ces secteurs sont cruciaux pour l\u2019\u00e9conomie fran\u00e7aise, pour les territoires, pour l\u2019emploi et plus largement pour le rayonnement de la France.               La reprise de leur activit\u00e9 se fera dans un cadre apportant toutes les garanties en mati\u00e8re sanitaire aux clients et touristes ainsi qu\u2019aux salari\u00e9s et entrepreneurs. Des protocoles sanitaires seront d\u00e9finis pour chacun de ces secteurs et valid\u00e9s par le Gouvernement.<\/p>\n\n\n\n<p>Le Gouvernement travaille en outre sur la cr\u00e9ation d\u2019un fonds d\u2019investissement en faveur de ces secteurs.<\/p>\n\n\n\n<p>Des mesures suppl\u00e9mentaires seront n\u00e9cessaires pour accompagner la reprise de l\u2019activit\u00e9. Ces mesures sont en cours de co-construction avec les professionnels de ces secteurs dans le cadre du Comit\u00e9 de fili\u00e8re tourisme. Pour faciliter leur mise en \u0153uvre, le Gouvernement s\u2019assure d\u2019une \u00e9troite coordination internationale, en particulier au plan europ\u00e9en. <\/p>\n\n\n\n<p>Le Gouvernement fera un point d\u2019\u00e9tape sur tous ces sujets avec les professionnels de ces secteurs lors d\u2019un Conseil interminist\u00e9riel du tourisme qui se tiendra le 14 mai.<\/p>\n\n\n\n<p>Contactspresse<\/p>\n\n\n\n<p>Cabinet de Bruno Le Maire 01 53 18 41 13    presse.mineco@cabinets.finances.gouv.fr<\/p>\n\n\n\n<p>Cabinet de G\u00e9rald Darmanin   01 53 18 45 06    presse.macp@cabinets.finances.gouv.fr<\/p>\n\n\n\n<p>                                                                  <\/p>\n","protected":false},"excerpt":{"rendered":"<p>On trouvera ci-dessous le Communiqu\u00e9 de Presse du gouvernement apr\u00e8s la r\u00e9union avec les professionnels h\u00f4tellerie\/Tourisme\/loisirs. Beaucoup ont l&#8217;impression, \u00e0 travers les media, que notre secteur n&#8217;est pas repr\u00e9sent\u00e9 ou d\u00e9fendu. C&#8217;est faux et&#8230;<\/p>\n","protected":false},"author":2,"featured_media":0,"comment_status":"closed","ping_status":"open","sticky":false,"template":"","format":"standard","meta":{"_mi_skip_tracking":false,"_monsterinsights_sitenote_active":false,"_monsterinsights_sitenote_note":"","_monsterinsights_sitenote_category":0},"categories":[97,1],"tags":[],"_links":{"self":[{"href":"https:\/\/sndll.info\/index.php?rest_route=\/wp\/v2\/posts\/2554"}],"collection":[{"href":"https:\/\/sndll.info\/index.php?rest_route=\/wp\/v2\/posts"}],"about":[{"href":"https:\/\/sndll.info\/index.php?rest_route=\/wp\/v2\/types\/post"}],"author":[{"embeddable":true,"href":"https:\/\/sndll.info\/index.php?rest_route=\/wp\/v2\/users\/2"}],"replies":[{"embeddable":true,"href":"https:\/\/sndll.info\/index.php?rest_route=%2Fwp%2Fv2%2Fcomments&post=2554"}],"version-history":[{"count":1,"href":"https:\/\/sndll.info\/index.php?rest_route=\/wp\/v2\/posts\/2554\/revisions"}],"predecessor-version":[{"id":2557,"href":"https:\/\/sndll.info\/index.php?rest_route=\/wp\/v2\/posts\/2554\/revisions\/2557"}],"wp:attachment":[{"href":"https:\/\/sndll.info\/index.php?rest_route=%2Fwp%2Fv2%2Fmedia&parent=2554"}],"wp:term":[{"taxonomy":"category","embeddable":true,"href":"https:\/\/sndll.info\/index.php?rest_route=%2Fwp%2Fv2%2Fcategories&post=2554"},{"taxonomy":"post_tag","embeddable":true,"href":"https:\/\/sndll.info\/index.php?rest_route=%2Fwp%2Fv2%2Ftags&post=2554"}],"curies":[{"name":"wp","href":"https:\/\/api.w.org\/{rel}","templated":true}]}}