{"id":2563,"date":"2020-04-26T15:42:29","date_gmt":"2020-04-26T13:42:29","guid":{"rendered":"http:\/\/pjcrpry.cluster031.hosting.ovh.net\/?p=2563"},"modified":"2020-08-12T12:18:10","modified_gmt":"2020-08-12T10:18:10","slug":"on-reouvre-quand-le-point-par-le-president-du-sndll-26-avril-2020","status":"publish","type":"post","link":"https:\/\/sndll.info\/?p=2563","title":{"rendered":"ON REOUVRE QUAND ? Le point par le Pr\u00e9sident du SNDLL 26 Avril 2020"},"content":{"rendered":"\r\n<p class=\"has-text-color\" style=\"color: #880000;\"><strong>Beaucoup ont l&#8217;impression, \u00e0 entendre les media qui ne parlent que caf\u00e9s et restaurants, que les discoth\u00e8ques sont les grandes absentes du d\u00e9bat. Et bien non ! Le SNDLL se bat pour elles tous les jours, pr\u00e9sent sur tous les fronts ! La preuve.<\/strong><\/p>\r\n\r\n\r\n\r\n<p>Commen\u00e7ons par la grande question car ne pas savoir est encore pire que de recevoir une mauvaise nouvelle. Je ne vais pas vous mentir&#8230; Alors <strong>quand les discoth\u00e8ques vont-elles pouvoir &#8220;repartir&#8221; ?<\/strong><\/p>\r\n\r\n\r\n\r\n<p>Nul ne le sait mais on a des pistes (chez nous pas \u00e9tonnant !) : les \u00e9tablissements de nuit ne sont <strong>pas concern\u00e9s par le d\u00e9-confinement pr\u00e9vu \u00e0 la mi-mai 2020.<\/strong><\/p>\r\n\r\n\r\n\r\n<p>Depuis la r\u00e9union avec le Pr\u00e9sident de la R\u00e9publique et ses ministres ce 20\/04\/20 on sait que l&#8217;h\u00f4tellerie-restauration ne saura que fin Mai ou d\u00e9but Juin sa r\u00e9ouverture (15 Juin ?).<\/p>\r\n\r\n\r\n\r\n<p>On sait \u00e9galement qu&#8217;<strong>il y aura avec la date de r\u00e9ouverture un protocole sanitaire pr\u00e9cis \u00e0 respecter pour tous les lieux recevant du public <\/strong>(masques obligatoires, distanciation sociale etc&#8230;)<\/p>\r\n\r\n\r\n\r\n<p><strong>Le Conseil sci<em>entifique<\/em> <\/strong>a par ailleurs \u00e9mis<strong> le 20 Avril 2020<\/strong> un avis qui exige le strict respect des r\u00e8gles de distanciation sociale (1 m\u00e8tre de part et d&#8217;autre) , le gel et le port du masque etc&#8230; il <strong><em>demande aussi que tous nos lieux demeurent ferm\u00e9s au moins 2 mois apr\u00e8s la fin du confinement commercial des autres.<\/em><\/strong><\/p>\r\n\r\n\r\n\r\n<p>Si les pouvoirs publics continuent de suivre le Conseil scientifique, et si les restaurants rouvrent au mieux le 15 Juin, <strong>on n&#8217;ouvrira pas vraisemblablement avant Septembre<\/strong>&#8230; De plus il faudra respecter (sous peine de fermeture administrative imm\u00e9diate \u00e9crit le Conseil scientifique) distanciation, masques, gel etc&#8230; On devrait faire bal masqu\u00e9 tous les soirs ?!!! Peut-on alors s\u00e9rieusement rouvrir dans ces conditions m\u00eame si on a &#8220;l&#8217;autorisation&#8221; ? La question vaut d&#8217;\u00eatre pos\u00e9e ! Pour moi, la r\u00e9ponse est assez \u00e9vidente&#8230;<\/p>\r\n\r\n\r\n\r\n<p>Les experts allemands \u00e9voquent, eux, une r\u00e9ouverture &#8230; dans un an et les Italiens \u00e9voquent Mars 2021 !!! Mais en France on ne fait rien comme ailleurs !!!<\/p>\r\n\r\n\r\n\r\n<p><strong>La politique du SNDLL repose sur l&#8217;analyse des faits : <\/strong><\/p>\r\n\r\n\r\n\r\n<p>1\u00b0) une <strong>ouverture rapide <\/strong>avec des r\u00e8gles contraignantes est non seulement improbable mais <strong>impossible<\/strong> (Un m\u00e8tre&#8230; un masque &#8230;) techniquement et irresponsable \u00e0 la fois pour notre personnel et nous-m\u00eame mais surtout pour la client\u00e8le qui ne viendra pas.<\/p>\r\n\r\n\r\n\r\n<p>2\u00b0) Il faut donc <strong>obtenir des pouvoirs publics les aides indispensables <\/strong>pour nous permettre de traverser ce noir tunnel \u00e0 l&#8217;issue duquel au moins 1\/3 des \u00e9tablissements vont ou risquent dispara\u00eetre.<\/p>\r\n\r\n\r\n\r\n<p><strong>Au nom du SNDLL j&#8217;ai donc pr\u00e9sent\u00e9 des propositions pour nos activit\u00e9s ce vendredi 20 Avril, propositions tr\u00e8s concr\u00e8tes<\/strong>:<\/p>\r\n\r\n\r\n\r\n<p>&#8211; prolongation jusqu&#8217;\u00e0 la r\u00e9ouverture du ch\u00f4mage partiel, suppression (et non simple report) des charges sociales, blocage des loyers commerciaux, report des factures diverses dont SACEM et SPRE et AUDIOVISUEL&#8230;<\/p>\r\n\r\n\r\n\r\n<p>&#8211; Dans un deuxi\u00e8me volet mettre en place <strong>des mesures financi\u00e8res fortes<\/strong> notamment en obligeant les assurances (qui ne veulent pas entendre parler de d\u00e9dommager les pertes d&#8217;exploitation) \u00e0 mettre la main \u00e0 la poche. Il nous faut p\u00e9renniser le fonds de solidarit\u00e9 et l&#8217;abonder, le prolonger avec un fonds de tr\u00e9sorerie ou\/et d&#8217;investissement pour bous permettre de red\u00e9marrer.<\/p>\r\n\r\n\r\n\r\n<p class=\"has-text-color\" style=\"color: #880000;\"><strong>Enfin j&#8217;ai repris la demande traditionnelle du SNDLL (m\u00eame s&#8217;il est le seul \u00e0 agir) d&#8217;abaisser la TVA dans nos commerces qui sont des lieux de loisir et de spectacles et non une variante de caf\u00e9s ou de bars !<\/strong><\/p>\r\n\r\n\r\n\r\n<p>Ce n&#8217;est qu&#8217;\u00e0 ces conditions que nous pouvons sauver une bonne part de nos m\u00e9tiers. Vous pouvez compter sur ma d\u00e9termination absolue. Il me faut votre soutien pour r\u00e9ussir, ensemble, sinon &#8230;<\/p>\r\n\r\n\r\n\r\n<p>L&#8217;heure est grave.<\/p>\r\n\r\n\r\n\r\n\r\n\r\n<p>Voici confirmation le 28 Avril du discours du Premier Ministre: les cin\u00e9mas, les th\u00e9\u00e2tres et les salles de concert, o\u00f9 l&#8217;on reste \u00e0 la m\u00eame place dans un milieu ferm\u00e9, ne pourront pas rouvrir&#8221;, a pr\u00e9cis\u00e9 le Premier ministre.\u00a0<\/p>\r\n\r\n\r\n\r\n<p>Patrick MALVA\u00cbS Pr\u00e9sident National du SNDLL<\/p>\r\n","protected":false},"excerpt":{"rendered":"<p>Beaucoup ont l&#8217;impression, \u00e0 entendre les media qui ne parlent que caf\u00e9s et restaurants, que les discoth\u00e8ques sont les grandes absentes du d\u00e9bat. Et bien non ! Le SNDLL se bat pour elles tous&#8230;<\/p>\n","protected":false},"author":2,"featured_media":0,"comment_status":"closed","ping_status":"open","sticky":false,"template":"","format":"standard","meta":{"_mi_skip_tracking":false,"_monsterinsights_sitenote_active":false,"_monsterinsights_sitenote_note":"","_monsterinsights_sitenote_category":0},"categories":[97,1,147],"tags":[],"_links":{"self":[{"href":"https:\/\/sndll.info\/index.php?rest_route=\/wp\/v2\/posts\/2563"}],"collection":[{"href":"https:\/\/sndll.info\/index.php?rest_route=\/wp\/v2\/posts"}],"about":[{"href":"https:\/\/sndll.info\/index.php?rest_route=\/wp\/v2\/types\/post"}],"author":[{"embeddable":true,"href":"https:\/\/sndll.info\/index.php?rest_route=\/wp\/v2\/users\/2"}],"replies":[{"embeddable":true,"href":"https:\/\/sndll.info\/index.php?rest_route=%2Fwp%2Fv2%2Fcomments&post=2563"}],"version-history":[{"count":15,"href":"https:\/\/sndll.info\/index.php?rest_route=\/wp\/v2\/posts\/2563\/revisions"}],"predecessor-version":[{"id":2580,"href":"https:\/\/sndll.info\/index.php?rest_route=\/wp\/v2\/posts\/2563\/revisions\/2580"}],"wp:attachment":[{"href":"https:\/\/sndll.info\/index.php?rest_route=%2Fwp%2Fv2%2Fmedia&parent=2563"}],"wp:term":[{"taxonomy":"category","embeddable":true,"href":"https:\/\/sndll.info\/index.php?rest_route=%2Fwp%2Fv2%2Fcategories&post=2563"},{"taxonomy":"post_tag","embeddable":true,"href":"https:\/\/sndll.info\/index.php?rest_route=%2Fwp%2Fv2%2Ftags&post=2563"}],"curies":[{"name":"wp","href":"https:\/\/api.w.org\/{rel}","templated":true}]}}