{"id":2600,"date":"2020-05-15T10:38:55","date_gmt":"2020-05-15T08:38:55","guid":{"rendered":"http:\/\/pjcrpry.cluster031.hosting.ovh.net\/?p=2600"},"modified":"2020-05-30T13:26:37","modified_gmt":"2020-05-30T11:26:37","slug":"propos-1er-ministre-14-05-les-discotheques-toujours-fermees","status":"publish","type":"post","link":"https:\/\/sndll.info\/?p=2600","title":{"rendered":"PROPOS 1ER MINISTRE 14\/05: LES DISCOTHEQUES TOUJOURS FERMEES"},"content":{"rendered":"<p>Les propos <span style=\"color: #000000;\">du<\/span> Premier Ministre sont, h\u00e9las, sans ambigu\u00eft\u00e9: <span style=\"color: #0000ff;\"><strong>pas d&#8217;ouverture en vue pour les \u00e9tablissements de nuit.<\/strong><\/span><\/p>\n<p>Par contre elles devraient continuer \u00e0 profiter des mesures d&#8217;accompagnement actuelles remani\u00e9es comme suit :<\/p>\n<p style=\"font-weight: 400;\">Le Premier Ministre a poursuivi en pr\u00e9sentant son plan d\u2019urgence pour le secteur\u00a0 \u00a0:<\/p>\n<ul style=\"font-weight: 400;\">\n<li><strong><u>Le Fonds de solidarit\u00e9<\/u><\/strong> sera ouvert\u00a0 jusqu\u2019\u00e0 la fin de l\u2019ann\u00e9e 2020. Il a confirm\u00e9 qu\u2019il sera d\u00e9sormais accessible aux entreprises employant jusqu\u2019\u00e0 20 salari\u00e9s et r\u00e9alisant jusqu\u2019\u00e0 2 millions d\u2019euros de chiffre d\u2019affaires. L\u2019aide du deuxi\u00e8me \u00e9tage sera port\u00e9 \u00e0 10 000 \u20ac.<\/li>\n<\/ul>\n<ul style=\"font-weight: 400;\">\n<li><strong><u>Les pr\u00eats\u00a0:<\/u><\/strong><\/li>\n<\/ul>\n<ul style=\"font-weight: 400;\">\n<li><strong>Cr\u00e9ation d\u2019un PGE saisonnier<\/strong>. Le\u00a0maximum du\u00a0montant du pr\u00eat correspondra aux 3 meilleurs mois de l\u2019ann\u00e9e 2019.<\/li>\n<li>Le budget allou\u00e9 au\u00a0<strong>pr\u00eat tourisme\u00a0<\/strong>est port\u00e9 de 250 millions d\u2019euros \u00e0 1 milliard d\u2019euros g\u00e9r\u00e9 par la\u00a0seule\u00a0BPI\u00a0;<\/li>\n<li>Les banques proposeront \u00e0 chaque entreprise\u00a0<strong>un report suppl\u00e9mentaire\u00a0<\/strong><strong>capital et int\u00e9r\u00eats\u00a0de 6 mois des \u00e9ch\u00e9ances des pr\u00eats bancaires soit jusqu\u2019\u00e0 fin f\u00e9vrier 2021.<\/strong><\/li>\n<\/ul>\n<p>&nbsp;<\/p>\n<ul style=\"font-weight: 400;\">\n<li><strong><u>Sur les cotisations de s\u00e9curit\u00e9 sociale\u00a0:<\/u><\/strong><\/li>\n<\/ul>\n<ul style=\"font-weight: 400;\">\n<li><strong>Exon\u00e9ration des cotisations de s\u00e9curit\u00e9 sociale patronales de mars \u00e0 juin et pendant toute la dur\u00e9e de la fermeture des\u00a0<\/strong><strong>TPE \/ PME<\/strong><strong>\u00a0<\/strong>(sans pr\u00e9cision s\u2019il s\u2019agit seulement ou non de la fermeture impos\u00e9e par arr\u00eat\u00e9 minist\u00e9riel),<\/li>\n<li><strong>Un cr\u00e9dit de cotisation \u00e9gal a\u0300 20 % des salaires vers\u00e9s depuis f\u00e9vrier<\/strong>, ce cr\u00e9dit de cotisation \u00e9tant imputable sur l\u2019ensemble des cotisations dues par l\u2019entreprise.<br \/>\nLe montant de ces mesures relatives aux charges sociales est \u00e9valu\u00e9 par le Premier Ministre \u00e0 2 milliards d\u2019euros.<\/li>\n<\/ul>\n<p style=\"font-weight: 400;\"><strong><u>\u00a0<\/u><\/strong><\/p>\n<ul style=\"font-weight: 400;\">\n<li><strong><u>Ch\u00f4mage partiel\u00a0:<\/u><\/strong>\u00a0prolongation du dispositif jusqu\u2019\u00e0 fin septembre 2020 et ensuite prolongement selon des modalit\u00e9s revues\u00a0(et non connues \u00e0 ce jour).<\/li>\n<\/ul>\n<ul style=\"font-weight: 400;\">\n<li><strong><u>Un plan d\u2019investissement\u00a0:<\/u><\/strong><\/li>\n<\/ul>\n<ul style=\"font-weight: 400;\">\n<li>Des apports en fonds propres pour 1,3 milliards qui\u00a0permettraient de lever au total\u00a07 milliards d\u2019euros\u00a0;<\/li>\n<li>Une offre d\u2019accompagnement avec France tourisme ing\u00e9nierie.<\/li>\n<\/ul>\n<p>Bref, des mesures sous forme de pr\u00eats uniquement &#8230;. qu&#8217;il faudra rembourser !<\/p>\n<p>Rien sur les assurances ni les loyers.<\/p>\n<p>Nous sommes (comme les CHR) tr\u00e8s d\u00e9\u00e7us. Voici la r\u00e9action du Pr\u00e9sident du GNI (Groupement National des Indp\u00e9endants) dont le SNDLL fait partie :<\/p>\n<p><em>&#8221; Dans ces conditions, les restaurateurs et les cafetiers restent tr\u00e8s inquiets et leurs coll\u00e8gues h\u00f4teliers qui comptent sur eux tout autant !<strong> Il en est de m\u00eame des traiteurs organisateurs de r\u00e9ceptions ou des discoth\u00e8ques dont les particularit\u00e9s ne sont pas suffisamment prises en compte.<\/strong> J\u2019esp\u00e8re qu\u2019apr\u00e8s avoir re\u00e7ues les pr\u00e9cisions que n\u00e9cessitent la pr\u00e9sentation de ce plan, nos entreprises se verront donner les moyens de tenir et de reprendre leur activit\u00e9 apr\u00e8s une fermeture d\u00e9cid\u00e9e et prononc\u00e9e par le gouvernement.<\/em><\/p>\n<p><em>Je consid\u00e8re que ce plan n\u2019est pas achev\u00e9 et qu\u2019il est un plan d\u2019\u00e9tape. Le GNI continuera, comme \u00e0 son habitude, d\u2019\u00eatre force de propositions car le compte n\u2019y est pas, nombre de nos propositions ne sont pas du tout abord\u00e9es. Ce plan doit \u00eatre compl\u00e9t\u00e9, il en va de la survie de nos \u00e9tablissements ! La prochaine \u00e9tape est fix\u00e9e au 25 mai. Nous conna\u00eetrons alors la date et les modalit\u00e9s de r\u00e9ouverture des caf\u00e9s et des restaurants. D\u2019ici l\u00e0, il est indispensable que des mesures concr\u00e8tes soient annonc\u00e9es. &#8220;<\/em><\/p>\n<p>On poursuit le combat syndical !<\/p>\n<p>&nbsp;<\/p>\n","protected":false},"excerpt":{"rendered":"<p>Les propos du Premier Ministre sont, h\u00e9las, sans ambigu\u00eft\u00e9: pas d&#8217;ouverture en vue pour les \u00e9tablissements de nuit. Par contre elles devraient continuer \u00e0 profiter des mesures d&#8217;accompagnement actuelles remani\u00e9es comme suit : Le&#8230;<\/p>\n","protected":false},"author":2,"featured_media":0,"comment_status":"closed","ping_status":"open","sticky":false,"template":"","format":"standard","meta":{"_mi_skip_tracking":false,"_monsterinsights_sitenote_active":false,"_monsterinsights_sitenote_note":"","_monsterinsights_sitenote_category":0},"categories":[97,1],"tags":[],"_links":{"self":[{"href":"https:\/\/sndll.info\/index.php?rest_route=\/wp\/v2\/posts\/2600"}],"collection":[{"href":"https:\/\/sndll.info\/index.php?rest_route=\/wp\/v2\/posts"}],"about":[{"href":"https:\/\/sndll.info\/index.php?rest_route=\/wp\/v2\/types\/post"}],"author":[{"embeddable":true,"href":"https:\/\/sndll.info\/index.php?rest_route=\/wp\/v2\/users\/2"}],"replies":[{"embeddable":true,"href":"https:\/\/sndll.info\/index.php?rest_route=%2Fwp%2Fv2%2Fcomments&post=2600"}],"version-history":[{"count":4,"href":"https:\/\/sndll.info\/index.php?rest_route=\/wp\/v2\/posts\/2600\/revisions"}],"predecessor-version":[{"id":2612,"href":"https:\/\/sndll.info\/index.php?rest_route=\/wp\/v2\/posts\/2600\/revisions\/2612"}],"wp:attachment":[{"href":"https:\/\/sndll.info\/index.php?rest_route=%2Fwp%2Fv2%2Fmedia&parent=2600"}],"wp:term":[{"taxonomy":"category","embeddable":true,"href":"https:\/\/sndll.info\/index.php?rest_route=%2Fwp%2Fv2%2Fcategories&post=2600"},{"taxonomy":"post_tag","embeddable":true,"href":"https:\/\/sndll.info\/index.php?rest_route=%2Fwp%2Fv2%2Ftags&post=2600"}],"curies":[{"name":"wp","href":"https:\/\/api.w.org\/{rel}","templated":true}]}}