{"id":2605,"date":"2020-05-16T05:50:53","date_gmt":"2020-05-16T03:50:53","guid":{"rendered":"http:\/\/pjcrpry.cluster031.hosting.ovh.net\/?p=2605"},"modified":"2020-08-07T11:25:05","modified_gmt":"2020-08-07T09:25:05","slug":"communique-sacem-crise","status":"publish","type":"post","link":"https:\/\/sndll.info\/?p=2605","title":{"rendered":"COMMUNIQUE SACEM \/CRISE"},"content":{"rendered":"<p>Vous trouverez ci-dessous un rappel fait par la SACEM aux utilisateurs.<\/p>\n<div>\n<table role=\"presentation\" border=\"0\" cellspacing=\"0\" cellpadding=\"0\" align=\"center\">\n<tbody>\n<tr>\n<td>\n<div class=\"m_-4847406249004555891mj-column-per-67\">\n<table role=\"presentation\" border=\"0\" width=\"100%\" cellspacing=\"0\" cellpadding=\"0\">\n<tbody>\n<tr>\n<td align=\"left\">\n<div>\n<p>Suspension de la facturation, des pr\u00e9l\u00e8vements, des p\u00e9nalit\u00e9s\u2026<\/p>\n<\/div>\n<\/td>\n<\/tr>\n<\/tbody>\n<\/table>\n<\/div>\n<div class=\"m_-4847406249004555891mj-column-per-33\">\n<table role=\"presentation\" border=\"0\" width=\"100%\" cellspacing=\"0\" cellpadding=\"0\">\n<tbody>\n<tr>\n<td align=\"left\">\n<div>\n<p><a href=\"http:\/\/sacem.mj.am\/nl2\/v809\/mi3m6.html?m=AUcAAADh0rcAAcpvBCIAALD1issAAP-xNLMAJUrXAAb2xQBevuKR64CijYAkTTOLoqBFQsOCZQAEr0Q&amp;b=1f35da72&amp;e=8c8b59fd&amp;x=zcDkxJrUDVUl_AaIXUwnCnDbbvvbOPW8jURkgmh9csQ\" target=\"_blank\" rel=\"noopener noreferrer\" data-saferedirecturl=\"https:\/\/www.google.com\/url?q=http:\/\/sacem.mj.am\/nl2\/v809\/mi3m6.html?m%3DAUcAAADh0rcAAcpvBCIAALD1issAAP-xNLMAJUrXAAb2xQBevuKR64CijYAkTTOLoqBFQsOCZQAEr0Q%26b%3D1f35da72%26e%3D8c8b59fd%26x%3DzcDkxJrUDVUl_AaIXUwnCnDbbvvbOPW8jURkgmh9csQ&amp;source=gmail&amp;ust=1589686972259000&amp;usg=AFQjCNHshkkZ5ZWshCphPPKSd2ZtHwVwgQ\">Voir la version en ligne<\/a><\/p>\n<\/div>\n<\/td>\n<\/tr>\n<\/tbody>\n<\/table>\n<\/div>\n<\/td>\n<\/tr>\n<\/tbody>\n<\/table>\n<\/div>\n<div>\n<div>\n<table role=\"presentation\" border=\"0\" cellspacing=\"0\" cellpadding=\"0\" align=\"center\">\n<tbody>\n<tr>\n<td>\n<div class=\"m_-4847406249004555891mj-column-per-100\">\n<table role=\"presentation\" border=\"0\" width=\"100%\" cellspacing=\"0\" cellpadding=\"0\">\n<tbody>\n<tr>\n<td align=\"center\">\n<table role=\"presentation\" border=\"0\" cellspacing=\"0\" cellpadding=\"0\">\n<tbody>\n<tr>\n<td><img class=\"CToWUd\" src=\"https:\/\/ci5.googleusercontent.com\/proxy\/5J14fsG9Qd_p08QShUvMBQJHvMrRzHbLZWG-FLuz1y3tx51TRLdQZA-f-pblFy-7337wPyjBgWxVoHwjFIVSq7K-eg=s0-d-e1-ft#http:\/\/sacem.mj.am\/tplimg\/orqh\/b\/x498h\/vgll6.png\" alt=\"Logo Sacem\" width=\"300\" height=\"auto\" \/><\/td>\n<\/tr>\n<\/tbody>\n<\/table>\n<\/td>\n<\/tr>\n<\/tbody>\n<\/table>\n<\/div>\n<\/td>\n<\/tr>\n<\/tbody>\n<\/table>\n<\/div>\n<\/div>\n<div>\n<table role=\"presentation\" border=\"0\" cellspacing=\"0\" cellpadding=\"0\" align=\"center\">\n<tbody>\n<tr>\n<td>\n<div class=\"m_-4847406249004555891mj-column-per-100\">\n<table role=\"presentation\" border=\"0\" width=\"100%\" cellspacing=\"0\" cellpadding=\"0\">\n<tbody>\n<tr>\n<td>\n<table role=\"presentation\" border=\"0\" width=\"100%\" cellspacing=\"0\" cellpadding=\"0\">\n<tbody>\n<tr>\n<td>\n<div><\/div>\n<\/td>\n<\/tr>\n<tr>\n<td align=\"left\">\n<div>\n<p>&nbsp;<\/p>\n<p>Cher client, cher partenaire,<\/p>\n<p>Vous faites partie de nos clients pour lesquels la date de reprise li\u00e9e \u00e0 la crise sanitaire n\u2019a pas encore \u00e9t\u00e9 promulgu\u00e9e.<\/p>\n<p>La crise sanitaire a durement touch\u00e9 votre activit\u00e9, tout comme elle a gravement affect\u00e9 le secteur de la culture dans son ensemble. Les cr\u00e9ateurs que nous repr\u00e9sentons, et que vous contribuez \u00e0 faire vivre en diffusant leurs \u0153uvres, ont un statut de travailleur ind\u00e9pendant et certains ne b\u00e9n\u00e9ficient ni du droit au ch\u00f4mage, ni du r\u00e9gime d\u2019intermittent du spectacle. La fermeture des lieux publics et l\u2019annulation de dizaines de milliers d\u2019\u00e9v\u00e9nements vont impacter durablement leur r\u00e9mun\u00e9ration.<\/p>\n<p>Toutefois, conscients des difficult\u00e9s auxquelles chacun d\u2019entre nous doit faire face et par solidarit\u00e9 avec les diffuseurs, les cr\u00e9ateurs si\u00e9geant au Conseil d\u2019Administration de la Sacem ont d\u00e9cid\u00e9, au nom de tous les auteurs compositeurs et \u00e9diteurs, de renoncer \u00e0 une partie de leurs revenus pour vous soutenir durant cette phase de reprise.<\/p>\n<p>Les mesures qui ont \u00e9t\u00e9 prises sont les suivantes :<\/p>\n<ul>\n<li><b>Suspension de la facturation<\/b>\u00a0depuis le 15 mars<\/li>\n<li><b>Suspension des pr\u00e9l\u00e8vements<\/b>\u00a0depuis cette m\u00eame date<\/li>\n<li><b>G\u00e9n\u00e9ration d\u2019un cr\u00e9dit<\/b>\u00a0\u00e9quivalent \u00e0 la dur\u00e9e de la fermeture administrative (telle que fix\u00e9e par les autorit\u00e9s) et\u00a0<b>port\u00e9 \u00e0 votre compte<\/b>\u00a0Sacem dans les 30 jours suivant la fin de la p\u00e9riode<\/li>\n<li><b>Suspension des p\u00e9nalit\u00e9s<\/b>\u00a0(pour non-paiement dans les d\u00e9lais) jusqu\u2019au 8 septembre<\/li>\n<\/ul>\n<p><b>Que devez-vous faire pour b\u00e9n\u00e9ficier de ces dispositions ?\u00a0<\/b><\/p>\n<p><b>Vous n\u2019avez aucune d\u00e9marche \u00e0 effectuer.<\/b>\u00a0Nous allons mettre en \u0153uvre ce dispositif directement dans votre compte client. Compte tenu des difficult\u00e9s actuelles nous avons d\u00fb mettre en ch\u00f4mage partiel les \u00e9quipes de notre r\u00e9seau r\u00e9gional. Cependant,\u00a0<a href=\"http:\/\/sacem.mj.am\/lnk\/AUcAAADh0rcAAcpvBCIAALD1issAAP-xNLMAJUrXAAb2xQBevuKR64CijYAkTTOLoqBFQsOCZQAEr0Q\/1\/uS2WBT2X-h2xEwpekBGy0w\/aHR0cHM6Ly9iaXQubHkvMldsYkYwQw\" target=\"_blank\" rel=\"noopener noreferrer\" data-saferedirecturl=\"https:\/\/www.google.com\/url?q=http:\/\/sacem.mj.am\/lnk\/AUcAAADh0rcAAcpvBCIAALD1issAAP-xNLMAJUrXAAb2xQBevuKR64CijYAkTTOLoqBFQsOCZQAEr0Q\/1\/uS2WBT2X-h2xEwpekBGy0w\/aHR0cHM6Ly9iaXQubHkvMldsYkYwQw&amp;source=gmail&amp;ust=1589686972260000&amp;usg=AFQjCNGvX_gtpkXAqtRI7sJ60IOjYu4LJg\"><u>votre d\u00e9l\u00e9gation<\/u><\/a>, bien qu\u2019en effectif r\u00e9duit, reste \u00e0 votre \u00e9coute,\u00a0<b>de pr\u00e9f\u00e9rence par e-mail<\/b>. Pour en savoir plus et consulter notre FAQ sp\u00e9ciale Covid, rendez-vous sur notre site\u00a0<a href=\"http:\/\/sacem.mj.am\/lnk\/AUcAAADh0rcAAcpvBCIAALD1issAAP-xNLMAJUrXAAb2xQBevuKR64CijYAkTTOLoqBFQsOCZQAEr0Q\/2\/DfMG0ds1y4X0YB9KZM_YCQ\/aHR0cHM6Ly9iaXQubHkvMlozVkloag\" target=\"_blank\" rel=\"noopener noreferrer\" data-saferedirecturl=\"https:\/\/www.google.com\/url?q=http:\/\/sacem.mj.am\/lnk\/AUcAAADh0rcAAcpvBCIAALD1issAAP-xNLMAJUrXAAb2xQBevuKR64CijYAkTTOLoqBFQsOCZQAEr0Q\/2\/DfMG0ds1y4X0YB9KZM_YCQ\/aHR0cHM6Ly9iaXQubHkvMlozVkloag&amp;source=gmail&amp;ust=1589686972260000&amp;usg=AFQjCNFiSGBwFWLyTG4jVN6xlpZ5wc86eA\"><u>sacem.fr<\/u><\/a>.<\/p>\n<p>Les mesures dont vous avez b\u00e9n\u00e9fici\u00e9 vous seront notifi\u00e9es sur votre prochaine facture, le cas \u00e9ch\u00e9ant. Si vous avez opt\u00e9 pour la facture \u00e9lectronique, vous la retrouverez dans votre\u00a0<a href=\"http:\/\/sacem.mj.am\/lnk\/AUcAAADh0rcAAcpvBCIAALD1issAAP-xNLMAJUrXAAb2xQBevuKR64CijYAkTTOLoqBFQsOCZQAEr0Q\/3\/-02P6rO4t3OpjHd--oICUQ\/aHR0cDovL2JpdC5seS8ydzV0M3dv\" target=\"_blank\" rel=\"noopener noreferrer\" data-saferedirecturl=\"https:\/\/www.google.com\/url?q=http:\/\/sacem.mj.am\/lnk\/AUcAAADh0rcAAcpvBCIAALD1issAAP-xNLMAJUrXAAb2xQBevuKR64CijYAkTTOLoqBFQsOCZQAEr0Q\/3\/-02P6rO4t3OpjHd--oICUQ\/aHR0cDovL2JpdC5seS8ydzV0M3dv&amp;source=gmail&amp;ust=1589686972260000&amp;usg=AFQjCNELe040M4Xln87VfG_00Mqdo_nNKA\"><u>espace client<\/u><\/a>.<\/p>\n<p>Pour vous soutenir dans la reprise, vous trouverez ci-apr\u00e8s des liens utiles :\u00a0<a href=\"http:\/\/sacem.mj.am\/lnk\/AUcAAADh0rcAAcpvBCIAALD1issAAP-xNLMAJUrXAAb2xQBevuKR64CijYAkTTOLoqBFQsOCZQAEr0Q\/4\/S2fuOlGT3AzhucTILNA3Ig\/aHR0cHM6Ly93d3cuZWNvbm9taWUuZ291di5mci9jb3JvbmF2aXJ1cy1zb3V0aWVuLWVudHJlcHJpc2Vz\" target=\"_blank\" rel=\"noopener noreferrer\" data-saferedirecturl=\"https:\/\/www.google.com\/url?q=http:\/\/sacem.mj.am\/lnk\/AUcAAADh0rcAAcpvBCIAALD1issAAP-xNLMAJUrXAAb2xQBevuKR64CijYAkTTOLoqBFQsOCZQAEr0Q\/4\/S2fuOlGT3AzhucTILNA3Ig\/aHR0cHM6Ly93d3cuZWNvbm9taWUuZ291di5mci9jb3JvbmF2aXJ1cy1zb3V0aWVuLWVudHJlcHJpc2Vz&amp;source=gmail&amp;ust=1589686972260000&amp;usg=AFQjCNGja6w-mQ89UNIMj0t5UvZzmD2rqA\"><u>Minist\u00e8re de l\u2019\u00e9conomie<\/u><\/a>,\u00a0<a href=\"http:\/\/sacem.mj.am\/lnk\/AUcAAADh0rcAAcpvBCIAALD1issAAP-xNLMAJUrXAAb2xQBevuKR64CijYAkTTOLoqBFQsOCZQAEr0Q\/5\/sA6eNHIPmxOPoO3LS1WGkQ\/aHR0cHM6Ly93d3cuY3VsdHVyZS5nb3V2LmZyL0FjdHVhbGl0ZXMvRW1wbG95ZXVycy1jdWx0dXJlbHMtZmFjZS1hdXgtaW1wYWN0cy1kZS1sYS1jcmlzZS1kZS1jb3JvbmF2aXJ1cw\" target=\"_blank\" rel=\"noopener noreferrer\" data-saferedirecturl=\"https:\/\/www.google.com\/url?q=http:\/\/sacem.mj.am\/lnk\/AUcAAADh0rcAAcpvBCIAALD1issAAP-xNLMAJUrXAAb2xQBevuKR64CijYAkTTOLoqBFQsOCZQAEr0Q\/5\/sA6eNHIPmxOPoO3LS1WGkQ\/aHR0cHM6Ly93d3cuY3VsdHVyZS5nb3V2LmZyL0FjdHVhbGl0ZXMvRW1wbG95ZXVycy1jdWx0dXJlbHMtZmFjZS1hdXgtaW1wYWN0cy1kZS1sYS1jcmlzZS1kZS1jb3JvbmF2aXJ1cw&amp;source=gmail&amp;ust=1589686972260000&amp;usg=AFQjCNH-Spf9qm5xo71-wIgyQRJBV2FKIg\"><u>Minist\u00e8re de la culture<\/u><\/a>,\u00a0<a href=\"http:\/\/sacem.mj.am\/lnk\/AUcAAADh0rcAAcpvBCIAALD1issAAP-xNLMAJUrXAAb2xQBevuKR64CijYAkTTOLoqBFQsOCZQAEr0Q\/6\/QdYDurOBvZz1g9_1MJkr5A\/aHR0cHM6Ly93d3cuYnBpZnJhbmNlLmZyL0EtbGEtdW5lL0FjdHVhbGl0ZXMvQ29yb25hdmlydXMtQnBpZnJhbmNlLWFjdGl2ZS1kZXMtbWVzdXJlcy1leGNlcHRpb25uZWxsZXMtZGUtc291dGllbi1hdXgtZW50cmVwcmlzZXMtNDkxMTM\" target=\"_blank\" rel=\"noopener noreferrer\" data-saferedirecturl=\"https:\/\/www.google.com\/url?q=http:\/\/sacem.mj.am\/lnk\/AUcAAADh0rcAAcpvBCIAALD1issAAP-xNLMAJUrXAAb2xQBevuKR64CijYAkTTOLoqBFQsOCZQAEr0Q\/6\/QdYDurOBvZz1g9_1MJkr5A\/aHR0cHM6Ly93d3cuYnBpZnJhbmNlLmZyL0EtbGEtdW5lL0FjdHVhbGl0ZXMvQ29yb25hdmlydXMtQnBpZnJhbmNlLWFjdGl2ZS1kZXMtbWVzdXJlcy1leGNlcHRpb25uZWxsZXMtZGUtc291dGllbi1hdXgtZW50cmVwcmlzZXMtNDkxMTM&amp;source=gmail&amp;ust=1589686972260000&amp;usg=AFQjCNELer0P2UPPIqob6xssWlsDE_-57A\"><u>BPI<\/u><\/a>\u00a0et\u00a0<a href=\"http:\/\/sacem.mj.am\/lnk\/AUcAAADh0rcAAcpvBCIAALD1issAAP-xNLMAJUrXAAb2xQBevuKR64CijYAkTTOLoqBFQsOCZQAEr0Q\/7\/zzPdcnnOzCS4QIYoj7SPxQ\/aHR0cHM6Ly93d3cuY2NpLmZyL2Nvcm9uYXZpcnVzLWVudHJlcHJpc2U\" target=\"_blank\" rel=\"noopener noreferrer\" data-saferedirecturl=\"https:\/\/www.google.com\/url?q=http:\/\/sacem.mj.am\/lnk\/AUcAAADh0rcAAcpvBCIAALD1issAAP-xNLMAJUrXAAb2xQBevuKR64CijYAkTTOLoqBFQsOCZQAEr0Q\/7\/zzPdcnnOzCS4QIYoj7SPxQ\/aHR0cHM6Ly93d3cuY2NpLmZyL2Nvcm9uYXZpcnVzLWVudHJlcHJpc2U&amp;source=gmail&amp;ust=1589686972260000&amp;usg=AFQjCNHhBZ7cwHoD6mfJxGbJDUfJFWGw1A\"><u>CCI<\/u>.<\/a><\/p>\n<p>Dans l\u2019espoir que ces mesures soutiennent favorablement votre activit\u00e9 et nous permettent, ensemble, d\u2019assurer la reprise, je vous souhaite, au nom de tous les auteurs, compositeurs et \u00e9diteurs, ainsi qu\u2019au nom de l\u2019\u00e9quipe de votre d\u00e9l\u00e9gation r\u00e9gionale, le meilleur pour la p\u00e9riode \u00e0 venir.<\/p>\n<p>Sinc\u00e8rement,<\/p>\n<p>&nbsp;<\/p>\n<p><b>St\u00e9phane VASSEUR<\/b><\/p>\n<p><b>Directeur du R\u00e9seau<\/b><\/p>\n<p><b>Sacem, ensemble faisons vivre la musique<\/b><\/p>\n<p>&nbsp;<\/p>\n<\/div>\n<\/td>\n<\/tr>\n<\/tbody>\n<\/table>\n<\/td>\n<\/tr>\n<\/tbody>\n<\/table>\n<\/div>\n<\/td>\n<\/tr>\n<\/tbody>\n<\/table>\n<\/div>\n<div>\n<table role=\"presentation\" border=\"0\" cellspacing=\"0\" cellpadding=\"0\" align=\"center\">\n<tbody>\n<tr>\n<td>\n<div class=\"m_-4847406249004555891mj-column-per-100\">\n<table role=\"presentation\" border=\"0\" width=\"100%\" cellspacing=\"0\" cellpadding=\"0\">\n<tbody>\n<tr>\n<td>\n<table role=\"presentation\" border=\"0\" width=\"100%\" cellspacing=\"0\" cellpadding=\"0\">\n<tbody>\n<tr>\n<td align=\"center\">\n<table role=\"presentation\" border=\"0\" cellspacing=\"0\" cellpadding=\"0\">\n<tbody>\n<tr>\n<td><img class=\"CToWUd a6T\" tabindex=\"0\" src=\"https:\/\/ci6.googleusercontent.com\/proxy\/rhh76p2-aNaOB35RMBWZmSZok4riQVTi2zXKzba1y3JOwUJfgJjoKCiZ6_4gV_nOtxCekf2EHdvK2iedx8M1JWI=s0-d-e1-ft#http:\/\/sacem.mj.am\/img\/v809\/b\/mh018\/vjh00.jpeg\" alt=\"\" width=\"550\" height=\"auto\" \/><\/td>\n<\/tr>\n<\/tbody>\n<\/table>\n<\/td>\n<\/tr>\n<\/tbody>\n<\/table>\n<\/td>\n<\/tr>\n<\/tbody>\n<\/table>\n<\/div>\n<\/td>\n<\/tr>\n<\/tbody>\n<\/table>\n<\/div>\n<p>&nbsp;<\/p>\n","protected":false},"excerpt":{"rendered":"<p>Vous trouverez ci-dessous un rappel fait par la SACEM aux utilisateurs. Suspension de la facturation, des pr\u00e9l\u00e8vements, des p\u00e9nalit\u00e9s\u2026 Voir la version en ligne &nbsp; Cher client, cher partenaire, Vous faites partie de nos&#8230;<\/p>\n","protected":false},"author":2,"featured_media":0,"comment_status":"closed","ping_status":"open","sticky":false,"template":"","format":"standard","meta":{"_mi_skip_tracking":false,"_monsterinsights_sitenote_active":false,"_monsterinsights_sitenote_note":"","_monsterinsights_sitenote_category":0},"categories":[97,1,5],"tags":[],"_links":{"self":[{"href":"https:\/\/sndll.info\/index.php?rest_route=\/wp\/v2\/posts\/2605"}],"collection":[{"href":"https:\/\/sndll.info\/index.php?rest_route=\/wp\/v2\/posts"}],"about":[{"href":"https:\/\/sndll.info\/index.php?rest_route=\/wp\/v2\/types\/post"}],"author":[{"embeddable":true,"href":"https:\/\/sndll.info\/index.php?rest_route=\/wp\/v2\/users\/2"}],"replies":[{"embeddable":true,"href":"https:\/\/sndll.info\/index.php?rest_route=%2Fwp%2Fv2%2Fcomments&post=2605"}],"version-history":[{"count":1,"href":"https:\/\/sndll.info\/index.php?rest_route=\/wp\/v2\/posts\/2605\/revisions"}],"predecessor-version":[{"id":2606,"href":"https:\/\/sndll.info\/index.php?rest_route=\/wp\/v2\/posts\/2605\/revisions\/2606"}],"wp:attachment":[{"href":"https:\/\/sndll.info\/index.php?rest_route=%2Fwp%2Fv2%2Fmedia&parent=2605"}],"wp:term":[{"taxonomy":"category","embeddable":true,"href":"https:\/\/sndll.info\/index.php?rest_route=%2Fwp%2Fv2%2Fcategories&post=2605"},{"taxonomy":"post_tag","embeddable":true,"href":"https:\/\/sndll.info\/index.php?rest_route=%2Fwp%2Fv2%2Ftags&post=2605"}],"curies":[{"name":"wp","href":"https:\/\/api.w.org\/{rel}","templated":true}]}}