{"id":2610,"date":"2020-05-16T08:46:37","date_gmt":"2020-05-16T06:46:37","guid":{"rendered":"http:\/\/pjcrpry.cluster031.hosting.ovh.net\/?p=2610"},"modified":"2020-08-07T11:39:59","modified_gmt":"2020-08-07T09:39:59","slug":"last-news-16-mai-2020","status":"publish","type":"post","link":"https:\/\/sndll.info\/?p=2610","title":{"rendered":"Last news 16 Mai 2020"},"content":{"rendered":"<p>Enfin les syndicats h\u00f4teliers semblent comprendre que le protocole sanitaire avec 4 M2 pour un client est impossible \u00e0 tenir !<\/p>\n<p>Ils r\u00e9alisent aussi que la question des loyers est fondamentale !<\/p>\n<p>Voici leur dernier communiqu\u00e9, et nous les soutenons sachant bien que pour les \u00e9tablissements de nuit, la situation est pire encore !<\/p>\n<p><span style=\"color: #0000ff;\"><strong>COMMUNIQUE DE NOTRE PARTENAIRE LE SYNHORCAT\/GNI :<\/strong><\/span><\/p>\n<p><strong>&#8220;Pour ce qui concerne le protocole sanitaire<\/strong>, notre \u00e9quipe (du GNI auquel le SNDLL est associ\u00e9) travaille avec Franck Gervais (num\u00e9ro 2 d\u2019Accor) auquel S\u00e9bastien Bazin a confi\u00e9 la mission de coordonner les travaux des diff\u00e9rentes OP.<\/p>\n<p><strong><span style=\"color: #ff0000;\">Nous refusons toute r\u00e9ouverture de nos \u00e9tablissements avec la contrainte de distanciation de 4 m2 par personne.<\/span><\/strong><\/p>\n<p>Nous travaillons \u00e0 des solutions afin que la sant\u00e9 des clients et des salari\u00e9s soit assur\u00e9e sans que la capacit\u00e9 d\u2019accueil de nos \u00e9tablissements soit ainsi divis\u00e9e par 4.<\/p>\n<p><strong>Pour ce qui concerne les loyers<\/strong>, nous sommes convenus que le GNI porte ses propositions qui visent \u00e0 inciter les parties au contrat de bail \u00e0 trouver un accord\u00a0:<\/p>\n<ul>\n<li>1<sup>\u00e8re<\/sup>\u00a0mesure\u00a0: inciter le bailleur \u00e0 abandonner toute ou partie du loyer au moyen d\u2019un cr\u00e9dit d\u2019imp\u00f4t \u00e0 due concurrence. Ce cr\u00e9dit d\u2019imp\u00f4t pouvant \u00eatre plafonn\u00e9 \u00e0 50\u00a0% du montant du loyer.<\/li>\n<li>2<sup>\u00e8me<\/sup>\u00a0mesure\u00a0: afin de contraindre les bailleurs r\u00e9calcitrants, augmenter les d\u00e9lais d\u2019inopposabilit\u00e9 des clauses r\u00e9solutoires en les portant \u00e0 deux ans.<\/li>\n<li>3<sup>\u00e8me<\/sup>\u00a0mesure\u00a0: pour inciter au paiement du loyer, accorder un cr\u00e9dit d\u2019imp\u00f4t aux locataires \u00e0 concurrence de 60\u00a0% du montant du loyer, selon le mod\u00e8le italien.<\/li>\n<\/ul>\n<p>Restera \u00e0 revenir sur le probl\u00e8me scandaleux des Assurances &#8230;.<\/p>\n<p>&nbsp;<\/p>\n<p>Patrick MALVA\u00cbS<\/p>\n","protected":false},"excerpt":{"rendered":"<p>Enfin les syndicats h\u00f4teliers semblent comprendre que le protocole sanitaire avec 4 M2 pour un client est impossible \u00e0 tenir ! Ils r\u00e9alisent aussi que la question des loyers est fondamentale ! Voici leur&#8230;<\/p>\n","protected":false},"author":2,"featured_media":0,"comment_status":"closed","ping_status":"open","sticky":false,"template":"","format":"standard","meta":{"_mi_skip_tracking":false,"_monsterinsights_sitenote_active":false,"_monsterinsights_sitenote_note":"","_monsterinsights_sitenote_category":0},"categories":[97,1],"tags":[],"_links":{"self":[{"href":"https:\/\/sndll.info\/index.php?rest_route=\/wp\/v2\/posts\/2610"}],"collection":[{"href":"https:\/\/sndll.info\/index.php?rest_route=\/wp\/v2\/posts"}],"about":[{"href":"https:\/\/sndll.info\/index.php?rest_route=\/wp\/v2\/types\/post"}],"author":[{"embeddable":true,"href":"https:\/\/sndll.info\/index.php?rest_route=\/wp\/v2\/users\/2"}],"replies":[{"embeddable":true,"href":"https:\/\/sndll.info\/index.php?rest_route=%2Fwp%2Fv2%2Fcomments&post=2610"}],"version-history":[{"count":1,"href":"https:\/\/sndll.info\/index.php?rest_route=\/wp\/v2\/posts\/2610\/revisions"}],"predecessor-version":[{"id":2611,"href":"https:\/\/sndll.info\/index.php?rest_route=\/wp\/v2\/posts\/2610\/revisions\/2611"}],"wp:attachment":[{"href":"https:\/\/sndll.info\/index.php?rest_route=%2Fwp%2Fv2%2Fmedia&parent=2610"}],"wp:term":[{"taxonomy":"category","embeddable":true,"href":"https:\/\/sndll.info\/index.php?rest_route=%2Fwp%2Fv2%2Fcategories&post=2610"},{"taxonomy":"post_tag","embeddable":true,"href":"https:\/\/sndll.info\/index.php?rest_route=%2Fwp%2Fv2%2Ftags&post=2610"}],"curies":[{"name":"wp","href":"https:\/\/api.w.org\/{rel}","templated":true}]}}