{"id":2626,"date":"2020-05-18T09:51:39","date_gmt":"2020-05-18T07:51:39","guid":{"rendered":"http:\/\/pjcrpry.cluster031.hosting.ovh.net\/?p=2626"},"modified":"2020-08-12T12:16:22","modified_gmt":"2020-08-12T10:16:22","slug":"communique-de-patrick-malvaes-pour-lafp-et-les-journalistes","status":"publish","type":"post","link":"https:\/\/sndll.info\/?p=2626","title":{"rendered":"Communiqu\u00e9 de Patrick MALVA\u00cbS"},"content":{"rendered":"<h2 style=\"text-align: center;\"><span style=\"font-weight: 400;\">Communiqu\u00e9 de Patrick MALVA\u00cbS<\/span><br \/>\n<span style=\"font-weight: 400;\">Pr\u00e9sident du Syndicat National des Discoth\u00e8ques et Lieux de Loisirs<\/span><\/h2>\n<p><span style=\"color: #c90606;\"><b>En interdisant la rencontre et le partage, le Covid frappe l&#8217;essence m\u00eame des \u00e9tablissements de nuit<\/b><\/span><span style=\"font-weight: 400;\">\u00a0alors qu&#8217;une crise vient d\u00e9j\u00e0 d&#8217;en tuer les 2\/3\u00a0!<\/span><\/p>\n<p><span style=\"font-weight: 400;\">Quand un \u00e9lu \u00e9voque ce drame \u00e0\u00a0l&#8217;Assembl\u00e9e, des d\u00e9put\u00e9s ricanent ! Pourquoi un tel m\u00e9pris ?<\/span><br \/>\n<span style=\"font-weight: 400;\">Le gouvernement aussi semble ignorer notre angoisse, nos attentes.<\/span><\/p>\n<p style=\"text-align: center;\"><b>Nul n&#8217;\u00e9voque les discoth\u00e8ques et lieux de loisirs.<\/b><\/p>\n<p><span style=\"font-weight: 400;\">Les Romains savaient qu&#8217;il fallait aux citoyens le pain mais aussi la f\u00eate (panem et circenses) pour garantir la paix sociale. Sans acc\u00e8s au r\u00eave, l&#8217;ordinaire devient vite insoutenable.\u00a0<\/span><br \/>\n<span style=\"font-weight: 400;\">Aujourd&#8217;hui<\/span><b>\u00a0veut-on le d\u00e9sordre comme seul exutoire \u00e0 la crise sociale de notre pays ?<\/b><\/p>\n<p style=\"text-align: center;\"><span style=\"color: #c90606;\"><b>Comment lib\u00e9rer nos m\u00e9tiers qui ont \u00e9t\u00e9 les premiers sanctionn\u00e9s ?<\/b><\/span><\/p>\n<ul>\n<li style=\"font-weight: 400;\"><span style=\"font-weight: 400;\">Les <\/span><b>contraintes sanitaires<\/b><span style=\"font-weight: 400;\">\u00a0doivent \u00eatre\u00a0<\/span><b>adapt\u00e9es<\/b><span style=\"font-weight: 400;\">\u00a0\u00e0 notre vocation.<br \/>\nPas de r\u00e9ouverture pr\u00e9cipit\u00e9e sans\u00a0<b>contraintes r\u00e9alistes <\/b><\/span><\/li>\n<\/ul>\n<ul>\n<li><b>Train de mesures de sauvegarde de l\u2019emploi et des entreprises :<\/b>\n<ul>\n<li style=\"font-weight: 400;\"><span style=\"font-weight: 400;\">prolongation du ch\u00f4mage partiel jusqu&#8217;\u00e0 la r\u00e9ouverture,<\/span><\/li>\n<li style=\"font-weight: 400;\"><span style=\"font-weight: 400;\">annulation des charges sociales et report des diverses factures et redevances,<\/span><\/li>\n<li style=\"font-weight: 400;\"><span style=\"font-weight: 400;\">gel des loyers commerciaux et des clauses r\u00e9solutoires qui peuvent casser les baux,<\/span><\/li>\n<li style=\"font-weight: 400;\"><span style=\"font-weight: 400;\">acc\u00e8s au Pr\u00eat Garanti par l&#8217;Etat (PGE) pour tous (les banques \u201crechignent\u201d),<\/span><\/li>\n<li style=\"font-weight: 400;\"><span style=\"font-weight: 400;\">acc\u00e8s continu aux fonds de solidarit\u00e9\/relance aliment\u00e9s aussi par les assurances.<\/span><\/li>\n<\/ul>\n<\/li>\n<\/ul>\n<ul>\n<li style=\"font-weight: 400;\"><b>Aligner ou moduler notre taux de\u00a0TVA \u00e0 10 %<\/b><span style=\"font-weight: 400;\">\u00a0sur celui des autres activit\u00e9s de loisirs\u00a0: forains, parcs, cin\u00e9mas, jeux et man\u00e8ges, lieux de spectacle avec d\u00e9bit de boissons\u2026<\/span><\/li>\n<\/ul>\n<p><span style=\"font-weight: 400;\">La survie de tout un secteur, au carrefour des loisirs et de la Culture, est en jeu.<\/span><\/p>\n<p style=\"text-align: center;\"><span style=\"color: #c90606;\"><b>Pas de matin des magiciens sans les magiciens de la nuit !<\/b><\/span><\/p>\n<p style=\"text-align: left;\"><strong>Patrick MALVA\u00cbS<\/strong><br \/>\n<a href=\"mailto:patrick.malvaes@gmail.com\" target=\"_blank\" rel=\"noopener noreferrer\">patrick.malvaes@gmail.com<\/a><\/p>\n<p style=\"text-align: center;\"><strong><span style=\"color: #333333;\">L&#8217;enqu\u00eate de repr\u00e9sentativit\u00e9 du Minist\u00e8re du Travail de 2017 a reconnu<\/span><\/strong><br \/>\n<strong><span style=\"color: #333333;\">la repr\u00e9sentativit\u00e9 du SNDLL comme seul syndicat sp\u00e9cifique aux discoth\u00e8ques.<\/span><\/strong><\/p>\n","protected":false},"excerpt":{"rendered":"<p>Communiqu\u00e9 de Patrick MALVA\u00cbS Pr\u00e9sident du Syndicat National des Discoth\u00e8ques et Lieux de Loisirs En interdisant la rencontre et le partage, le Covid frappe l&#8217;essence m\u00eame des \u00e9tablissements de nuit\u00a0alors qu&#8217;une crise vient d\u00e9j\u00e0&#8230;<\/p>\n","protected":false},"author":2,"featured_media":0,"comment_status":"closed","ping_status":"open","sticky":false,"template":"","format":"standard","meta":{"_mi_skip_tracking":false,"_monsterinsights_sitenote_active":false,"_monsterinsights_sitenote_note":"","_monsterinsights_sitenote_category":0},"categories":[97,147],"tags":[],"_links":{"self":[{"href":"https:\/\/sndll.info\/index.php?rest_route=\/wp\/v2\/posts\/2626"}],"collection":[{"href":"https:\/\/sndll.info\/index.php?rest_route=\/wp\/v2\/posts"}],"about":[{"href":"https:\/\/sndll.info\/index.php?rest_route=\/wp\/v2\/types\/post"}],"author":[{"embeddable":true,"href":"https:\/\/sndll.info\/index.php?rest_route=\/wp\/v2\/users\/2"}],"replies":[{"embeddable":true,"href":"https:\/\/sndll.info\/index.php?rest_route=%2Fwp%2Fv2%2Fcomments&post=2626"}],"version-history":[{"count":5,"href":"https:\/\/sndll.info\/index.php?rest_route=\/wp\/v2\/posts\/2626\/revisions"}],"predecessor-version":[{"id":2717,"href":"https:\/\/sndll.info\/index.php?rest_route=\/wp\/v2\/posts\/2626\/revisions\/2717"}],"wp:attachment":[{"href":"https:\/\/sndll.info\/index.php?rest_route=%2Fwp%2Fv2%2Fmedia&parent=2626"}],"wp:term":[{"taxonomy":"category","embeddable":true,"href":"https:\/\/sndll.info\/index.php?rest_route=%2Fwp%2Fv2%2Fcategories&post=2626"},{"taxonomy":"post_tag","embeddable":true,"href":"https:\/\/sndll.info\/index.php?rest_route=%2Fwp%2Fv2%2Ftags&post=2626"}],"curies":[{"name":"wp","href":"https:\/\/api.w.org\/{rel}","templated":true}]}}