{"id":3008,"date":"2020-06-25T14:11:05","date_gmt":"2020-06-25T12:11:05","guid":{"rendered":"http:\/\/pjcrpry.cluster031.hosting.ovh.net\/?p=3008"},"modified":"2020-08-12T12:13:44","modified_gmt":"2020-08-12T10:13:44","slug":"deja-une-semaine","status":"publish","type":"post","link":"https:\/\/sndll.info\/?p=3008","title":{"rendered":"D\u00c9J\u00c0 UNE SEMAINE !"},"content":{"rendered":"<p>Chers amis,<\/p>\n<p>Je me sens tellement proche de chacune et chacun que<span style=\"color: #ff00ff;\"> <strong>j&#8217;ai besoin ce soir de faire le point avec vous<\/strong>.<\/span><\/p>\n<p><strong>Depuis 6 jours presque 15 heures\/jour nous nous activons pour d\u00e9bloquer la situation ! J&#8217;ai occup\u00e9 l&#8217;espace partout et en m\u00eame temps j&#8217;ai transmis les dossiers aux minist\u00e8res. O\u00f9 en est-on ?<\/strong><\/p>\n<p><span style=\"color: #800000;\"><strong>La r\u00e9union interminist\u00e9rielle de ce jeudi 25 a \u00e9t\u00e9 repouss\u00e9e \u00e0 la semaine prochaine. Ils ne savent pas ce que c&#8217;est que l&#8217;angoisse et le besoin !<\/strong><\/span><\/p>\n<p><strong>Demain 26, le Ministre de la Culture M. Franck RIESTER devait nous recevoir. Il fera une r\u00e9union sans nous et a d\u00e9clar\u00e9 que les discoth\u00e8ques ce n&#8217;\u00e9tait pas d&#8217;actualit\u00e9&#8230; il va agir pour que des lieux ext\u00e9rieurs rouvrent en festivals et autres&#8230;c&#8217;est clair !<\/strong><\/p>\n<p>Le Minist\u00e8re du Tourisme est bloqu\u00e9 en attendant et <strong><span style=\"color: #0000ff;\">noyaut\u00e9 maintenant par les repr\u00e9sentants de lieux festifs qui ne sont pas des discoth\u00e8ques.<\/span><\/strong> J&#8217;en suis \u00e0 leur r\u00e9expliquer ! Et surtout <strong>il y a urgence<\/strong>&#8230;<\/p>\n<p>Donc je deviens tr\u00e8s sceptique d&#8217;autant que<strong><span style=\"color: #0000ff;\"> la d\u00e9monstration au BALAJO \u00e0 Paris avec les d\u00e9put\u00e9s<\/span> (8 environ \u00e9taient l\u00e0 tout de\u00a0 m\u00eame) <span style=\"color: #0000ff;\">hier au soir n&#8217;a<\/span> <span style=\"color: #0000ff;\">pas \u00e9t\u00e9 tr\u00e8s convaincante ni qualitative<\/span><\/strong> : peu de monde, discours \u00e9cul\u00e9s dont celui du Pr\u00e9sident des cafetiers h\u00f4teliers restaurateurs qui s&#8217;est fait plaisir alors qu&#8217;il \u00e9tait dit que ce n&#8217;\u00e9tait pas syndical&#8230;.<span style=\"color: #ff00ff;\"><strong>Une grosse r\u00e9cup\u00e9ration par les h\u00f4teliers et les alcooliers derri\u00e8re PARIS NUIT et des \u00e9lus qui soignent leur carri\u00e8re, avant tout.\u00a0 Notre m\u00e9tier vaut mieux !<\/strong><\/span><\/p>\n<p>L\u00e0 je ne peux en dire plus (je n\u00e9gocie comme un\u00a0 forcen\u00e9) mais mon devoir est de vous rendre compte d&#8217;une r\u00e9alit\u00e9 difficile.<\/p>\n<p><strong>Qu&#8217;on nous rende notre dignit\u00e9 et nous respecte ! Nous faisons un vrai m\u00e9tier.<\/strong><\/p>\n<p>Je reviens vers vous d\u00e8s qu&#8217;il y a du neuf, en temps r\u00e9el. Ne m&#8217;abreuvez pas trop de messages (sauf de soutien !!!) je ne peux r\u00e9pondre \u00e0 toutes les marques de sympathie mais y suis sensible. Je consacre mes efforts au combat g\u00e9n\u00e9ral et r\u00e9ponds en priorit\u00e9 \u00e0 ceux qui ont des probl\u00e8mes particuliers.<\/p>\n<p>Venceremos ! On gagnera !<\/p>\n<p>Patrick MALVA\u00cbS<\/p>\n<p>&nbsp;<\/p>\n","protected":false},"excerpt":{"rendered":"<p>Chers amis, Je me sens tellement proche de chacune et chacun que j&#8217;ai besoin ce soir de faire le point avec vous. Depuis 6 jours presque 15 heures\/jour nous nous activons pour d\u00e9bloquer la&#8230;<\/p>\n","protected":false},"author":2,"featured_media":2991,"comment_status":"closed","ping_status":"open","sticky":false,"template":"","format":"image","meta":{"_mi_skip_tracking":false,"_monsterinsights_sitenote_active":false,"_monsterinsights_sitenote_note":"","_monsterinsights_sitenote_category":0},"categories":[97,1,147],"tags":[],"_links":{"self":[{"href":"https:\/\/sndll.info\/index.php?rest_route=\/wp\/v2\/posts\/3008"}],"collection":[{"href":"https:\/\/sndll.info\/index.php?rest_route=\/wp\/v2\/posts"}],"about":[{"href":"https:\/\/sndll.info\/index.php?rest_route=\/wp\/v2\/types\/post"}],"author":[{"embeddable":true,"href":"https:\/\/sndll.info\/index.php?rest_route=\/wp\/v2\/users\/2"}],"replies":[{"embeddable":true,"href":"https:\/\/sndll.info\/index.php?rest_route=%2Fwp%2Fv2%2Fcomments&post=3008"}],"version-history":[{"count":6,"href":"https:\/\/sndll.info\/index.php?rest_route=\/wp\/v2\/posts\/3008\/revisions"}],"predecessor-version":[{"id":3435,"href":"https:\/\/sndll.info\/index.php?rest_route=\/wp\/v2\/posts\/3008\/revisions\/3435"}],"wp:featuredmedia":[{"embeddable":true,"href":"https:\/\/sndll.info\/index.php?rest_route=\/wp\/v2\/media\/2991"}],"wp:attachment":[{"href":"https:\/\/sndll.info\/index.php?rest_route=%2Fwp%2Fv2%2Fmedia&parent=3008"}],"wp:term":[{"taxonomy":"category","embeddable":true,"href":"https:\/\/sndll.info\/index.php?rest_route=%2Fwp%2Fv2%2Fcategories&post=3008"},{"taxonomy":"post_tag","embeddable":true,"href":"https:\/\/sndll.info\/index.php?rest_route=%2Fwp%2Fv2%2Ftags&post=3008"}],"curies":[{"name":"wp","href":"https:\/\/api.w.org\/{rel}","templated":true}]}}