{"id":3034,"date":"2020-06-26T14:45:25","date_gmt":"2020-06-26T12:45:25","guid":{"rendered":"http:\/\/pjcrpry.cluster031.hosting.ovh.net\/?p=3034"},"modified":"2020-08-22T12:45:18","modified_gmt":"2020-08-22T10:45:18","slug":"du-mieux","status":"publish","type":"post","link":"https:\/\/sndll.info\/?p=3034","title":{"rendered":"DU MIEUX ??? Merci Mme PANNIER RUNACHER !!!"},"content":{"rendered":"<p>Avec les pr\u00e9cautions d&#8217;usage : je ne peux tout dire actuellement,\u00a0 il faut attendre les arbitrages interminist\u00e9riels et tiendront-il leur parole ?<\/p>\n<p>Je vous livre mon sentiment en sortant d&#8217;une r\u00e9union avec le Minist\u00e8re des Finances ce vendredi midi o\u00f9 j&#8217;\u00e9tais en entretien avec la Ministre Agn\u00e8s\u00a0 Pannier Runacher. Je r\u00e9sume ce que je pense \u00e0 ce jour (j&#8217;ai aussi suivi les d\u00e9bats en Commission \u00e0 l&#8217;Assembl\u00e9e Nationale) et je fais une synth\u00e8se de ce qui semble se profiler:<\/p>\n<ul>\n<li>l<strong>es discoth\u00e8ques ne rouvriront pas pour l&#8217;\u00e9t\u00e9<\/strong>.\u00a0 Perso, je pense m\u00eame que septembre n&#8217;est pas du tout, du tout gagn\u00e9 si la pand\u00e9mie repart.<\/li>\n<li>Des am\u00e9nagements r\u00e9glementaires semblent acquis: les discoth\u00e8ques pourraient <strong>fonctionner en bars<\/strong> comme certains le souhaitent (moi, pas trop et c&#8217;et un euph\u00e9misme !). Jean Roch qui \u00e9tait avec moi a pouss\u00e9 le pion que nous avions avanc\u00e9 sur la <strong>possibilit\u00e9 de danse ?..<\/strong> on y reviendra. PAS A PAS, s&#8217;il vous plait m\u00eame si tout le monde est impatient. Soyons strat\u00e8ges un peu &#8230;<\/li>\n<li><strong>Les aides sont prorog\u00e9es<\/strong> le temps de notre fermeture: ch\u00f4mage partiel \u00e0 100 %, fonds de solidarit\u00e9 de 1 500 \u20ac mensuels, exon\u00e9ration des charges<\/li>\n<li>Pour les\u00a0 <strong>loyers<\/strong> la Ministre m&#8217;a promis d&#8217;\u00e9tudier le <strong>blocage de la clause r\u00e9solutoire<\/strong> qui permet d&#8217;expulser un preneur. D\u00e9cid\u00e9e.<\/li>\n<li>j&#8217;ai \u00e9voqu\u00e9 le fait de <strong>bloquer tout d\u00e9p\u00f4t de bilan h\u00e2tif<\/strong> impos\u00e9 par un tiers<\/li>\n<\/ul>\n<p>Sans pouvoir aller dans le d\u00e9tail ont \u00e9t\u00e9 soulev\u00e9s: la n\u00e9cessit\u00e9 d&#8217;une subvention de X % du CA pour la p\u00e9riode de fermeture, le r\u00e9\u00e9chelonnement de la dette par les banques, un nouveau PGE sp\u00e9cifique, le report des \u00e9ch\u00e9ances du premier PGE, le poids des cong\u00e9s pay\u00e9s acquis par les salari\u00e9s en ch\u00f4mage partiel, la date d&#8217;exigibilit\u00e9 de l&#8217;imp\u00f4t sur les soci\u00e9t\u00e9s (la Ministre m&#8217;a dit intervenir dans la semaine sur le sujet), la Ministre s&#8217;est engag\u00e9e \u00e0 ce que l&#8217;Etat prenne en charge 50 % des imp\u00f4ts auxquels renonceraient les collectivit\u00e9s locales (Foncier CFE, VAE etc&#8230;) pour qu&#8217;on puisse en \u00eatre dispens\u00e9s, le cas des TNS a \u00e9t\u00e9 mis sur la table (enthousiasme moyen) comme celui des retrait\u00e9s, celui de la prolongation du ch\u00f4mage des saisonniers a \u00e9t\u00e9 accueilli, la non taxation des CDD actuellement pr\u00e9vue, le probl\u00e8me des assurances&#8230;.<\/p>\n<p>Ecrivez moi (je ne pourrai s\u00fbrement r\u00e9pondre \u00e0 tous de suite faute de temps mais j&#8217;enregistre tout) vos suggestions \u00e9ventuelles mais je pense avoir fait le tour complet des probl\u00e8me nonobstant la date de r\u00e9ouverture<\/p>\n<p>J&#8217;ai\u00a0 \u00e9valu\u00e9 l&#8217;enveloppe \u00e0 1\/2 milliard d&#8217;\u20acuros au moins pour sauver nos emplois.<\/p>\n<p>Ce n&#8217;est ni le lieu ni le moment d&#8217;aller plus loin, mais j&#8217;avance, on avance.<\/p>\n<p>Trois prochaines r\u00e9unions sont \u00e0 mon programme dans la semaine qui vient avec chaque Minist\u00e8re.<\/p>\n<p>Je me bats avec \u00e9nergie et je pense \u00e0 chacun de vous et \u00e0 MIKE du TREMPLIN\u00a0 dont j&#8217;\u00e9voque le sort \u00e0 chaque r\u00e9union, comme vous &#8220;je suis MIKE&#8221;!<\/p>\n<p>Je suis \u00e9puis\u00e9 (pas tant que lui, mais autrement!), d\u00e9\u00e7u pour l&#8217;ouverture, d\u00e9termin\u00e9 pour le reste car je veux\u00a0 sauver notre fili\u00e8re et nos entreprises.<\/p>\n<p>Je ne peux mieux vous dire actuellement.<\/p>\n<p>Patrick MALVA\u00cbS<\/p>\n<p>&nbsp;<\/p>\n","protected":false},"excerpt":{"rendered":"<p>Avec les pr\u00e9cautions d&#8217;usage : je ne peux tout dire actuellement,\u00a0 il faut attendre les arbitrages interminist\u00e9riels et tiendront-il leur parole ? Je vous livre mon sentiment en sortant d&#8217;une r\u00e9union avec le Minist\u00e8re&#8230;<\/p>\n","protected":false},"author":2,"featured_media":0,"comment_status":"closed","ping_status":"open","sticky":false,"template":"","format":"standard","meta":{"_mi_skip_tracking":false,"_monsterinsights_sitenote_active":false,"_monsterinsights_sitenote_note":"","_monsterinsights_sitenote_category":0},"categories":[97,1,147],"tags":[],"_links":{"self":[{"href":"https:\/\/sndll.info\/index.php?rest_route=\/wp\/v2\/posts\/3034"}],"collection":[{"href":"https:\/\/sndll.info\/index.php?rest_route=\/wp\/v2\/posts"}],"about":[{"href":"https:\/\/sndll.info\/index.php?rest_route=\/wp\/v2\/types\/post"}],"author":[{"embeddable":true,"href":"https:\/\/sndll.info\/index.php?rest_route=\/wp\/v2\/users\/2"}],"replies":[{"embeddable":true,"href":"https:\/\/sndll.info\/index.php?rest_route=%2Fwp%2Fv2%2Fcomments&post=3034"}],"version-history":[{"count":5,"href":"https:\/\/sndll.info\/index.php?rest_route=\/wp\/v2\/posts\/3034\/revisions"}],"predecessor-version":[{"id":3650,"href":"https:\/\/sndll.info\/index.php?rest_route=\/wp\/v2\/posts\/3034\/revisions\/3650"}],"wp:attachment":[{"href":"https:\/\/sndll.info\/index.php?rest_route=%2Fwp%2Fv2%2Fmedia&parent=3034"}],"wp:term":[{"taxonomy":"category","embeddable":true,"href":"https:\/\/sndll.info\/index.php?rest_route=%2Fwp%2Fv2%2Fcategories&post=3034"},{"taxonomy":"post_tag","embeddable":true,"href":"https:\/\/sndll.info\/index.php?rest_route=%2Fwp%2Fv2%2Ftags&post=3034"}],"curies":[{"name":"wp","href":"https:\/\/api.w.org\/{rel}","templated":true}]}}