{"id":3044,"date":"2020-06-28T10:48:27","date_gmt":"2020-06-28T08:48:27","guid":{"rendered":"http:\/\/pjcrpry.cluster031.hosting.ovh.net\/?p=3044"},"modified":"2020-08-07T11:38:03","modified_gmt":"2020-08-07T09:38:03","slug":"point-detape-28-juin-2020","status":"publish","type":"post","link":"https:\/\/sndll.info\/?p=3044","title":{"rendered":"POINT D&#8217;ETAPE 28 JUIN 2020"},"content":{"rendered":"<p><span style=\"color: #333399;\">Cher confr\u00e8re,<\/span><\/p>\n<p><span style=\"color: #333399;\">Malgr\u00e9 le climat naus\u00e9eux que certains voudraient imposer, la marche en avant continue. Nous assumons parfaitement. Je suis en \u00e9troit partenariat sur toutes les questions avec le Pr\u00e9sident National du GNI (Groupement National des Ind\u00e9pendants) Mr Didier CHENET. Il vient de faire un point d&#8217;\u00e9tape ci-dessous o\u00f9 tout est r\u00e9sum\u00e9.\u00a0 Par lui, pas par moi ! Objectivement, jugez le travail men\u00e9. Je vais essayer d&#8217;aller jusqu&#8217;au bout !..<\/span><\/p>\n<p><span style=\"color: #333399;\">Cordialement \u00e0 tous, Patrick MALVA\u00cbS<\/span><\/p>\n<p><span style=\"color: #ff00ff;\"><strong>\u00a0Lettre du Pr\u00e9sident du G.N.I.<\/strong><\/span><\/p>\n<p>&#8221; <span style=\"color: #ff00ff;\">J\u2019ai de nouveau \u00e9crit le 23 juin 2020 au Pr\u00e9sident de la R\u00e9publique avec Patrick Malva\u00ebs, Pr\u00e9sident du SNDLL,<\/span> syndicat associ\u00e9 du GNI et seule Organisation reconnue repr\u00e9sentative des Discoth\u00e8ques , et nous sommes intervenus aupr\u00e8s du Secr\u00e9taire d\u2019\u00c9tat au tourisme, Jean-Baptiste Lemoyne afin de leur demander de <span style=\"color: #ff00ff;\"><strong>rouvrir au plus vites les discoth\u00e8ques qui sont menac\u00e9es de disparition.<\/strong><\/span><\/p>\n<p>Nous leur avons demand\u00e9 :<br \/>\n&#8211; d\u2019autoriser <strong>imm\u00e9diatement la r\u00e9ouverture des discoth\u00e8ques sous une activit\u00e9\u0301 de d\u00e9bit de boissons,<\/strong> sans activit\u00e9\u0301 de danse, sur le mod\u00e8le d\u00e9j\u00e0\u0300 mis en \u0153uvre pour des \u00e9tablissements parisiens <strong>et d\u00e8s la fin de l\u2019\u00c9tat d\u2019urgence sanitaire le 11 juillet prochain, autoriser les discoth\u00e8ques a\u0300 rouvrir sous leur activit\u00e9\u0301 normale.<\/strong><\/p>\n<p>Cette premi\u00e8re p\u00e9riode d\u2019exploitation en d\u00e9bits de boissons s\u2019op\u00e9rerait selon les horaires autoris\u00e9s et dans le respect du protocole sanitaire<\/p>\n<p>&#8211; dans l\u2019attente de cette r\u00e9ouverture normale, d\u2019<strong>autoriser la danse sur les pistes ext\u00e9rieures<\/strong> en raison du tr\u00e8s faible risque de contamination dans les espaces en plein air.<\/p>\n<p>&#8211; de <strong>mettre en \u0153uvre au plus vite des aides exceptionnelles pour les discoth\u00e8ques <\/strong><\/p>\n<p>Notre d\u00e9marche commence \u00e0 porter ses fruits.<\/p>\n<p>J\u00e9r\u00f4me Guilbert, Pr\u00e9sident des caf\u00e9s, bars au GNI , lui-m\u00eame exploitant de plusieurs discoth\u00e8ques et Franck Trouet , avec Patrick Malvaes, Pr\u00e9sident du SNDLL , seront re\u00e7us ce mardi 30 juin par Laurent PIETRASZEWSKI, Secr\u00e9taire d\u2019\u00e9tat charg\u00e9 des retraites et de la protection de la sant\u00e9 des salari\u00e9s contre l\u2019\u00e9pid\u00e9mie du covid-19 afin d\u2019\u00e9changer sur la situation relative au secteur des discoth\u00e8ques : date et modalit\u00e9s de r\u00e9ouverture, plan d\u2019aides sp\u00e9cifiques.<\/p>\n<p>Le travail continue avec le SNDLL , qui a con\u00e7u un protocole sanitaire propre aux discoth\u00e8ques.<\/p>\n<p>*********<\/p>\n<p>LE PROJET DE LOI DE FINANCES RECTIFICATIVE 3<\/p>\n<p>Alors que d\u00e9butent les travaux sur la prochaine loi de finances rectificative 3, j\u2019ai multipli\u00e9 avec vos \u00e9lus les contacts afin d\u2019insister sur ces 2 sujets majeurs :<\/p>\n<p><strong>La question des loyers :<\/strong><\/p>\n<p>Avec quelques d\u00e9put\u00e9s nous avons travaill\u00e9 \u00e0 un <span style=\"color: #ff00ff;\">amendement \u00ab loyers \u00bb.<\/span><\/p>\n<p>Il pr\u00e9voit :<br \/>\n&#8211; d\u2019inciter les bailleurs \u00e0 <strong>abandonner 2 mois de loyers dont un serait compens\u00e9 par un cr\u00e9dit d\u2019imp\u00f4ts<\/strong> de telle sorte que sur les 3 mois de fermeture, un mois reste \u00e0 la charge du locataire, un mois est pris en charge par le bailleur et un mois par l\u2019\u00c9tat selon le mod\u00e8le d\u00e9j\u00e0 d\u00e9pos\u00e9 par des parlementaires.<br \/>\n&#8211; d\u2019amener les bailleurs \u00e0 b\u00e9n\u00e9ficier de ce dispositif en <strong>interdisant le recours aux clauses r\u00e9solutoires pendant un d\u00e9lais d\u2019un an suivant la fin de l\u2019\u00e9tat<\/strong> <strong>d\u2019urgence sanitaire<\/strong> \u00e0 d\u00e9faut de telles remises de loyers.<\/p>\n<p>J\u2019ai transmis au cabinet du Premier Ministre ce projet d\u2019amendement lui demandant son soutien.<\/p>\n<p>J\u2019ai \u00e9galement \u00e9crit \u00e0 de tr\u00e8s nombreux d\u00e9put\u00e9s afin qu\u2019ils soutiennent cet amendement. Certains m\u2019ont d\u00e9j\u00e0 r\u00e9pondu \u00eatre \u00e0 nos c\u00f4t\u00e9s et cosigner cet amendement dont nous esp\u00e9rons qu\u2019il sera repris par le gouvernement.<\/p>\n<p>J\u2019ai \u00e9crit le 25 juin 2020 au Ministre de l\u2019\u00c9conomie et des Finances, Bruno Le Maire et au Ministre de l\u2019Action et des Comptes Publics, G\u00e9rald Darmanin, afin de leur demander de prendre \u00e0 leur compte cet amendement et de l\u2019inscrire dans la loi de finances rectificatives 3.<\/p>\n<p>*********<\/p>\n<p><span style=\"color: #ff00ff;\">La question du co\u00fbt du travail :<\/span><\/p>\n<p>Dans mon courrier au Ministre de l\u2019\u00c9conomie et des Finances, Bruno Le Maire et au Ministre de l\u2019Action et des Comptes Publics, G\u00e9rald Darmanin, je leur ai aussi demand\u00e9 de prendre un autre amendement au PLFR3 afin d\u2019organiser l\u2019<strong>exon\u00e9ration des charges patronales de s\u00e9curit\u00e9 sociale pour le mois de juin et les mois \u00e0 venir jusqu\u2019\u00e0 la fin de l\u2019ann\u00e9e 2020.<\/strong><\/p>\n<p>*********<\/p>\n<p>LA REFORME DE L\u2019ASSURANCE CHOMAGE<\/p>\n<p>J\u2019ai \u00e9crit le 25 juin \u00e0 la Ministre du travail, apr\u00e8s qu\u2019elle ait \u00e9t\u00e9 missionn\u00e9e la veille par le Pr\u00e9sident de la R\u00e9publique pour d\u00e9terminer les \u00e9volutions n\u00e9cessaires de la r\u00e9forme d\u2019<strong>assurance ch\u00f4mage<\/strong> afin de tenir compte du contexte de crise que rencontrent nos entreprises.<\/p>\n<p>Je lui ai exprim\u00e9 les demandes des h\u00f4teliers, cafetiers, restaurateurs, traiteurs organisateurs de r\u00e9ceptions et discoth\u00e9caires membres du GNI\/SNDLL:<\/p>\n<p>&#8211; l\u2019abandon du dispositif de bonus-malus et de variation de la contribution \u00e0 l\u2019assurance ch\u00f4mage ;<br \/>\n&#8211; l\u2019abandon de la taxe forfaitaire de 10\u20ac sur les CDDU ;<br \/>\n&#8211; l\u2019abandon de la r\u00e9forme de l\u2019indemnisation des CDDU et des saisonniers.<\/p>\n<p>D\u2019ores et d\u00e9j\u00e0, un amendement au PLR3 a \u00e9t\u00e9 adopt\u00e9 en commission gr\u00e2ce \u00e0 la d\u00e9put\u00e9e Aina Kuric. Le rapporteur de la loi l\u2019a repris \u00e0 son compte. Il vise \u00e0 <strong>supprimer la taxe forfaitaire de 10 euros sur les CDDU<\/strong> \u00e0 compter du 1er juillet prochain..<\/p>\n<p>J\u2019ai imm\u00e9diatement remerci\u00e9 chaleureusement Aina Kuric au nom de notre organisation et de nos professionnels pour son action, mobilisant par ailleurs les autres d\u00e9put\u00e9s pour qu\u2019ils votent d\u00e9finitivement cet amendement.<\/p>\n<p>J\u2019ai \u00e9galement \u00e9crit aux Pr\u00e9sidents du Medef, de la CPME et de l\u2019U2P afin de leur demander leur appui dans nos d\u00e9marches et faire d\u00e9finitivement droit \u00e0 nos l\u00e9gitimes demandes.<\/p>\n<p>Comme vous pouvez le constater, l<strong>e GNI avec le SNDLL a multipli\u00e9 ces derniers jours encore les d\u00e9marches afin de permettre \u00e0 chacun d\u2019entre vous de rouvrir dans des conditions satisfaisantes.<\/strong><\/p>\n<p>Le travail n\u2019est pas fini. Nous continuons jour apr\u00e8s jour avec vos \u00e9lus et les collaborateurs du GNI\/SNDLL \u00e0 \u0153uvrer dans l\u2019int\u00e9r\u00eats de nos professionnels.<\/p>\n<p>Avec vous plus que jamais,<\/p>\n<p>Demain l\u2019avenir nous sourira.<\/p>\n<p>Didier chenet<br \/>\nPr\u00e9sident<\/p>\n","protected":false},"excerpt":{"rendered":"<p>Cher confr\u00e8re, Malgr\u00e9 le climat naus\u00e9eux que certains voudraient imposer, la marche en avant continue. Nous assumons parfaitement. Je suis en \u00e9troit partenariat sur toutes les questions avec le Pr\u00e9sident National du GNI (Groupement&#8230;<\/p>\n","protected":false},"author":2,"featured_media":0,"comment_status":"closed","ping_status":"open","sticky":false,"template":"","format":"standard","meta":{"_mi_skip_tracking":false,"_monsterinsights_sitenote_active":false,"_monsterinsights_sitenote_note":"","_monsterinsights_sitenote_category":0},"categories":[97,1],"tags":[],"_links":{"self":[{"href":"https:\/\/sndll.info\/index.php?rest_route=\/wp\/v2\/posts\/3044"}],"collection":[{"href":"https:\/\/sndll.info\/index.php?rest_route=\/wp\/v2\/posts"}],"about":[{"href":"https:\/\/sndll.info\/index.php?rest_route=\/wp\/v2\/types\/post"}],"author":[{"embeddable":true,"href":"https:\/\/sndll.info\/index.php?rest_route=\/wp\/v2\/users\/2"}],"replies":[{"embeddable":true,"href":"https:\/\/sndll.info\/index.php?rest_route=%2Fwp%2Fv2%2Fcomments&post=3044"}],"version-history":[{"count":1,"href":"https:\/\/sndll.info\/index.php?rest_route=\/wp\/v2\/posts\/3044\/revisions"}],"predecessor-version":[{"id":3045,"href":"https:\/\/sndll.info\/index.php?rest_route=\/wp\/v2\/posts\/3044\/revisions\/3045"}],"wp:attachment":[{"href":"https:\/\/sndll.info\/index.php?rest_route=%2Fwp%2Fv2%2Fmedia&parent=3044"}],"wp:term":[{"taxonomy":"category","embeddable":true,"href":"https:\/\/sndll.info\/index.php?rest_route=%2Fwp%2Fv2%2Fcategories&post=3044"},{"taxonomy":"post_tag","embeddable":true,"href":"https:\/\/sndll.info\/index.php?rest_route=%2Fwp%2Fv2%2Ftags&post=3044"}],"curies":[{"name":"wp","href":"https:\/\/api.w.org\/{rel}","templated":true}]}}