{"id":3097,"date":"2020-07-06T16:22:36","date_gmt":"2020-07-06T14:22:36","guid":{"rendered":"http:\/\/pjcrpry.cluster031.hosting.ovh.net\/?p=3097"},"modified":"2020-08-22T12:15:30","modified_gmt":"2020-08-22T10:15:30","slug":"unite","status":"publish","type":"post","link":"https:\/\/sndll.info\/?p=3097","title":{"rendered":"UNITE ?! \ud83d\ude05\ud83d\ude02\ud83e\udd23Les r\u00e9seaux contre l&#8217;unit\u00e9 professionnelle"},"content":{"rendered":"<p>Bonjour chers confr\u00e8res et amis,<\/p>\n<p><strong>1\u00b0)<\/strong> Rien de neuf ce lundi et apparemment rien ne viendra avant mercredi o\u00f9 on saura plus par le Conseil d&#8217;Etat. Celui-ci (le CE) s&#8217;est prononc\u00e9 ce jour sur l&#8217;autorisation de manifester exig\u00e9e par un D\u00e9cret du 14 Juin.<\/p>\n<p>Il juge cette proc\u00e9dure comme risquant porter atteinte \u00e0 la libert\u00e9 de manifester.\u00a0 Mais il interdit les rassemblements de plus de 5 000 personnes au regard de la situation sanitaire. Cela (nous n&#8217;avons pas le dossier) nous laisse \u00e0 penser que le Minist\u00e8re a d\u00fb &#8220;charger&#8221; sur la situation sanitaire.. Nous verrons d&#8217;ici mercredi si cela nous menace. <strong>Unit\u00e9 de d\u00e9cision ??<\/strong><\/p>\n<p><strong>2\u00b0)<\/strong> Je lis des appels \u00e0 l&#8217;UNION syndicale, mais je serais tellement ravi ! Je n&#8217;ai JAMAIS \u00e9t\u00e9 appel\u00e9, JAMAIS contrairement\u00a0 \u00e0 ce que je peux lire. Il ne faut pas mentir. Je n&#8217;ajouterai rien pour ne pas \u00e9nerver les demandeurs de dialogue. On ne sait jamais, ils m&#8217;appelleront peut-\u00eatre ? Je veux laisser les chances \u00e0 l&#8217;ouverture d&#8217;esprit. <strong>Unit\u00e9 de d\u00e9fense ?<\/strong><\/p>\n<p><strong>3\u00b0)<\/strong> J&#8217;observe parfois les sites sociaux. C&#8217;est curieux &#8220;l&#8217;objectivit\u00e9&#8221; de l&#8217;un d&#8217;eux qui se dit a-syndical, offre\u00a0 sans cesse les commentaires favorables au m\u00eame syndicat de son coeur. Quand des intervenants critiquent ce syndicat ce site censure leurs avis et informations ! Pas tr\u00e8s joli et le &#8220;responsable&#8221; de ce site ajoute que ce ne doit &#8220;pas \u00eatre un lieu de luttes syndicales&#8221; alors que depuis l&#8217;origine ce n&#8217;est que cela !<strong> Unit\u00e9 de traitement ?<\/strong><\/p>\n<p>SANS LE PARTAGE LA VIE N&#8217;A PAS DE SAVEUR, pas vrai ?&#8230;<\/p>\n<p>&nbsp;<\/p>\n","protected":false},"excerpt":{"rendered":"<p>Bonjour chers confr\u00e8res et amis, 1\u00b0) Rien de neuf ce lundi et apparemment rien ne viendra avant mercredi o\u00f9 on saura plus par le Conseil d&#8217;Etat. Celui-ci (le CE) s&#8217;est prononc\u00e9 ce jour sur&#8230;<\/p>\n","protected":false},"author":2,"featured_media":0,"comment_status":"closed","ping_status":"open","sticky":false,"template":"","format":"standard","meta":{"_mi_skip_tracking":false,"_monsterinsights_sitenote_active":false,"_monsterinsights_sitenote_note":"","_monsterinsights_sitenote_category":0},"categories":[97,1],"tags":[],"_links":{"self":[{"href":"https:\/\/sndll.info\/index.php?rest_route=\/wp\/v2\/posts\/3097"}],"collection":[{"href":"https:\/\/sndll.info\/index.php?rest_route=\/wp\/v2\/posts"}],"about":[{"href":"https:\/\/sndll.info\/index.php?rest_route=\/wp\/v2\/types\/post"}],"author":[{"embeddable":true,"href":"https:\/\/sndll.info\/index.php?rest_route=\/wp\/v2\/users\/2"}],"replies":[{"embeddable":true,"href":"https:\/\/sndll.info\/index.php?rest_route=%2Fwp%2Fv2%2Fcomments&post=3097"}],"version-history":[{"count":5,"href":"https:\/\/sndll.info\/index.php?rest_route=\/wp\/v2\/posts\/3097\/revisions"}],"predecessor-version":[{"id":3641,"href":"https:\/\/sndll.info\/index.php?rest_route=\/wp\/v2\/posts\/3097\/revisions\/3641"}],"wp:attachment":[{"href":"https:\/\/sndll.info\/index.php?rest_route=%2Fwp%2Fv2%2Fmedia&parent=3097"}],"wp:term":[{"taxonomy":"category","embeddable":true,"href":"https:\/\/sndll.info\/index.php?rest_route=%2Fwp%2Fv2%2Fcategories&post=3097"},{"taxonomy":"post_tag","embeddable":true,"href":"https:\/\/sndll.info\/index.php?rest_route=%2Fwp%2Fv2%2Ftags&post=3097"}],"curies":[{"name":"wp","href":"https:\/\/api.w.org\/{rel}","templated":true}]}}