{"id":3101,"date":"2020-07-07T19:57:20","date_gmt":"2020-07-07T17:57:20","guid":{"rendered":"http:\/\/pjcrpry.cluster031.hosting.ovh.net\/?p=3101"},"modified":"2020-08-07T11:35:08","modified_gmt":"2020-08-07T09:35:08","slug":"le-point-mardi-7-juillet","status":"publish","type":"post","link":"https:\/\/sndll.info\/?p=3101","title":{"rendered":"LE POINT MARDI 7 Juillet"},"content":{"rendered":"<p>Chers amis bonsoir (19 h 30 en France)<\/p>\n<p>J&#8217;ai attendu le dernier moment pour vous \u00e9crire afin d&#8217;\u00eatre s\u00fbr de la situation, apr\u00e8s r\u00e9union t\u00e9l\u00e9phonique avec nos avocats.<\/p>\n<p>Pour le Conseil d&#8217;Etat (CE) rien de neuf. Apparemment le gouvernement n&#8217;a pas d\u00e9pos\u00e9 ses pi\u00e8ces comme le lui avait demand\u00e9 le Pr\u00e9sident du Conseil. J&#8217;ai interrog\u00e9 le greffe du Conseil d&#8217;Etat (et oui on peut le faire \u00e0 distance, pour ceux qui ricane de mon \u00e9loignement forc\u00e9 et ne font, eux, que du surplace ! ) qui m&#8217;a confirm\u00e9 n&#8217;avoir rien re\u00e7u &#8230; bizarre. Comme le Ministre de la\u00a0 sant\u00e9 n&#8217;a pas chang\u00e9,on peut penser que le magistrat va quand m\u00eame statuer demain soir mercredi ou jeudi ? Dur pour nos professionnels !!!<\/p>\n<p>Je vous informe sur le site aussit\u00f4t, \u00e9videmment.<\/p>\n<p>Je ne vais pas vous faire perdre du temps, sauf \u00e0 rajouter que quand Mme BACHELOT a parl\u00e9 hier soir \u00e0 sa prise de fonction comme Ministre de la Culture, elle a tout \u00e9voqu\u00e9 sauf&#8230;les discoth\u00e8ques ! Mauvais signe. Je vais lui mettre la fess\u00e9e.<\/p>\n<p>Je ne vais pas publier sur les sites mes d\u00e9marches, mais vous vous doutez bien que j&#8217;ai d\u00e9j\u00e0 contact\u00e9 tout ce (nouveau ?!) petit monde politique pour reprendre la discussion. Je ne vais pas aller m&#8217;en vanter sur les sites sociaux !!!<\/p>\n<p>A propos, vous \u00eates 3 ou 4 auxquels j&#8217;avais transmis une lettre officielle du mois de juin (avant la d\u00e9cision de ne pas nous d\u00e9confiner) de l&#8217;UMIH aux ministres leur demandant de <strong>ne pas rouvrir les discoth\u00e8ques avant septembre<\/strong> (incroyable mais vrai !), donc 3 ou 4\u00a0 ont d\u00e9cid\u00e9 de rendre publique cette incroyable lettre\u00a0 et l&#8217;ont mise sur le RESEAU DES DISCOTHEQUES DE FRANCE. Ce matin, &#8220;l&#8217;administrateur&#8221; (?)\u00a0 du r\u00e9seau les a supprim\u00e9es : &#8220;assez des luttes syndicales&#8221; pr\u00e9textait-il &#8230; et quelques heures apr\u00e8s il publiait une nouvelle lettre de l&#8217;UMIH de M. Fontaine qui demandait au nouveau premier ministre de s&#8217;occuper de nous !\u00a0 L\u00e0 le syndicalisme ne le g\u00eane pas. Il publie et congratule !!!\u00a0 Grossier. C&#8217;est vraiment un site UMIH qui se cache et il faut d\u00e9noncer cette censure et cette atteinte \u00e0 la libre expression qui ne vise qu&#8217;\u00e0 abuser nos professionnels.\u00a0 Lamentable.<\/p>\n<p>On s&#8217;en moque on est au dessus de tout ce mar\u00e9cage,<\/p>\n<p>Voil\u00e0 bonne soir\u00e9e \u00e0 tous et \u00e0 demain.<\/p>\n<p>Patrick MALVA\u00cbS<\/p>\n<p>&nbsp;<\/p>\n","protected":false},"excerpt":{"rendered":"<p>Chers amis bonsoir (19 h 30 en France) J&#8217;ai attendu le dernier moment pour vous \u00e9crire afin d&#8217;\u00eatre s\u00fbr de la situation, apr\u00e8s r\u00e9union t\u00e9l\u00e9phonique avec nos avocats. Pour le Conseil d&#8217;Etat (CE) rien&#8230;<\/p>\n","protected":false},"author":2,"featured_media":0,"comment_status":"closed","ping_status":"open","sticky":false,"template":"","format":"standard","meta":{"_mi_skip_tracking":false,"_monsterinsights_sitenote_active":false,"_monsterinsights_sitenote_note":"","_monsterinsights_sitenote_category":0},"categories":[97,1],"tags":[],"_links":{"self":[{"href":"https:\/\/sndll.info\/index.php?rest_route=\/wp\/v2\/posts\/3101"}],"collection":[{"href":"https:\/\/sndll.info\/index.php?rest_route=\/wp\/v2\/posts"}],"about":[{"href":"https:\/\/sndll.info\/index.php?rest_route=\/wp\/v2\/types\/post"}],"author":[{"embeddable":true,"href":"https:\/\/sndll.info\/index.php?rest_route=\/wp\/v2\/users\/2"}],"replies":[{"embeddable":true,"href":"https:\/\/sndll.info\/index.php?rest_route=%2Fwp%2Fv2%2Fcomments&post=3101"}],"version-history":[{"count":1,"href":"https:\/\/sndll.info\/index.php?rest_route=\/wp\/v2\/posts\/3101\/revisions"}],"predecessor-version":[{"id":3102,"href":"https:\/\/sndll.info\/index.php?rest_route=\/wp\/v2\/posts\/3101\/revisions\/3102"}],"wp:attachment":[{"href":"https:\/\/sndll.info\/index.php?rest_route=%2Fwp%2Fv2%2Fmedia&parent=3101"}],"wp:term":[{"taxonomy":"category","embeddable":true,"href":"https:\/\/sndll.info\/index.php?rest_route=%2Fwp%2Fv2%2Fcategories&post=3101"},{"taxonomy":"post_tag","embeddable":true,"href":"https:\/\/sndll.info\/index.php?rest_route=%2Fwp%2Fv2%2Ftags&post=3101"}],"curies":[{"name":"wp","href":"https:\/\/api.w.org\/{rel}","templated":true}]}}