{"id":3106,"date":"2020-07-08T13:52:54","date_gmt":"2020-07-08T11:52:54","guid":{"rendered":"http:\/\/pjcrpry.cluster031.hosting.ovh.net\/?p=3106"},"modified":"2020-08-07T11:35:00","modified_gmt":"2020-08-07T09:35:00","slug":"la-france-a-decide-de-ne-pas-rouvrir-les-discotheques","status":"publish","type":"post","link":"https:\/\/sndll.info\/?p=3106","title":{"rendered":"&#8220;LA FRANCE A DECIDE DE NE PAS ROUVRIR LES DISCOTHEQUES&#8221; \ud83d\ude06\ud83d\ude23\ud83d\ude25\ud83d\ude2a"},"content":{"rendered":"<p>[vc_row][vc_column][vc_column_text]Voil\u00e0 ce qu&#8217;a d\u00e9clar\u00e9 le Ministre de la Sant\u00e9 O.VERAN, il y a 10 minutes, en r\u00e9ponse \u00e0 la d\u00e9put\u00e9e Josyane CORNELOUP, envoy\u00e9e &#8220;au front&#8221; pour &#8220;poser la question qui tue&#8221; : La France a d\u00e9cid\u00e9 (La France, c&#8217;est moi aurait dit Louis XIV !) de ne pas rouvrir les discoth\u00e8ques en l&#8217;\u00e9tat.<\/p>\n<p>L&#8217;affaire est r\u00e9gl\u00e9e&#8230; On sera au rendez-vous pour les aider mat\u00e9riellement !!!<\/p>\n<p>C&#8217;est pourquoi le gouvernement n&#8217;a pas jug\u00e9 bon de r\u00e9pondre au Conseil d&#8217;Etat ce jour&#8230;le CE n&#8217;a donc pu statuer.<\/p>\n<p>Attention, je constate <strong><span style=\"color: #ff00ff;\">d\u00e9j\u00e0 l&#8217;emballement de certains et j&#8217;attire leur attention sur les risques de faire n&#8217;importe quoi,<\/span><\/strong> seuls comme d&#8217;habitude. Je suis dans la r\u00e9flexion pour ma part avant une quelconque action. Vous savez que je ne suis pas du genre \u00e0 laisser faire.<\/p>\n<p>&nbsp;<\/p>\n<p>[\/vc_column_text]<div class=\"gem-video gem-wrapbox gem-wrapbox-style-no-style rounded-corners gem-wrapbox-position-below\" style=\"width: 100%;\"><div class=\"gem-wrapbox-inner video-block gem-ratio-style\" style=\"padding-top: 56.25%\"><video width=\"100%\" height=\"100%\" controls=\"controls\" src=\"https:\/\/sndll.info\/wp-content\/uploads\/2019\/11\/VideoPatrick.mp4\"  preload=\"none\"><\/video><\/div><\/div>[\/vc_column][\/vc_row]<\/p>\n","protected":false},"excerpt":{"rendered":"<p>[vc_row][vc_column][vc_column_text]Voil\u00e0 ce qu&#8217;a d\u00e9clar\u00e9 le Ministre de la Sant\u00e9 O.VERAN, il y a 10 minutes, en r\u00e9ponse \u00e0 la d\u00e9put\u00e9e Josyane CORNELOUP, envoy\u00e9e &#8220;au front&#8221; pour &#8220;poser la question qui tue&#8221; : La France&#8230;<\/p>\n","protected":false},"author":2,"featured_media":0,"comment_status":"closed","ping_status":"open","sticky":false,"template":"","format":"standard","meta":{"_mi_skip_tracking":false,"_monsterinsights_sitenote_active":false,"_monsterinsights_sitenote_note":"","_monsterinsights_sitenote_category":0},"categories":[97,1],"tags":[],"_links":{"self":[{"href":"https:\/\/sndll.info\/index.php?rest_route=\/wp\/v2\/posts\/3106"}],"collection":[{"href":"https:\/\/sndll.info\/index.php?rest_route=\/wp\/v2\/posts"}],"about":[{"href":"https:\/\/sndll.info\/index.php?rest_route=\/wp\/v2\/types\/post"}],"author":[{"embeddable":true,"href":"https:\/\/sndll.info\/index.php?rest_route=\/wp\/v2\/users\/2"}],"replies":[{"embeddable":true,"href":"https:\/\/sndll.info\/index.php?rest_route=%2Fwp%2Fv2%2Fcomments&post=3106"}],"version-history":[{"count":9,"href":"https:\/\/sndll.info\/index.php?rest_route=\/wp\/v2\/posts\/3106\/revisions"}],"predecessor-version":[{"id":3267,"href":"https:\/\/sndll.info\/index.php?rest_route=\/wp\/v2\/posts\/3106\/revisions\/3267"}],"wp:attachment":[{"href":"https:\/\/sndll.info\/index.php?rest_route=%2Fwp%2Fv2%2Fmedia&parent=3106"}],"wp:term":[{"taxonomy":"category","embeddable":true,"href":"https:\/\/sndll.info\/index.php?rest_route=%2Fwp%2Fv2%2Fcategories&post=3106"},{"taxonomy":"post_tag","embeddable":true,"href":"https:\/\/sndll.info\/index.php?rest_route=%2Fwp%2Fv2%2Ftags&post=3106"}],"curies":[{"name":"wp","href":"https:\/\/api.w.org\/{rel}","templated":true}]}}