{"id":3164,"date":"2020-07-16T19:41:53","date_gmt":"2020-07-16T17:41:53","guid":{"rendered":"http:\/\/pjcrpry.cluster031.hosting.ovh.net\/?p=3164"},"modified":"2020-08-22T12:06:16","modified_gmt":"2020-08-22T10:06:16","slug":"enfin","status":"publish","type":"post","link":"https:\/\/sndll.info\/?p=3164","title":{"rendered":"Enfin ! Compl\u00e9t\u00e9 &#8220;BERCY BEAUCOUP !&#8221; Le SNDLL privil\u00e9gie les aides \u00e0 la r\u00e9ouverture"},"content":{"rendered":"<p>Chers confr\u00e8res, chers amis,<\/p>\n<p>Chacun se souvient que l<span style=\"color: #ff00ff;\"><strong>e 26 Juin dernier la Ministre Agn\u00e8s PANNIER RUNACHER, adjointe de Bruno LE MAIRE, Ministre des Finances, m&#8217;avait re\u00e7u<\/strong> <\/span>avec Christophe Vix et Jean ROCH en audioconf\u00e9rence.<\/p>\n<p>Nous avons, en effet, toujours <strong><span style=\"color: #ff00ff;\">privil\u00e9gi\u00e9 l&#8217;obtention des aides \u00e0 la recherche d&#8217;une r\u00e9ouverture &#8220;\u00e0 n&#8217;importe quel prix&#8221;<\/span> <\/strong>car pour nous, au SNDLL, une r\u00e9ouverture en mode d\u00e9grad\u00e9\u00a0 <strong>&#8211;<\/strong>et m\u00eame tr\u00e8s d\u00e9grad\u00e9 comme pr\u00e9vu par les syndicats h\u00f4teliers<strong>&#8211;\u00a0<\/strong> nous paraissait aberrante et anti-\u00e9conomique. La raison semble, enfin, l&#8217;emporter y compris chez nos confr\u00e8res syndicalistes, et apr\u00e8s avoir perdu 3 semaines <strong><span style=\"color: #ff00ff;\">on en vient au chapitre des aides !\u00a0<\/span><\/strong><\/p>\n<p><strong><span style=\"color: #ff00ff;\">Demain 17 Juillet \u00e0 8 h du matin nous sommes convoqu\u00e9s \u00e0 BERCY<\/span><\/strong>. L&#8217;invitation est tomb\u00e9e dans la matin\u00e9e, ne permettant \u00e0 aucun syndiqu\u00e9\u00a0 de r\u00e9agir. Peu importe, nous sommes &#8220;fins pr\u00eats&#8221; au SNDLL. Une d\u00e9l\u00e9gation de 4 professionnels (dont la province) repr\u00e9sentera donc votre syndicat et vous-m\u00eames. Je suis fier que des professionnels de tr\u00e8s grande qualit\u00e9 soient disponibles pour d\u00e9fendre la profession avec des dossiers, des chiffres, des arguments assez \u00e9loign\u00e9s, il faut le dire, des num\u00e9ros de bateleurs sur sites sociaux auxquels il ne faut SURTOUT pas r\u00e9sumer nos m\u00e9tiers.\u00a0 \u00a0 \u00a0 \u00a0 \u00a0J&#8217;en profite pour remercier toutes celles et ceux qui ont bien compris notre retrait et notre \u00e9loignement du tohu-bohu assez bas de gamme et d\u00e9valorisant auquel nous avons encore droit. <span style=\"color: #ff00ff;\"><strong>Elevons nous, \u00e9levons le d\u00e9bat \u00e0 la hauteur des chefs d&#8217;entreprise que nous sommes !<\/strong> <\/span>Il semblerait que l&#8217;heure soit, enfin, \u00e0 l&#8217;union et que la raison l&#8217;emporte sur les incantations. J&#8217;en serais ravi pour le m\u00e9tier.<\/p>\n<p><strong><span style=\"color: #000000;\">Notre dossier<\/span><\/strong> a \u00e9t\u00e9 compl\u00e9t\u00e9 et corrig\u00e9 ce jour par l&#8217;\u00e9quipe que je dirige et,\u00a0 je le pense sinc\u00e8rement,\u00a0 tous les aspects de nos difficult\u00e9s ont \u00e9t\u00e9 repris en 3 gros chapitres illustr\u00e9s:\u00a0 \u00a0 \u00a0 \u00a0 \u00a0 1\u00b0) besoin imp\u00e9ratif d&#8217;une<strong> aide d&#8217;urgence imm\u00e9diate\u00a0<\/strong> \u00a0 \u00a0 \u00a0 \u00a0 \u00a0 \u00a0 \u00a0 \u00a02\u00b0) <strong>mesures d&#8217;accompagnement<\/strong> tr\u00e8s d\u00e9taill\u00e9es\u00a0 \u00a0 \u00a0 \u00a0 \u00a0 \u00a0 \u00a0 \u00a0 \u00a0 \u00a0 \u00a0 \u00a0 \u00a0 \u00a0 \u00a0 \u00a0 \u00a0 \u00a0 \u00a0 \u00a0 \u00a0 \u00a0 \u00a0 \u00a0 \u00a0 \u00a0 \u00a0 \u00a0 \u00a0 \u00a0 \u00a0 \u00a0 \u00a0 \u00a0 \u00a0 \u00a0 \u00a0 \u00a0 \u00a0 \u00a0 \u00a0 \u00a0 \u00a0 \u00a03\u00b0) <strong>assainir le march\u00e9 concurrentiel<\/strong> afin d&#8217;\u00e9viter qu&#8217;un rebond de la pand\u00e9mie ne repousse notre r\u00e9ouverture.<\/p>\n<p>Le moment venu, nous vous exposerons le d\u00e9tail de ce dossier qui sera compl\u00e9t\u00e9 ult\u00e9rieurement par celui de demande de TVA r\u00e9duite.<\/p>\n<p><span style=\"color: #0000ff;\"><strong>Le Ministre Alain GRISET<\/strong><\/span> qui nous accueillera est d\u00e9l\u00e9gu\u00e9 aupr\u00e8s du Ministre de l&#8217;\u00e9conomie des Finances et de la relance, <strong><span style=\"color: #0000ff;\">charg\u00e9 des Petites et<\/span> <span style=\"color: #0000ff;\">Moyennes Entreprises<\/span><\/strong>. Il conna\u00eet tr\u00e8s bien les probl\u00e9matiques des petits entrepreneurs. Nous le connaissons \u00e9galement. Nous avons foi, port\u00e9s que nous sommes par la d\u00e9sesp\u00e9rance de la profession, le d\u00e9sespoir de pr\u00e8s de 2 000 entrepreneurs et leurs \u00e9poux(se) qui ne savent plus o\u00f9 ils en sont, comment faire, sont \u00e9treints par l&#8217;angoisse des semaines \u00e0 venir sans perspectives autre que la ruine.<\/p>\n<p>J&#8217;insiste sur le 3\u00b0) de notre dossier ci-dessus car je suis <strong><span style=\"color: #ff00ff;\">r\u00e9ellement soucieux et inquiet quant \u00e0 une r\u00e9ouverture en septembre<\/span><\/strong>. Notre devoir premier et absolu de syndicalistes est de mettre \u00e0 l&#8217;abri, sous respiration artificielle s&#8217;il le faut, notre fili\u00e8re pour que le moment venu elle puisse repartir.<\/p>\n<p>Je vous invite \u00e0 quelques semaines de patience et de confiance dans vos d\u00e9l\u00e9gu\u00e9s professionnels. Ils sont du m\u00e9tier, en connaissent la r\u00e9alit\u00e9 \u00e0 fond. Ils ne d\u00e9fendent rien d&#8217;autre que vous et la profession toute enti\u00e8re, sans exclusion ni anath\u00e8mes. Moi-m\u00eame, vous le voyez, j&#8217;y consacre toutes mes heures.<\/p>\n<p>Une autre bonne nouvelle: notre avocat Me HENRI DE BEAUREGARD a d\u00e9fendu victorieusement au Tribunal Administratif de Lyon notre d\u00e9l\u00e9gu\u00e9 local qui avait \u00e9t\u00e9 inqui\u00e9t\u00e9 (1 mois de fermeture administrative ! ) parce que dans la partie bar-restaurant\u00a0 de son affaire, deux ou trois clients avaient \u00e9t\u00e9 vus se dandinant (&#8220;dansant&#8221;) \u00e0 leur table. Belle victoire et nous publierons la d\u00e9cision en r\u00e9f\u00e9r\u00e9 dans quelques jours.<\/p>\n<p>Mes amis, il faut se battre et on va gagner. &#8220;Les chiens aboient, la caravane passe&#8221; tout autant.<\/p>\n<p>Courage \u00e0 nous, nous vaincrons !<\/p>\n<p>Patrick MALVA\u00cbS<\/p>\n<p><strong>Compl\u00e9ment: <span style=\"color: #0000ff;\">&#8221; BERCY BEAUCOUP !!!&#8221;<\/span><\/strong><\/p>\n<p>Plusieurs d&#8217;entre vous attirent mon attention sur le fait que l&#8217;UMIH se flatte d&#8217;\u00eatre re\u00e7ue comme si elle \u00e9tait seule.\u00a0 \u00a0 \u00a0 \u00a0 \u00a0 \u00a0 \u00a0 \u00a0 \u00a0 \u00a0 \u00a0 \u00a0 \u00a0 \u00a0 \u00a0 \u00a0 \u00a0 \u00a0 \u00a0 \u00a0 \u00a0 \u00a0 \u00a0 \u00a0 \u00a0 \u00a0 \u00a0 \u00a0 \u00a0 \u00a0 \u00a0 \u00a0 \u00a0 \u00a0 \u00a0 Elle a, tout simplement, \u00e9t\u00e9 <strong>convoqu\u00e9e<\/strong> \u00e0 la derni\u00e8re minute ce jeudi matin, <strong>comme tout un chacun.\u00a0 \u00a0<\/strong> \u00a0 \u00a0 \u00a0 \u00a0 \u00a0 \u00a0 \u00a0 \u00a0 \u00a0 \u00a0 \u00a0 \u00a0 \u00a0 \u00a0 \u00a0 \u00a0 \u00a0 \u00a0 \u00a0 \u00a0 \u00a0 \u00a0 \u00a0 \u00a0 \u00a0 \u00a0 \u00a0 \u00a0 \u00a0 \u00a0 \u00a0 \u00a0 \u00a0 \u00a0 \u00a0 \u00a0 \u00a0 \u00a0 \u00a0 \u00a0 \u00a0 \u00a0 \u00a0 \u00a0 \u00a0 \u00a0 Tant mieux, d&#8217;ailleurs, car\u00a0<strong><span style=\"color: #ff00ff;\"> nous sommes autant pour le pluralisme syndical que pour l&#8217;action unitaire affich\u00e9e.\u00a0<\/span><\/strong>\u00a0 \u00a0 \u00a0 \u00a0 \u00a0 \u00a0 \u00a0 \u00a0 \u00a0 \u00a0 \u00a0 \u00a0 \u00a0 \u00a0 \u00a0 \u00a0 \u00a0 \u00a0 \u00a0 \u00a0 \u00a0 \u00a0 \u00a0 \u00a0 \u00a0 \u00a0 \u00a0 \u00a0 \u00a0 \u00a0 \u00a0 \u00a0 \u00a0 \u00a0 \u00a0 \u00a0 \u00a0 \u00a0 \u00a0 \u00a0Il semblerait que ce ne soit pas tr\u00e8s partag\u00e9 !<\/p>\n<p>C&#8217;est une &#8220;pr\u00e9sentation&#8221; fallacieuse dont le principe en lui-m\u00eame dit bien ce qu&#8217;il veut dire. Assez pu\u00e9ril et ne trompe\u00a0 \u00a0 \u00a0 \u00a0 \u00a0 \u00a0 \u00a0 \u00a0 \u00a0 \u00a0 \u00a0 \u00a0 \u00a0 \u00a0 \u00a0 \u00a0 \u00a0 \u00a0 \u00a0 \u00a0 \u00a0 \u00a0 \u00a0 \u00a0 \u00a0 \u00a0 \u00a0 \u00a0 \u00a0 \u00a0 \u00a0 \u00a0 \u00a0 \u00a0 \u00a0que les &#8220;na\u00effs&#8221; ou les niais.<\/p>\n<p>Sur le fonds des \u00e9changes en cours, il m&#8217;est rapport\u00e9 que l&#8217;UMIH &#8220;dans l&#8217;urgence&#8221; sollicite des donn\u00e9es\u00a0 des exploitants\u00a0 \u00a0 \u00a0 \u00a0 \u00a0 \u00a0 \u00a0 \u00a0 \u00a0 \u00a0 \u00a0 \u00a0 \u00a0 \u00a0 \u00a0 \u00a0 \u00a0 \u00a0 \u00a0 \u00a0 \u00a0 \u00a0 \u00a0 \u00a0 \u00a0 \u00a0 \u00a0 \u00a0 sous pr\u00e9texte d&#8217;adresser des\u00a0<span style=\"color: #ff00ff;\"><strong> &#8220;mises en demeure&#8221; \u00e0 l&#8217;Etat.\u00a0 \u00a0<\/strong> <\/span>\u00a0 \u00a0 \u00a0 \u00a0 \u00a0 \u00a0 \u00a0 \u00a0 \u00a0 \u00a0 \u00a0 \u00a0 \u00a0 \u00a0 \u00a0 \u00a0 \u00a0 \u00a0 \u00a0 \u00a0 \u00a0 \u00a0 \u00a0 \u00a0 \u00a0 \u00a0 \u00a0 \u00a0 \u00a0 \u00a0 \u00a0 \u00a0 \u00a0 \u00a0 \u00a0 \u00a0 \u00a0 \u00a0 \u00a0 \u00a0 \u00a0 \u00a0 \u00a0 \u00a0 \u00a0 \u00a0 \u00a0 \u00a0 \u00a0 \u00a0 \u00a0 \u00a0 \u00a0 \u00a0 \u00a0 \u00a0 \u00a0 \u00a0 \u00a0 \u00a0 \u00a0 \u00a0 \u00a0 \u00a0 \u00a0 \u00a0 \u00a0 \u00a0 \u00a0 \u00a0 \u00a0 \u00a0 \u00a0 \u00a0 \u00a0 \u00a0 \u00a0 \u00a0 \u00a0 \u00a0 \u00a0 \u00a0 \u00a0 \u00a0 \u00a0 \u00a0 \u00a0 \u00a0 \u00a0 Sauf \u00e0 vouloir perdre du temps ou\/et se couvrir de ridicule <strong><span style=\"color: #ff00ff;\">nous vous d\u00e9conseillons totalement<\/span><\/strong> ce qui n&#8217;est qu&#8217;une\u00a0 \u00a0 \u00a0 \u00a0 \u00a0 \u00a0 \u00a0 \u00a0 \u00a0 \u00a0 \u00a0 \u00a0 \u00a0 \u00a0 \u00a0 \u00a0 \u00a0 \u00a0 \u00a0 \u00a0 \u00a0 \u00a0 \u00a0 \u00a0 \u00a0 \u00a0 \u00a0 op\u00e9ration dilatoire h\u00e2tive et un peu grossi\u00e8re pour flatter l&#8217;amour-propre des professionnels. Au besoin, nous expliquerons\u00a0 \u00a0 \u00a0 \u00a0 \u00a0 \u00a0 \u00a0 \u00a0 \u00a0 \u00a0 \u00a0 \u00a0 \u00a0 \u00a0 \u00a0 \u00a0 \u00a0 \u00a0 \u00a0 \u00a0 \u00a0 \u00a0 \u00a0 \u00a0 \u00a0 plus tard &#8216;raisons de forme et raisons de fond)\u00a0 pourquoi une action dite &#8220;de plein contentieux&#8221; ne peut prosp\u00e9rer derri\u00e8re.<\/p>\n<p>Le SNDLL, \u00e0 la suite d&#8217;une batterie de sondages ces 3 derni\u00e8res semaines a d&#8217;ores et d\u00e9j\u00e0 \u00e9tabli clairement et\u00a0 \u00a0 \u00a0 \u00a0 \u00a0 \u00a0 \u00a0 \u00a0 \u00a0 \u00a0 \u00a0 \u00a0 \u00a0 \u00a0 \u00a0 \u00a0 \u00a0 \u00a0 \u00a0 \u00a0 \u00a0 \u00a0 \u00a0 \u00a0 \u00a0 \u00a0 \u00a0 \u00a0 \u00a0 \u00a0 \u00a0 \u00a0 \u00a0 \u00a0 \u00a0 \u00a0 \u00a0 \u00a0 \u00a0dans la s\u00e9r\u00e9nit\u00e9 et la d\u00e9termination les enjeux \u00e0 mettre sur la table. Ils le seront demain.<\/p>\n<p>&nbsp;<\/p>\n<p>&nbsp;<\/p>\n<p>&nbsp;<\/p>\n","protected":false},"excerpt":{"rendered":"<p>Chers confr\u00e8res, chers amis, Chacun se souvient que le 26 Juin dernier la Ministre Agn\u00e8s PANNIER RUNACHER, adjointe de Bruno LE MAIRE, Ministre des Finances, m&#8217;avait re\u00e7u avec Christophe Vix et Jean ROCH en&#8230;<\/p>\n","protected":false},"author":2,"featured_media":0,"comment_status":"closed","ping_status":"open","sticky":false,"template":"","format":"standard","meta":{"_mi_skip_tracking":false,"_monsterinsights_sitenote_active":false,"_monsterinsights_sitenote_note":"","_monsterinsights_sitenote_category":0},"categories":[97,1,147],"tags":[],"_links":{"self":[{"href":"https:\/\/sndll.info\/index.php?rest_route=\/wp\/v2\/posts\/3164"}],"collection":[{"href":"https:\/\/sndll.info\/index.php?rest_route=\/wp\/v2\/posts"}],"about":[{"href":"https:\/\/sndll.info\/index.php?rest_route=\/wp\/v2\/types\/post"}],"author":[{"embeddable":true,"href":"https:\/\/sndll.info\/index.php?rest_route=\/wp\/v2\/users\/2"}],"replies":[{"embeddable":true,"href":"https:\/\/sndll.info\/index.php?rest_route=%2Fwp%2Fv2%2Fcomments&post=3164"}],"version-history":[{"count":6,"href":"https:\/\/sndll.info\/index.php?rest_route=\/wp\/v2\/posts\/3164\/revisions"}],"predecessor-version":[{"id":3634,"href":"https:\/\/sndll.info\/index.php?rest_route=\/wp\/v2\/posts\/3164\/revisions\/3634"}],"wp:attachment":[{"href":"https:\/\/sndll.info\/index.php?rest_route=%2Fwp%2Fv2%2Fmedia&parent=3164"}],"wp:term":[{"taxonomy":"category","embeddable":true,"href":"https:\/\/sndll.info\/index.php?rest_route=%2Fwp%2Fv2%2Fcategories&post=3164"},{"taxonomy":"post_tag","embeddable":true,"href":"https:\/\/sndll.info\/index.php?rest_route=%2Fwp%2Fv2%2Ftags&post=3164"}],"curies":[{"name":"wp","href":"https:\/\/api.w.org\/{rel}","templated":true}]}}