{"id":3174,"date":"2020-07-17T11:23:53","date_gmt":"2020-07-17T09:23:53","guid":{"rendered":"http:\/\/pjcrpry.cluster031.hosting.ovh.net\/?p=3174"},"modified":"2020-08-22T12:05:08","modified_gmt":"2020-08-22T10:05:08","slug":"ce-que-je-crois","status":"publish","type":"post","link":"https:\/\/sndll.info\/?p=3174","title":{"rendered":"CE QUE JE CROIS \ud83d\udc96 \ud83d\udc97 \ud83d\udc9e Morale de l&#8217;action syndicale"},"content":{"rendered":"<p>Chers amis, chers confr\u00e8res,<\/p>\n<p>Une parenth\u00e8se de r\u00e9flexion est toujours salutaire pour s&#8217;\u00e9lever au dessus du quotidien et r\u00e9fl\u00e9chir. Je vous livre ci-dessous des \u00e9l\u00e9ments qui me guident dans mon action et qu&#8217;il m&#8217;a sembl\u00e9 utile de rappeler tant parfois on s&#8217;en \u00e9loigne ! Utile m\u00eame si cela semble \u00e9loign\u00e9 de nos pr\u00e9occupations &#8220;alimentaires&#8221; actuelles. Celles-ci seront d&#8217;autant mieux trait\u00e9es que la rigueur aura nourri notre d\u00e9termination.<\/p>\n<p>&nbsp;<\/p>\n<div><b><span style=\"color: #ff00ff; font-size: large;\"><u>CE QUE JE CROIS\u00a0<\/u><\/span><\/b><\/div>\n<div><b><span style=\"color: #ff00ff; font-size: large;\"><u>\u00a0<\/u><\/span><\/b><\/div>\n<div><span style=\"color: #000000; font-size: large;\"><b><u>Deux points essentiels encadrent la repr\u00e9sentativit\u00e9 syndicale.<\/u><\/b><\/span><\/div>\n<div><b><span style=\"color: #ff00ff; font-size: large;\"><u>\u00a0<\/u><\/span><\/b><\/div>\n<div>\n<div><strong>1\u00b0) La\u00a0<u>repr\u00e9sentativit\u00e9<\/u>\u00a0d&#8217;un syndicat<\/strong>, juridiquement, s&#8217;appr\u00e9cie depuis 2017 au regard d&#8217;\u00e9l\u00e9ments objectifs pr\u00e9cis fix\u00e9s par la Loi et notamment :<\/div>\n<div>&#8211; le nombre d&#8217;entreprises membres,<\/div>\n<div>&#8211; le nombre de salari\u00e9s qu&#8217;elles repr\u00e9sentent (la production des DADS est exig\u00e9e).<\/div>\n<div>&#8211; Les cotisations et la transparence financi\u00e8re (audit et Commissaire aux Comptes asserment\u00e9s par le gouvernement)<\/div>\n<div>\u00a0 La r\u00e9alit\u00e9 des cotisations et leur montant (pas d&#8217;adh\u00e9sions de complaisance pour gonfler les effectifs).<\/div>\n<div><\/div>\n<div><span style=\"color: #ff00ff;\"><b>Sur ces bases, le SNDLL est la seule organisation d&#8217;employeurs discoth\u00e8ques pures \u00e0 avoir \u00e9t\u00e9 reconnue\u00a0<\/b><\/span><span style=\"color: #ff00ff;\"><b>repr\u00e9sentative\u00a0 <\/b><\/span><b>Arr\u00eat\u00e9 du 26 Juillet 2017 .<\/b><\/div>\n<div>&#8211;<\/div>\n<div><b><u>2\u00b0) La Libert\u00e9 Syndicale<\/u><\/b> est une r\u00e8gle d&#8217;airain (elle est m\u00eame inscrite dans la d\u00e9claration des droits de l&#8217;homme).<\/div>\n<\/div>\n<div>Double libert\u00e9: libert\u00e9 de constituer un syndicat et libert\u00e9 d&#8217;adh\u00e9rer ou non \u00e0 un syndicat.<\/div>\n<div>La libert\u00e9 de choix\u00a0d&#8217;un syndicat est fondamentale.<\/div>\n<div>Arracher une adh\u00e9sion pour un avantage li\u00e9 (SACEM, SPRE) ou pour passer un permis d&#8217;exploiter est choquant.<\/div>\n<div>Obtenir une adh\u00e9sion forc\u00e9e \u00e0 tel ou tel syndicat ou\u00a0 par un Pr\u00e9fet est inadmissible.<\/div>\n<div>Un consentement ne doit jamais \u00eatre vici\u00e9. Encore moins dans ce domaine d&#8217;expression\u00a0de la libert\u00e9.<\/div>\n<div><\/div>\n<div>\u00a0 \u00a0 \u00a0 \u00a0 \u00a0 \u00a0 \u00a0 \u00a0 \u00a0<b>\u00a0<span style=\"color: #ff00ff;\">LE\u00a0 PLURALISME SYNDICAL<\/span><\/b><span style=\"color: #ff00ff;\"><b>\u00a0est alors la clef de vo\u00fbte\u00a0du syndicalisme.<\/b><\/span><\/div>\n<div>&#8211;<\/div>\n<div>\n<div><span style=\"font-size: large;\">Ces r\u00e8gles de sp\u00e9cificit\u00e9 fondamentale pos\u00e9es, une \u00e9thique, une morale de l&#8217;action me\u00a0<\/span><\/div>\n<div><span style=\"font-size: large;\">paraissent s&#8217;imposer avec autant de vigueur.<\/span><\/div>\n<\/div>\n<div><span style=\"font-size: large;\">\u00a0&#8211;<\/span><\/div>\n<div><b><u>NOTRE\u00a0MORALE\u00a0 DU SYNDICALISME :<\/u><\/b><\/div>\n<div><\/div>\n<div>&#8211;\u00a0 <b><u>respecter l&#8217;autre<\/u><\/b>, en toute occasion, m\u00eame s&#8217;il a des opinions diff\u00e9rentes.<\/div>\n<div>\u00a0 \u00a0Cela exclut toute attaque personnelle et tout rejet d&#8217;un professionnel sur des crit\u00e8res subjectifs ou discriminatoires.<\/div>\n<div>\u00a0 \u00a0Le respect de l&#8217;autre est en termes d&#8217;action syndicale, le pr\u00e9alable \u00e0 la coop\u00e9ration intersyndicale et \u00e0 l&#8217;union de la<\/div>\n<div>\u00a0 \u00a0profession qui est un des moyens essentiels \u00e0 privil\u00e9gier pour parfaire la d\u00e9fense des int\u00e9r\u00eats communs.<\/div>\n<div><span style=\"color: #ff00ff;\"><b>\u00a0 \u00a0Le syndicalisme est respectueux ou n&#8217;est pas respectable.<\/b><\/span><\/div>\n<div>&#8211;<\/div>\n<div><\/div>\n<div>&#8211; <b><u>toujours privil\u00e9gier l&#8217;image de la profession<\/u><\/b> que l&#8217;on ne repr\u00e9sente jamais, en fait, qu&#8217;en partie. Il faut \u00eatre modeste.<\/div>\n<div>\u00a0 Sous pr\u00e9texte\u00a0d&#8217;activisme syndicale\u00a0il n&#8217;est pas concevable d&#8217;entacher l&#8217;image de toute la profession par des actions<\/div>\n<div>\u00a0 ou des propos incongrus. L&#8217;image de la profession dans son ensemble doit passer\u00a0avant toute autre consid\u00e9ration.<\/div>\n<div>\u00a0 Doivent donc \u00eatre proscrites toute forme de populisme d\u00e9magogue comme toute forme de personnalisation, ou<\/div>\n<div>\u00a0 d&#8217;utilisation de la profession et de ses probl\u00e8mes pour servir l&#8217;ego de &#8220;responsables&#8221; syndicaux autoproclam\u00e9s.<\/div>\n<div><span style=\"color: #ff00ff;\"><b>\u00a0 Respecter l&#8217;int\u00e9r\u00eat collectif de la profession que l&#8217;on ambitionne repr\u00e9senter avant son propre int\u00e9r\u00eat.<\/b><\/span><\/div>\n<div>&#8211;<\/div>\n<div><\/div>\n<div>&#8211;\u00a0 <b><u>les dirigeants syndicaux doivent \u00eatre irr\u00e9prochables et exemplaires.\u00a0<\/u><\/b><\/div>\n<div>\u00a0 \u00a0Un responsable syndical qui a d\u00e9pos\u00e9 plusieurs fois le bilan, affronte des sanctions p\u00e9nales n&#8217;est pas admissible.<\/div>\n<div>\u00a0 \u00a0Un syndicat ne peut \u00eatre dirig\u00e9 en fonction d&#8217;int\u00e9r\u00eats personnels de ses responsables ou repr\u00e9sentants.<\/div>\n<div>\u00a0 \u00a0Il ne doit pas non plus, leur procurer d&#8217;avantages mat\u00e9riels indus, \u00e9trangers \u00e0 leur mission.<\/div>\n<div>\u00a0 \u00a0Un responsable syndical ne doit pas utiliser n&#8217;importe quel moyen\u00a0et ne doit jamais tromper ceux qu&#8217;il ambitionne<\/div>\n<div>\u00a0 \u00a0de repr\u00e9senter.<\/div>\n<div>\u00a0 \u00a0Par contre, il a le devoir permanent de les \u00e9clairer, de leur dire les faits dans leur r\u00e9alit\u00e9, m\u00eame s&#8217;ils sont d\u00e9sagr\u00e9ables.<\/div>\n<div><span style=\"color: #ff00ff;\"><b>\u00a0 \u00a0Le syndicalisme doit \u00eatre respectable.<\/b><\/span><\/div>\n<div>&#8211;<\/div>\n<div><\/div>\n<div>&#8211; <b><u>l&#8217;ind\u00e9pendance d&#8217;un appareil est un crit\u00e8re absolu de qualit\u00e9.<\/u><\/b><\/div>\n<div>\u00a0 Un syndicat qui serait d\u00e9pendant d&#8217;un autre, otage ou alibi d&#8217;une autre corporation n&#8217;est pas cr\u00e9dible.<\/div>\n<div>\u00a0 Le principe de sp\u00e9cialisation de l&#8217;objet syndical, r\u00e9serv\u00e9 \u00e0 une profession, \u00e9vite toute d\u00e9rive de ce type.<\/div>\n<div>\u00a0 De m\u00eame <strong>un syndicat ne peut \u00eatre la courroie de transmission d&#8217;un parti,<\/strong> d&#8217;une croyance, d&#8217;un int\u00e9r\u00eat priv\u00e9.<\/div>\n<div>\u00a0 Il n&#8217;est pas tol\u00e9rable qu&#8217;un militant politique ambitionne repr\u00e9senter la profession, m\u00eame s&#8217;il avance masqu\u00e9.<\/div>\n<div><span style=\"color: #ff00ff;\"><b>\u00a0 L&#8217;ind\u00e9pendance est la pierre angulaire de l&#8217;action syndicale, principe sacr\u00e9.<\/b><\/span><\/div>\n<div>&#8211;<\/div>\n<div><\/div>\n<div>Ce rappel, non exhaustif, est le fruit de mon v\u00e9cu, de ce que je constate malheureusement comme d\u00e9rives actuelles.\u00a0 On peut mettre un exemple derri\u00e8re tout ce que je d\u00e9cris comme abus. Je pr\u00e9f\u00e8re les d\u00e9noncer que de m&#8217;y soumettre.<\/div>\n<div>&#8211;<\/div>\n<div>Cordialement<\/div>\n<div><\/div>\n<div>Patrick MALVA\u00cbS<\/div>\n","protected":false},"excerpt":{"rendered":"<p>Chers amis, chers confr\u00e8res, Une parenth\u00e8se de r\u00e9flexion est toujours salutaire pour s&#8217;\u00e9lever au dessus du quotidien et r\u00e9fl\u00e9chir. Je vous livre ci-dessous des \u00e9l\u00e9ments qui me guident dans mon action et qu&#8217;il m&#8217;a&#8230;<\/p>\n","protected":false},"author":2,"featured_media":0,"comment_status":"closed","ping_status":"open","sticky":false,"template":"","format":"standard","meta":{"_mi_skip_tracking":false,"_monsterinsights_sitenote_active":false,"_monsterinsights_sitenote_note":"","_monsterinsights_sitenote_category":0},"categories":[1,147],"tags":[],"_links":{"self":[{"href":"https:\/\/sndll.info\/index.php?rest_route=\/wp\/v2\/posts\/3174"}],"collection":[{"href":"https:\/\/sndll.info\/index.php?rest_route=\/wp\/v2\/posts"}],"about":[{"href":"https:\/\/sndll.info\/index.php?rest_route=\/wp\/v2\/types\/post"}],"author":[{"embeddable":true,"href":"https:\/\/sndll.info\/index.php?rest_route=\/wp\/v2\/users\/2"}],"replies":[{"embeddable":true,"href":"https:\/\/sndll.info\/index.php?rest_route=%2Fwp%2Fv2%2Fcomments&post=3174"}],"version-history":[{"count":8,"href":"https:\/\/sndll.info\/index.php?rest_route=\/wp\/v2\/posts\/3174\/revisions"}],"predecessor-version":[{"id":3633,"href":"https:\/\/sndll.info\/index.php?rest_route=\/wp\/v2\/posts\/3174\/revisions\/3633"}],"wp:attachment":[{"href":"https:\/\/sndll.info\/index.php?rest_route=%2Fwp%2Fv2%2Fmedia&parent=3174"}],"wp:term":[{"taxonomy":"category","embeddable":true,"href":"https:\/\/sndll.info\/index.php?rest_route=%2Fwp%2Fv2%2Fcategories&post=3174"},{"taxonomy":"post_tag","embeddable":true,"href":"https:\/\/sndll.info\/index.php?rest_route=%2Fwp%2Fv2%2Ftags&post=3174"}],"curies":[{"name":"wp","href":"https:\/\/api.w.org\/{rel}","templated":true}]}}