{"id":3195,"date":"2020-07-21T14:27:14","date_gmt":"2020-07-21T12:27:14","guid":{"rendered":"http:\/\/pjcrpry.cluster031.hosting.ovh.net\/?p=3195"},"modified":"2020-08-22T12:04:09","modified_gmt":"2020-08-22T10:04:09","slug":"un-pour-tous-tous-pour-un","status":"publish","type":"post","link":"https:\/\/sndll.info\/?p=3195","title":{"rendered":"UN POUR TOUS, TOUS POUR UN  ! la pr\u00e9 n\u00e9go par t\u00e9l\u00e9phone 20\/07\/20"},"content":{"rendered":"<p>Chers amis, Chers confr\u00e8res,<\/p>\n<p>J&#8217;ai pris l&#8217;habitude de vous tenir inform\u00e9s <strong><span style=\"color: #0000ff;\">au plus pr\u00e8s de la situation car je sais que vous attendez tous une bouff\u00e9e d&#8217;oxyg\u00e8ne !<\/span><\/strong><\/p>\n<p>Apr\u00e8s la r\u00e9union de vendredi dernier, nous en avons eu une autre (impr\u00e9vue mais comme le temps presse, nous pressons aussi !) <strong><span style=\"color: #0000ff;\">hier 20 Juillet<\/span> <\/strong>qui a \u00e9t\u00e9 sans concessions.<\/p>\n<p><strong><span style=\"color: #0000ff;\">J&#8217;y ai particip\u00e9 personnellement<\/span><\/strong> avec l&#8217;UMIH, le GNI et notre repr\u00e9sentant C. Jouny.\u00a0 Y participaient quelques &#8220;voleurs de balles&#8221; que j&#8217;ai vertement renvoy\u00e9s aux vestiaires. Ils voulaient d\u00e9tourner une partie de l&#8217;\u00e9ventuelle indemnisation des discoth\u00e8ques de type &#8220;P&#8221; avec la probl\u00e9matique de le sph\u00e8re musicale techno en salles de type &#8220;L&#8221; ! La directrice de Cabinet du Ministre et les autres participants ont pu mesurer ma d\u00e9termination, je vous assure ! lol\u00a0 lol<\/p>\n<p>Communiqu\u00e9 ci-dessous commun avec le GNI pour vous remettre en perspective. Et je repars travailler (d\u00e9j\u00e0 8 heures d&#8217;affil\u00e9e) sur les bilans. Je souhaite tellement ouvrir une nouvelle perspective \u00e0 nos m\u00e9tiers, \u00e0 vous-m\u00eames et \u00e0 vos familles !<\/p>\n<p>Cordialement<\/p>\n<p>Patrick MALVA\u00cbS<\/p>\n<blockquote>\n<div dir=\"ltr\">\n<div>\n<div>\n<table id=\"m_-2252565672284220455Tableau_01\" border=\"0\" width=\"800\" cellspacing=\"0\" cellpadding=\"0\" align=\"left\">\n<tbody>\n<tr>\n<td colspan=\"3\" align=\"center\" width=\"800\" height=\"200\"><a href=\"http:\/\/poiy.mj.am\/lnk\/AMYAAC121OYAAcv2IWwAAGWRT4QAAYCqC34AAAAtAAN04ABfFfJMQrNticteRSuW2j8IlwmvnAADT3E\/2\/nnDEHbctHGNePLdJiizYnQ\/aHR0cHM6Ly93d3cuZ25pLWhjci5mci8_MCZ1dG1fc291cmNlPWVtYWlsaW5nJnV0bV9tZWRpdW09ZW1haWwmdXRtX2NhbXBhaWduPW1haWxpbmdtYWlsaW5nMjAyMDA3MjAtMSZ1dG1fY29udGVudD10b3AtbG9nbw\" target=\"_blank\" rel=\"noopener noreferrer\" data-saferedirecturl=\"https:\/\/www.google.com\/url?q=http:\/\/poiy.mj.am\/lnk\/AMYAAC121OYAAcv2IWwAAGWRT4QAAYCqC34AAAAtAAN04ABfFfJMQrNticteRSuW2j8IlwmvnAADT3E\/2\/nnDEHbctHGNePLdJiizYnQ\/aHR0cHM6Ly93d3cuZ25pLWhjci5mci8_MCZ1dG1fc291cmNlPWVtYWlsaW5nJnV0bV9tZWRpdW09ZW1haWwmdXRtX2NhbXBhaWduPW1haWxpbmdtYWlsaW5nMjAyMDA3MjAtMSZ1dG1fY29udGVudD10b3AtbG9nbw&amp;source=gmail&amp;ust=1595411544855000&amp;usg=AFQjCNHN0uA9NYZ2wJfbp73svGqMYpc1gg\"><img class=\"CToWUd\" src=\"https:\/\/ci6.googleusercontent.com\/proxy\/yhTp8IDg8YQ5n0-81W3C-KDKVYP6YmFdFPNSvWEVS0kA4yDuUWHeQ_h09b5xyzEnllPqx7mTy2NWI_iqucIkUQYW56f8z1XUvI8L2-nhC5g95lts=s0-d-e1-ft#https:\/\/www.gni-hcr.fr\/newsletter\/img_commun\/logo-gni-complet.png\" alt=\"GNI\" width=\"308\" height=\"100\" \/><\/a><\/td>\n<\/tr>\n<tr>\n<td colspan=\"3\" valign=\"top\" width=\"800\" height=\"10\"><\/td>\n<\/tr>\n<tr>\n<td colspan=\"3\" width=\"800\">Chers coll\u00e8gues, chers amis,<\/p>\n<p>Les discussions sont engag\u00e9es avec le gouvernement pour sauver le monde de la nuit et nous venons vous en rendre compte.<\/p>\n<p>Le GNI, le SNDLL,\u00a0 et l\u2019UMIH, seront re\u00e7us ce jeudi 23 juillet 2020 \u00e0 Bercy par Alain Griset, Ministre d\u00e9l\u00e9gu\u00e9 en charge des PME.<\/p>\n<p>Une premi\u00e8re r\u00e9union s\u2019est d\u00e9j\u00e0 tenue ce vendredi 17 juillet 2020 au Minist\u00e8re de l\u2019\u00c9conomie, des Finances et de la Relance \u00e0 l\u2019initiative d\u2019Alain Griset, Ministre d\u00e9l\u00e9gu\u00e9 aux PME \u00e0 la suite de la d\u00e9cision du gouvernement de refuser l\u2019ouverture des discoth\u00e8ques et autres \u00e9tablissements de nuit jusqu\u2019\u00e0 nouvel ordre.<\/p>\n<p>Cette r\u00e9union intervenait apr\u00e8s que le Conseil d\u2019\u00c9tat ait jug\u00e9 l\u2019interdiction d\u2019ouverture proportionn\u00e9e au regard du risque \u00e9pid\u00e9mique en d\u00e9pit de la plainte d\u00e9pos\u00e9e par le SNDLL.<\/p>\n<p>Lors de cette r\u00e9union de travail, le Ministre a abord\u00e9 les cons\u00e9quences financi\u00e8res et sociales cons\u00e9cutives \u00e0 la fermeture de nos \u00e9tablissements et les perspectives d\u2019avenir pour le secteur du Monde de la Nuit.<\/p>\n<p>L\u2019ensemble des Organisations Professionnelles pr\u00e9sentes a rappel\u00e9 la gravit\u00e9 de la situation alors que les discoth\u00e8ques et les \u00e9tablissements de type P autorisant la danse demeurent ferm\u00e9s par contrainte administrative depuis plus de 4 mois, sans recette mais avec des charges.<\/p>\n<p>Les Organisations Syndicales Repr\u00e9sentatives ont unanimement demand\u00e9\u00a0:<\/p>\n<p>-qu\u2019une mesure soit adopt\u00e9e en urgence afin d\u2019interdire aux bailleurs l\u2019usage des clauses r\u00e9solutoires et l\u2019expulsion des professionnels en raison du non-paiement des loyers pour tous les \u00e9tablissements \u00e0 la suite de la fin de l\u2019\u00c9tat d\u2019urgence sanitaire (et non pour les seuls \u00e9tablissements ayant acc\u00e8s au Fonds de Solidarit\u00e9)\u00a0;<\/p>\n<p>-qu\u2019un fonds de soutien sp\u00e9cifique soit cr\u00e9\u00e9 (ou que le Fonds de solidarit\u00e9 soit compl\u00e9t\u00e9) afin de venir en aide aux \u00e9tablissements de nuit par une prise en charge de la totalit\u00e9 des charges fixes\u00a0: loyers, assurances, \u00e9nergie, eau, t\u00e9l\u00e9phone, TPE, honoraires comptables et juridiques, cong\u00e9s pay\u00e9s \u00e0 charge, r\u00e9mun\u00e9ration de l\u2019exploitant \u2026<\/p>\n<p>-que les entreprises en plan dit de continuation, pour lesquelles le r\u00e8glement des annuit\u00e9s s\u2019av\u00e8re impossible, b\u00e9n\u00e9ficient d\u2019un report des \u00e9ch\u00e9ances \u00e9quivalent \u00e0 la p\u00e9riode de fermeture.<\/p>\n<p>A l\u2019issue d\u2019un long tour de table, le Ministre s\u2019est d\u00e9clar\u00e9 favorable \u00e0 des mesures permettant de prot\u00e9ger les professionnels de la nuit de mesures d\u2019expulsion ou de liquidation et vouloir travailler \u00e0 un plan d\u2019aide sp\u00e9cifique.<\/p>\n<p>Le Ministre s\u2019est engag\u00e9 \u00e0 poursuivre avec nos Organisations les travaux engag\u00e9s et \u00e0 nous r\u00e9unir de nouveau ce jeudi 23 juillet.<\/p>\n<p>Une r\u00e9union de travail pr\u00e9paratoire s\u2019est tenue ce lundi 20 juillet avec la Directrice de Cabinet du Ministre.<\/p>\n<p>A cette occasion, celle-ci a confirm\u00e9 la volont\u00e9 du Ministre de venir en aide aux entreprises de type P restant sous le coup d\u2019une interdiction d\u2019ouverture.<\/p>\n<p>Cette aide devrait pouvoir \u00eatre accord\u00e9e en urgence aux discoth\u00e8ques et venir couvrir les charges fixes des entreprises.<\/p>\n<p>L\u2019acc\u00e8s au Fonds de solidarit\u00e9 pourrait ainsi \u00eatre revu pour nos entreprises (r\u00e9vision ou suppression des crit\u00e8res d\u2019\u00e9ligibilit\u00e9 pour les entreprises de type P) afin de leur permettre de b\u00e9n\u00e9ficier de l\u2019aide de 1\u00a0500 \u20ac par mois et d\u2019un 2eme \u00e9tage dont le montant aurait pour objet de couvrir les charges fixes.<\/p>\n<p>Ce dispositif permettrait en outre \u00e0 ces entreprises d\u2019\u00eatre prot\u00e9g\u00e9es du risque de proc\u00e9dure d\u2019expulsion jusqu\u2019\u00e0 la mi-septembre.<\/p>\n<p>Le SNDLL et le GNI s\u2019appr\u00eatent \u00e0 transmettre les informations recueillies aupr\u00e8s de vous, gr\u00e2ce \u00e0 votre participation r\u00e9guli\u00e8re \u00e0 nos enqu\u00eates, au Cabinet du Ministre afin d\u2019appuyer nos propositions.<\/p>\n<p>De nouveaux \u00e9changes auront lieu demain dans l\u2019attente de la r\u00e9union avec le Ministre ce jeudi.<\/p>\n<p>Nos Organisations Syndicales se f\u00e9licitent de la qualit\u00e9 de leurs \u00e9changes avec le Ministre et sa Directrice de Cabinet. Elles restent n\u00e9anmoins vigilantes quant au r\u00e9sultat final des discussions engag\u00e9es dont l\u2019objet est de sauver nos entreprises.<\/p>\n<p>Notre jeunesse, nos concitoyens ont plus que jamais besoin de lieux s\u00e9curis\u00e9s et d\u2019un encadrement professionnel pour accueillir la f\u00eate. Nos \u00e9tablissements de nuit ne doivent pas mourir.<\/p>\n<p>&nbsp;<\/p>\n<p>Didier Chenet, Pr\u00e9sident du GNI<\/p>\n<p>Patrick Malva\u00ebs, Pr\u00e9sident du SNDLL<\/p>\n<p>&nbsp;<\/td>\n<\/tr>\n<\/tbody>\n<\/table>\n<\/div>\n<\/div>\n<\/div>\n<\/blockquote>\n","protected":false},"excerpt":{"rendered":"<p>Chers amis, Chers confr\u00e8res, J&#8217;ai pris l&#8217;habitude de vous tenir inform\u00e9s au plus pr\u00e8s de la situation car je sais que vous attendez tous une bouff\u00e9e d&#8217;oxyg\u00e8ne ! Apr\u00e8s la r\u00e9union de vendredi dernier,&#8230;<\/p>\n","protected":false},"author":2,"featured_media":0,"comment_status":"closed","ping_status":"open","sticky":false,"template":"","format":"standard","meta":{"_mi_skip_tracking":false,"_monsterinsights_sitenote_active":false,"_monsterinsights_sitenote_note":"","_monsterinsights_sitenote_category":0},"categories":[97,1,147],"tags":[],"_links":{"self":[{"href":"https:\/\/sndll.info\/index.php?rest_route=\/wp\/v2\/posts\/3195"}],"collection":[{"href":"https:\/\/sndll.info\/index.php?rest_route=\/wp\/v2\/posts"}],"about":[{"href":"https:\/\/sndll.info\/index.php?rest_route=\/wp\/v2\/types\/post"}],"author":[{"embeddable":true,"href":"https:\/\/sndll.info\/index.php?rest_route=\/wp\/v2\/users\/2"}],"replies":[{"embeddable":true,"href":"https:\/\/sndll.info\/index.php?rest_route=%2Fwp%2Fv2%2Fcomments&post=3195"}],"version-history":[{"count":4,"href":"https:\/\/sndll.info\/index.php?rest_route=\/wp\/v2\/posts\/3195\/revisions"}],"predecessor-version":[{"id":3632,"href":"https:\/\/sndll.info\/index.php?rest_route=\/wp\/v2\/posts\/3195\/revisions\/3632"}],"wp:attachment":[{"href":"https:\/\/sndll.info\/index.php?rest_route=%2Fwp%2Fv2%2Fmedia&parent=3195"}],"wp:term":[{"taxonomy":"category","embeddable":true,"href":"https:\/\/sndll.info\/index.php?rest_route=%2Fwp%2Fv2%2Fcategories&post=3195"},{"taxonomy":"post_tag","embeddable":true,"href":"https:\/\/sndll.info\/index.php?rest_route=%2Fwp%2Fv2%2Ftags&post=3195"}],"curies":[{"name":"wp","href":"https:\/\/api.w.org\/{rel}","templated":true}]}}