{"id":3204,"date":"2020-07-24T06:15:18","date_gmt":"2020-07-24T04:15:18","guid":{"rendered":"http:\/\/pjcrpry.cluster031.hosting.ovh.net\/?p=3204"},"modified":"2020-08-22T12:02:42","modified_gmt":"2020-08-22T10:02:42","slug":"jusquau-bout","status":"publish","type":"post","link":"https:\/\/sndll.info\/?p=3204","title":{"rendered":"JUSQU&#8217;AU BOUT ! La pr\u00e9 n\u00e9gociation du 23\/07\/20"},"content":{"rendered":"<p>Chers amis, chers confr\u00e8res,<\/p>\n<p>Hier soir jeudi nous avons tenu une tr\u00e8s longue r\u00e9union de travail avec le Minist\u00e8re de l&#8217;Economie pour pr\u00e9parer la n\u00e9gociation avec M. le Ministre Alain GRISET ce vendredi matin. Je ne sais pas comment vont tourner les choses mais je vous dois mon sentiment.<\/p>\n<p>En premier lieu, nous avons accompli un <strong><span style=\"color: #ff00ff;\">travail titanesque pour pr\u00e9senter tous les aspects des difficult\u00e9s que nous rencontrons<\/span><\/strong>. De la situation la plus simple: les probl\u00e8mes alimentaires, dirais-je, de tout un chacun et des plus faibles \u00e0 la situation des plus gros, aux frais fixes \u00e9normes ou aux montages juridiques et financiers complexes. Tout le panel de 1 700 \u00e0 1 800 \u00e9tablissement a \u00e9t\u00e9 d\u00e9ploy\u00e9 par nous, d\u00e9cortiqu\u00e9, analys\u00e9&#8230;Dans quelques jours tout ce travail sera, et c&#8217;est compr\u00e9hensible, oubli\u00e9 de tout le monde. Seuls les &#8220;r\u00e9sultats&#8221; (?!) compteront. Je tiens donc \u00e0 rendre hommage aux syndicalistes patronaux qui m&#8217;ont entour\u00e9. Quel que soit le r\u00e9sultat, ce fut <strong><span style=\"color: #0000ff;\">un travail d&#8217;exception. Il faut le savoir.<\/span><\/strong> C&#8217;est tout.<\/p>\n<p>En second lieu, <strong><span style=\"color: #ff00ff;\">ce qui vous int\u00e9resse<\/span><\/strong> -et c&#8217;est tout \u00e0 fait logique, tant la d\u00e9tresse \u00e9treint chacun- <strong><span style=\"color: #ff00ff;\">c&#8217;est l&#8217;aboutissement<\/span><\/strong>. A ce stade, je suis tr\u00e8s tr\u00e8s sceptique face \u00e0 ce qu&#8217;on nous a object\u00e9 des contraintes de l&#8217;Etat&#8230; chacun aura compris. Durant 1 h 45 nous avons argument\u00e9, chiffres et exemples en mains. <strong><span style=\"color: #ff00ff;\">Tout le monde syndical a \u00e9t\u00e9 dans son r\u00f4le<\/span><\/strong>, il n&#8217;y a pas lieu d&#8217;\u00e9piloguer l\u00e0-dessus. Le Cabinet a \u00e9t\u00e9 ouvert mais campait sur ses positions classiques. Heureusement, nous connaissions parfaitement le dossier et quand on nous pr\u00e9sentait des pseudo solutions alternatives, nous en montrions la vanit\u00e9 et les limites. Nous n&#8217;avons jamais \u00e9t\u00e9 pris au d\u00e9pourvu ou d\u00e9stabilis\u00e9s. Jamais. Personne, &#8220;de notre c\u00f4t\u00e9&#8221; syndical, n&#8217;a confondu ses int\u00e9r\u00eats priv\u00e9s et ceux g\u00e9n\u00e9raux de la profession.\u00a0 Ce ne fut pas le cas de tous les intervenants autour de la table (m\u00eame si la r\u00e9union \u00e9tait t\u00e9l\u00e9phonique)&#8230;c&#8217;est tr\u00e8s regrettable pour notre d\u00e9mocratie. Le d\u00e9sarroi du secteur m\u00e9rite mieux que des mots.<\/p>\n<p>En fait, <strong><span style=\"color: #ff00ff;\">le d\u00e9bat s&#8217;est cristallis\u00e9 sur la prise en charge d&#8217;une<\/span><\/strong> (tr\u00e8s faible \u00e0 cet instant o\u00f9 j&#8217;\u00e9cris)<strong><span style=\"color: #ff00ff;\"> partie de nos frais fixes par l&#8217;Etat<\/span><\/strong>. Plus de la moiti\u00e9 de nos \u00e9tablissements ne r\u00e9alisent pas <strong><span style=\"color: #ff00ff;\">450 000 \u20ac de C.A. Eux, seront &#8220;\u00e0 peu pr\u00e8s&#8221; (?!) indemnis\u00e9s<\/span><\/strong>, je pense. C&#8217;est d\u00e9j\u00e0 bien pour les souffrances individuelles sur lesquelles vit une tr\u00e8s petite entreprise. <strong><span style=\"color: #ff00ff;\">Au del\u00e0, la situation est beaucoup plus compromise.<\/span><\/strong> Nous avons tent\u00e9 l&#8217;impossible face \u00e0 un Etat qui nous dit ne disposer que de 9 milliards d&#8217;euros pour aider 1 millions 600 000 entreprises&#8230;<\/p>\n<p><strong><span style=\"color: #0000ff;\">Nous avons plaid\u00e9, principalement, que les discoth\u00e8ques doivent b\u00e9n\u00e9ficier d&#8217;un effort exceptionnel pour 3 raisons: c&#8217;est le seul secteur marchand ferm\u00e9 totalement pendant au moins 6 mois, ces 6 mois correspondent (saisonniers notamment) \u00e0 la p\u00e9riode o\u00f9 se r\u00e9alise l&#8217;essentiel de notre CA (double peine), et -&#8220;cerise sur le g\u00e2teau&#8221;- nous n&#8217;avons actuellement aucune perspective r\u00e9elle de r\u00e9ouverture !<\/span><\/strong><\/p>\n<p>Cela pose tr\u00e8s directement l<strong><span style=\"color: #ff00ff;\">a question de la survie de nos entreprises et du travail de nos employ\u00e9s. <\/span><\/strong>Je l&#8217;ai, personnellement, longuement illustr\u00e9 de cas concrets. A un moment le discoth\u00e9caire va devoir vraiment se poser la question de savoir s&#8217;il pers\u00e9v\u00e8re ou non dans son activit\u00e9 s&#8217;il n&#8217;a pas (ou trop peu) d&#8217;aides. Voil\u00e0 simplement la probl\u00e9matique. Je vous passe les d\u00e9tails, nous avons tout soulev\u00e9 (y compris le co\u00fbt des cong\u00e9s pay\u00e9s accumul\u00e9s et dus sur la p\u00e9riode de ch\u00f4mage partiel et le salaire des dirigeants non salari\u00e9s).<\/p>\n<p>La seule question ce matin (6 heures et, comme mes coll\u00e8gues qui ont aussi encore travaill\u00e9\u00a0 dans la nuit, je n&#8217;ai pu dormir) est : &#8220;COMBIEN ?&#8221;<\/p>\n<p>A ce stade je ne peux rien dire mais <strong><span style=\"color: #ff00ff;\">les propositions faites sont tr\u00e8s \u00e9loign\u00e9es du r\u00e9alisme \u00e9conomique<\/span> <\/strong>et ne sauveront pas les emplois. Le message a \u00e9t\u00e9 entendu, c&#8217;est s\u00fbr. Partag\u00e9 m\u00eame, j&#8217;en suis certain. Cela fera-t-il \u00e9voluer les lignes, c&#8217;est \u00e0 souhaiter.<\/p>\n<p>Je vous informerai de l&#8217;\u00e9volution d\u00e8s que possible. Je retourne faire un dernier point.<\/p>\n<p>Courage \u00e0 nous tous !<\/p>\n<p>Patrick MALVA\u00cbS<\/p>\n","protected":false},"excerpt":{"rendered":"<p>Chers amis, chers confr\u00e8res, Hier soir jeudi nous avons tenu une tr\u00e8s longue r\u00e9union de travail avec le Minist\u00e8re de l&#8217;Economie pour pr\u00e9parer la n\u00e9gociation avec M. le Ministre Alain GRISET ce vendredi matin&#8230;.<\/p>\n","protected":false},"author":2,"featured_media":0,"comment_status":"closed","ping_status":"open","sticky":false,"template":"","format":"standard","meta":{"_mi_skip_tracking":false,"_monsterinsights_sitenote_active":false,"_monsterinsights_sitenote_note":"","_monsterinsights_sitenote_category":0},"categories":[97,1,147],"tags":[],"_links":{"self":[{"href":"https:\/\/sndll.info\/index.php?rest_route=\/wp\/v2\/posts\/3204"}],"collection":[{"href":"https:\/\/sndll.info\/index.php?rest_route=\/wp\/v2\/posts"}],"about":[{"href":"https:\/\/sndll.info\/index.php?rest_route=\/wp\/v2\/types\/post"}],"author":[{"embeddable":true,"href":"https:\/\/sndll.info\/index.php?rest_route=\/wp\/v2\/users\/2"}],"replies":[{"embeddable":true,"href":"https:\/\/sndll.info\/index.php?rest_route=%2Fwp%2Fv2%2Fcomments&post=3204"}],"version-history":[{"count":4,"href":"https:\/\/sndll.info\/index.php?rest_route=\/wp\/v2\/posts\/3204\/revisions"}],"predecessor-version":[{"id":3631,"href":"https:\/\/sndll.info\/index.php?rest_route=\/wp\/v2\/posts\/3204\/revisions\/3631"}],"wp:attachment":[{"href":"https:\/\/sndll.info\/index.php?rest_route=%2Fwp%2Fv2%2Fmedia&parent=3204"}],"wp:term":[{"taxonomy":"category","embeddable":true,"href":"https:\/\/sndll.info\/index.php?rest_route=%2Fwp%2Fv2%2Fcategories&post=3204"},{"taxonomy":"post_tag","embeddable":true,"href":"https:\/\/sndll.info\/index.php?rest_route=%2Fwp%2Fv2%2Ftags&post=3204"}],"curies":[{"name":"wp","href":"https:\/\/api.w.org\/{rel}","templated":true}]}}