{"id":3226,"date":"2020-07-25T07:47:50","date_gmt":"2020-07-25T05:47:50","guid":{"rendered":"http:\/\/pjcrpry.cluster031.hosting.ovh.net\/?p=3226"},"modified":"2020-08-06T12:42:31","modified_gmt":"2020-08-06T10:42:31","slug":"nouvelles-aides-comment-faire","status":"publish","type":"post","link":"https:\/\/sndll.info\/?p=3226","title":{"rendered":"NOUVELLES AIDES: COMMENT FAIRE ? \ud83d\udc4d"},"content":{"rendered":"<p>Chers amis, chers confr\u00e8res,<\/p>\n<p>Je suis, bien s\u00fbr, satisfait pour vous tous.<\/p>\n<p>Il est temps d&#8217;envisager les travaux pratiques apr\u00e8s nos accords d&#8217;hier avec le Ministre M. GRISET.<\/p>\n<p>Je vous demande instamment de <span style=\"color: #0000ff;\">ne pas nous inonder<\/span> (c&#8217;est bien parti !)<span style=\"color: #0000ff;\"> de questions auxquelles on ne peut r\u00e9pondre actuellement<\/span>.\u00a0 On ne sait pas encore tout pratiquement ! Ne nous jetez pas la pierre, non plus, si votre entreprise est l\u00e9s\u00e9e. On n&#8217;a oubli\u00e9 personne au SNDLL (ni les grosses structures, ni les petits qui touchent une petite retraite). C&#8217;est le gouvernement qui, in fine, a arbitr\u00e9 et jusqu&#8217;\u00e0 plus ample inform\u00e9, je ne le dirige pas\u00a0 ! Ne nous demandez pas plus, s&#8217;il vous pla\u00eet !<\/p>\n<p>Ci-dessous un <strong><span style=\"color: #0000ff;\">guide pratique pour essayer de mieux cerner les nouvelles opportunit\u00e9s<\/span><\/strong> que nous avons su d\u00e9fendre.<\/p>\n<div id=\"main\" class=\"main-content\">\n<div class=\"ajaxbloc bind-ajaxReload\" data-ajax-env=\"daf06297ebd2eaa18685b45b49ed1a80\" data-origin=\"\/special-coronavirus-covid-19\/aides-de-l-etat\/fonds-national-de-solidarite\" aria-live=\"polite\" aria-atomic=\"true\">\n<article class=\"article article-solo \">\n<section class=\"article-texte\">\n<div class=\"field__item\">\n<div class=\"paragraph paragraph--type--contenu-libre paragraph--view-mode--default\">\n<div class=\"clearfix text-formatted field field--name-field-contenu-libre field--type-text-long field--label-hidden field__item title-h6\"><\/div>\n<\/div>\n<\/div>\n<\/section>\n<\/article>\n<\/div>\n<\/div>\n<div id=\"sidebar\" class=\"sidebar\">\n<div class=\"sidebar-social sidebar-bloc\">\n<div id=\"main\" class=\"main-content\">\n<div class=\"ajaxbloc bind-ajaxReload\" data-ajax-env=\"daf06297ebd2eaa18685b45b49ed1a80\" data-origin=\"\/special-coronavirus-covid-19\/aides-de-l-etat\/fonds-national-de-solidarite\" aria-live=\"polite\" aria-atomic=\"true\">\n<article class=\"article article-solo \">\n<section class=\"article-texte\">\n<div class=\"field__item\">\n<div class=\"paragraph paragraph--type--contenu-libre paragraph--view-mode--default\">\n<div class=\"clearfix text-formatted field field--name-field-contenu-libre field--type-text-long field--label-hidden field__item\">\n<p><span style=\"color: #ff00ff;\"><strong>Le fonds de solidarit\u00e9 comporte deux volets\u00a0:<\/strong><\/span><\/p>\n<p><strong>Le premier volet<\/strong>\u00a0permet \u00e0 l\u2019entreprise de b\u00e9n\u00e9ficier d\u2019une aide vers\u00e9e par la DGFiP d\u2019un montant \u00e9gal \u00e0 la perte d\u00e9clar\u00e9e de chiffre d\u2019affaires en mars, avril et mai 2020, dans la limite de\u00a0<strong>1 500 \u20ac.\u00a0<\/strong><\/p>\n<p><strong><span style=\"color: #ff00ff;\">Depuis nos accords d&#8217;hier Vendredi 24 Juillet \u00e9tendu \u00e0 1 500 \u20ac jusqu&#8217;au 30 Ao\u00fbt pour tous les \u00e9ligibles. <span style=\"color: #000000;\">S&#8217;y rajoutera le volet 2.<\/span><\/span><\/strong><\/p>\n<p><strong>Depuis nos accords d&#8217;hier,<span style=\"color: #ff00ff;\"> le second volet<\/span><span style=\"color: #ff00ff;\"> permet aux discoth\u00e8ques qui b\u00e9n\u00e9ficient du premier volet de percevoir une aide compl\u00e9mentaire d\u2019un montant pouvant aller jusqu&#8217;\u00e0 15 000 \u20ac pour chaque mois de Juin, Juillet et Ao\u00fbt 2020.<\/span> <\/strong><\/p>\n<p>Sur pr\u00e9sentation de factures. Apparemment celle du loyer doit \u00eatre d\u00e9j\u00e0 acquitt\u00e9e. C&#8217;est aberrant quand pr\u00e9cis\u00e9ment on demande l&#8217;aide pour pouvoir <strong>ensuite<\/strong> acquitter les factures ! Mais un des participants aux n\u00e9gociations y a tenu !!! Il doit \u00eatre propri\u00e9taire ?!..<\/p>\n<p>C&#8217;est d&#8217;autant plus impensable que la motivation de ce volet stipulait initialement l&#8217;inverse \u00e9videmment !<\/p>\n<p>Ce second volet<strong><span style=\"color: #ff00ff;\"> serait ouvert \u00e0 tout le monde.<\/span><\/strong><\/p>\n<p>Les r\u00e9gions sont initialement en charge de l\u2019instruction et du versement de ce deuxi\u00e8me volet du fonds de solidarit\u00e9. Cela ne devrait pas changer.<\/p>\n<p>A ce stade, nous n&#8217;en savons pas plus. C&#8217;est le service social et financier du SNDLL qui a fait l&#8217;analyse ci-dessus mais elle n&#8217;est pas absolument certaine \u00e0 ce jour.<\/p>\n<p><strong><span style=\"color: #ff00ff;\"><span style=\"color: #0000ff;\">En r\u00e9sum\u00e9 si rien ne vient infirmer:<\/span> 1 500 \u20ac\/mois de droit pour chacun + jusqu&#8217;\u00e0 15 000 \u20ac par mois selon factures pr\u00e9sent\u00e9es pour chacun des mois de Juin, Juillet et Ao\u00fbt 2020. Les aides sont d\u00e9fiscalis\u00e9es et HT c&#8217;est \u00e9vident\u00a0 ! (cela n&#8217;a pas emp\u00each\u00e9 un des participants \u00e0 notre r\u00e9union de n\u00e9gociations de poser la question !!!!)<\/span><\/strong><\/p>\n<h3>Quelles d\u00e9marches pour b\u00e9n\u00e9ficier du fonds de solidarit\u00e9\u00a0?<\/h3>\n<p><strong>Pour le premier volet de l\u2019aide (aide pouvant aller jusqu\u2019\u00e0 1 500 \u20ac vers\u00e9e par la DGFiP): <\/strong><b>T<\/b>outes les entreprises \u00e9ligibles pour l\u2019aide peuvent faire leur demande sur le site <a class=\"ext\" title=\"\u00ab\u00a0impots.gouv.fr\u00a0\u00bb dans une nouvelle fen\u00eatre\" href=\"https:\/\/www.impots.gouv.fr\/portail\/\" target=\"_blank\" rel=\"noopener noreferrer\">impots.gouv.fr<\/a> (cliquer sur ce lien) en renseignant les \u00e9l\u00e9ments suivants : SIREN, SIRET, RIB, chiffre d\u2019affaires, montant de l\u2019aide demand\u00e9e, d\u00e9claration sur l\u2019honneur. <strong><span style=\"color: #ff00ff;\">Cela devrait continuer.<\/span><\/strong><\/p>\n<p><strong><span style=\"color: #ff00ff;\">Le SNDLL a demand\u00e9 confirmation de pouvoir <span style=\"color: #0000ff;\">toucher l&#8217;aide du fonds en d\u00e9duisant les pensions et indemnit\u00e9s journali\u00e8res<\/span> de s\u00e9curit\u00e9 sociale per\u00e7ues ou \u00e0 percevoir. Certains se sont vu refuser l&#8217;acc\u00e8s au fonds. Pas normal.\u00a0<\/span><\/strong><\/p>\n<p><b>\u00a0<\/b><strong><span style=\"color: #ff00ff;\">En th\u00e9orie, si on suit ce qui s&#8217;est pass\u00e9 jusqu&#8217;ici on peut penser que l&#8217;aide jusqu&#8217;\u00e0 15 00 \u20ac mensuels devrait \u00eatre<\/span><span style=\"color: #ff00ff;\"> instruite par les R\u00e9gions ? On ne sait<\/span> <span style=\"color: #ff00ff;\">pas encore.<\/span><\/strong><\/p>\n<p>Afin que les services de la R\u00e9gion puissent examiner la demande, l\u2019entreprise devrait devoir\u00a0 joindre les factures et le total.<\/p>\n<p>En g\u00e9n\u00e9ral, cela se ferait sur la plateforme ouverte par la R\u00e9gion dans laquelle les entreprises exercent leurs activit\u00e9s.<\/p>\n<p><span style=\"color: #0000ff;\">&gt;&gt;\u00a0<\/span><strong><span style=\"color: #0000ff;\">Vous trouverez toutes les informations sur les d\u00e9marches \u00e0 r\u00e9aliser pour b\u00e9n\u00e9ficier de l\u2019aide du fonds de solidarit<\/span>\u00e9 en\u00a0<a class=\"pdf\" href=\"https:\/\/www.economie.gouv.fr\/files\/files\/PDF\/2020\/DP-Fonds_de_solidarite.pdf\">cliquant ici<\/a><\/strong>\u00a0(PDF &#8211; 692 Ko).<\/p>\n<\/div>\n<\/div>\n<\/div>\n<hr \/>\n<p><a href=\"https:\/\/www.legifrance.gouv.fr\/affichTexte.do?cidTexte=JORFTEXT000041768315&amp;categorieLien=cid\" target=\"_blank\" rel=\"noopener noreferrer\"><strong>D\u00e9cret n\u00b0\u00a02020-371 du 30 mars 2020 relatif au fonds de solidarit\u00e9 \u00e0 destination des entreprises particuli\u00e8rement touch\u00e9es par les cons\u00e9quences \u00e9conomiques, financi\u00e8res et sociales de la propagation de l\u2019\u00e9pid\u00e9mie de covid-19 et des mesures prises pour limiter cette propagation<\/strong><\/a><\/p>\n<\/section>\n<section class=\"article-bloc bloc\">\n<header class=\"bloc-title\">\n<h4 class=\"main-title\">Documents<\/h4>\n<\/header>\n<section class=\"bloc-content\">\n<div class=\"doc-list\">\n<div class=\"doc-bloc\">\n<div class=\"doc-title\"><a class=\"spip_doc pdf\" href=\"https:\/\/www.gni-hcr.fr\/IMG\/pdf\/fonds_solidarite_faq-05052020-9h24.pdf\" type=\"application\/pdf\" download=\"\"><span class=\"doc-title-text\">FAQ \u2013 Fonds de solidarit\u00e9 en faveur des entreprises (Maj 04\/05\/2020)<\/span>\u00a0<span class=\"doc-info\">\u00a0<abbr class=\"doc-ext\" title=\"PDF\">PDF<\/abbr>\u00a0<span class=\"doc-size\">252.2\u00a0ko<\/span>\u00a0<\/span><\/a><\/div>\n<\/div>\n<div class=\"doc-bloc\">\n<div class=\"doc-title\"><a class=\"spip_doc pdf\" href=\"https:\/\/www.gni-hcr.fr\/IMG\/pdf\/dp-fonds_de_solidarite_1_.pdf\" type=\"application\/pdf\" download=\"\"><span class=\"doc-title-text\">Le Fonds de Solidarit\u00e9\u00a0: Quelles d\u00e9marches pour quelles entreprises\u00a0?\u00a0<\/span><span class=\"doc-info\">\u00a0<abbr class=\"doc-ext\" title=\"PDF\">PDF<\/abbr>\u00a0<span class=\"doc-size\">692\u00a0ko<\/span>\u00a0<\/span><\/a><\/div>\n<\/div>\n<\/div>\n<\/section>\n<\/section>\n<footer class=\"article-footer\"><\/footer>\n<\/article>\n<\/div>\n<section class=\"article-bloc bloc bloc-no-title\">\n<div class=\"bloc-content\">\n<nav id=\"\"><i class=\"fas fa-home\"><\/i>\u00a0<\/nav>\n<\/div>\n<\/section>\n<\/div>\n<div id=\"sidebar\" class=\"sidebar\">\n<div class=\"sidebar-service sidebar-bloc\">\n<h3><\/h3>\n<\/div>\n<div class=\"sidebar-social sidebar-bloc\"><\/div>\n<\/div>\n<\/div>\n<\/div>\n","protected":false},"excerpt":{"rendered":"<p>Chers amis, chers confr\u00e8res, Je suis, bien s\u00fbr, satisfait pour vous tous. Il est temps d&#8217;envisager les travaux pratiques apr\u00e8s nos accords d&#8217;hier avec le Ministre M. GRISET. Je vous demande instamment de ne&#8230;<\/p>\n","protected":false},"author":2,"featured_media":0,"comment_status":"closed","ping_status":"open","sticky":false,"template":"","format":"standard","meta":{"_mi_skip_tracking":false,"_monsterinsights_sitenote_active":false,"_monsterinsights_sitenote_note":"","_monsterinsights_sitenote_category":0},"categories":[97,1],"tags":[],"_links":{"self":[{"href":"https:\/\/sndll.info\/index.php?rest_route=\/wp\/v2\/posts\/3226"}],"collection":[{"href":"https:\/\/sndll.info\/index.php?rest_route=\/wp\/v2\/posts"}],"about":[{"href":"https:\/\/sndll.info\/index.php?rest_route=\/wp\/v2\/types\/post"}],"author":[{"embeddable":true,"href":"https:\/\/sndll.info\/index.php?rest_route=\/wp\/v2\/users\/2"}],"replies":[{"embeddable":true,"href":"https:\/\/sndll.info\/index.php?rest_route=%2Fwp%2Fv2%2Fcomments&post=3226"}],"version-history":[{"count":4,"href":"https:\/\/sndll.info\/index.php?rest_route=\/wp\/v2\/posts\/3226\/revisions"}],"predecessor-version":[{"id":3321,"href":"https:\/\/sndll.info\/index.php?rest_route=\/wp\/v2\/posts\/3226\/revisions\/3321"}],"wp:attachment":[{"href":"https:\/\/sndll.info\/index.php?rest_route=%2Fwp%2Fv2%2Fmedia&parent=3226"}],"wp:term":[{"taxonomy":"category","embeddable":true,"href":"https:\/\/sndll.info\/index.php?rest_route=%2Fwp%2Fv2%2Fcategories&post=3226"},{"taxonomy":"post_tag","embeddable":true,"href":"https:\/\/sndll.info\/index.php?rest_route=%2Fwp%2Fv2%2Ftags&post=3226"}],"curies":[{"name":"wp","href":"https:\/\/api.w.org\/{rel}","templated":true}]}}