{"id":3231,"date":"2020-07-26T11:08:59","date_gmt":"2020-07-26T09:08:59","guid":{"rendered":"http:\/\/pjcrpry.cluster031.hosting.ovh.net\/?p=3231"},"modified":"2020-08-07T08:37:43","modified_gmt":"2020-08-07T06:37:43","slug":"rappel-sur-la-convention-collective","status":"publish","type":"post","link":"https:\/\/sndll.info\/?p=3231","title":{"rendered":"RAPPEL SUR LA CONVENTION COLLECTIVE \ud83d\udc4d\ud83d\udc96\ud83d\udc95"},"content":{"rendered":"<p>Chers amis, chers confr\u00e8res,<\/p>\n<p>A l&#8217;occasion de tr\u00e8s nombreux \u00e9changes ces derni\u00e8res semaines avec beaucoup de professionnels, il m&#8217;a \u00e9t\u00e9 demand\u00e9 <strong><span style=\"color: #0000ff;\">le point sur les conventions<\/span> <span style=\"color: #0000ff;\">collectives.<\/span><\/strong><\/p>\n<p>Je le fais sans aucun esprit pol\u00e9mique, objectivement pour permettre \u00e0 chacun de mesurer que <strong><span style=\"color: #ff00ff;\">nos diff\u00e9rences syndicales &#8211; <\/span><\/strong>si elles ne nous ont pas emp\u00each\u00e9 de mener une action unitaire et ne nous emp\u00eacherons pas de r\u00e9cidiver<strong>&#8211; <span style=\"color: #ff00ff;\">reposent sur des DIVERGENCES DE FOND<\/span> <\/strong>incompressibles dans l&#8217;approche de la d\u00e9fense des int\u00e9r\u00eats des discoth\u00e8ques. Ce n&#8217;est pas, comme certains voudraient le faire croire pour &#8220;alimenter&#8221; (?!) leurs sites sociaux, une affaire de personnes. Cela en &#8220;d\u00e9frise&#8221; pas mal, je sais, mais les faits doivent \u00eatre dits pour que chacun fasse son choix. Cela pos\u00e9, nous sommes profond\u00e9ment attach\u00e9s \u00e0 la pluralit\u00e9 syndicale et respectons tous les points de vue.<\/p>\n<p>Cordialement<\/p>\n<p>Patrick MALVA\u00cbS<\/p>\n<p>&nbsp;<\/p>\n<p>Une Convention Collective est un accord entre employeurs et salari\u00e9s qui a force de loi et r\u00e9git obligatoirement vos relations avec vos salari\u00e9s.<\/p>\n<p>En l\u2019absence actuelle de convention collective unique \u00e9tendue \u00e0 toute la profession, <strong>c\u2019est la convention collective sign\u00e9e par le syndicat auquel vous adh\u00e9rez qui s\u2019applique\u00a0obligatoirement \u00e0 votre entreprise<\/strong>\u00a0:<\/p>\n<p><a href=\"https:\/\/www.legifrance.gouv.fr\/affichCodeArticle.do?idArticle=LEGIARTI000006901810&amp;cidTexte=LEGITEXT000006072050&amp;dateTexte=20080501\"><strong>Article L. 2262-1 du code du travail<\/strong><\/a>\u00a0: \u201c\u2026l\u2019application des conventions et accords est obligatoire pour tous les membres des organisations signataires\u201d.<\/p>\n<p><a href=\"https:\/\/www.legifrance.gouv.fr\/affichCodeArticle.do?idArticle=LEGIARTI000006901811&amp;cidTexte=LEGITEXT000006072050\"><strong>Article L.2262-2<\/strong><\/a>\u00a0: \u201cl\u2019adh\u00e9sion \u00e0 une organisation signataire emporte les cons\u00e9quences de l\u2019adh\u00e9sion \u00e0 la Convention\u201d. Cour de Cassation 21\/05\/1981 (N\u00b079-41.324) : \u201cl\u2019affiliation \u00e0 une organisation signataire entra\u00eene l\u2019assujettissement de l\u2019entreprise \u00e0 la Convention Collective\u201d.<\/p>\n<p><strong>1<sup>er<\/sup>\u00a0cas de figure : les discoth\u00e8ques adh\u00e9rentes d\u2019un syndicat h\u00f4telier<\/strong><\/p>\n<p>Pour elles, m\u00eame si elles ne le respectent pas (voir plus bas les cons\u00e9quences), elles doivent obligatoirement \u00e0 leurs salari\u00e9s (non exhaustif) :<\/p>\n<ul>\n<li>10 jours f\u00e9ri\u00e9s et pay\u00e9s en plus du 01 mai dont 6 obligatoirement pay\u00e9s et ch\u00f4m\u00e9s (non travaill\u00e9s !)<\/li>\n<li>un d\u00e9compte du\u00a0<strong>travail de nuit \u00e0 partir de 22 h <\/strong>(minuit pour les membres du SNDLL)<\/li>\n<li>une compensation du\u00a0<strong>travail de nuit par deux jours\u00a0<\/strong>de repos et des pauses de 20 mn<\/li>\n<li>une garantie du\u00a0<strong>paiement des salaires en cas de fermeture<\/strong>\u00a0pour force majeure<\/li>\n<li>un\u00a0<strong>pr\u00e9avis minimum<\/strong>\u00a0donn\u00e9 aux employ\u00e9s pour rompre leur contrat<\/li>\n<li>une affiliation \u00e0 un r\u00e9gime de pr\u00e9voyance on\u00e9reux<\/li>\n<li>une\u00a0<strong>dur\u00e9e du travail limit\u00e9e \u00e0 5 jours par semaine<\/strong>, m\u00eame pour les saisonniers<\/li>\n<li><strong>paiement des repas et avantages en nature, un jour de plus de repos\/an si une tenue vestimentaire est impos\u00e9e aux employ\u00e9s,<\/strong><\/li>\n<\/ul>\n<p>Et de plus, depuis le 01 janvier 2011 cotisation obligatoire \u00e0 une \u00abcompl\u00e9mentaire sant\u00e9\u00bb tr\u00e8s basique de 336 \u20ac par salari\u00e9\/an (50 % \u00e0 votre charge), pour chaque salari\u00e9 m\u00eame pour les jeunes, les temps partiels, etc. ! \u00a0M\u00eame si un salari\u00e9 b\u00e9n\u00e9ficie d\u00e9j\u00e0 d\u2019une mutuelle il rejoint celle de l\u2019h\u00f4tellerie bien plus ch\u00e8re, ou cotise inutilement aux deux mutuelles ! Idem si son conjoint couvre d\u00e9j\u00e0 la famille par une autre mutuelle ! Quant aux employ\u00e9s \u00e0 temps partiel ils sont assujettis \u00e0 cette assurance ! BRAVO !!!<\/p>\n<p>N\u2019importe quel employ\u00e9 en conflit un jour ou inspecteur du travail peut vous traduire en justice sur ces bases et exiger cinq ann\u00e9es de <strong>rappel salarial<\/strong>. Le cas vient de se pr\u00e9senter.<\/p>\n<p>Vous vous exposez, en cas de non-respect \u00e0 des sanctions civiles : les salari\u00e9s ou leurs repr\u00e9sentants peuvent saisir les Prud\u2019hommes pour des rappels de salaires (5 ans en arri\u00e8re), de primes, etc. L\u2019Inspection du Travail peut actionner des sanctions p\u00e9nales avec amendes. Vous vous exposez \u00e0 un rappel de cotisations par les organismes sociaux (Urssaf, retraite, pr\u00e9voyance, formation professionnelle\u2026).<\/p>\n<p><strong>2e cas de figure : les discoth\u00e8ques membres du SNDLL<\/strong><\/p>\n<p>On leur conseille de changer de code NAF pour prendre le N\u00b0 9329\u00a0Z de pr\u00e9f\u00e9rence (<strong>nous demander un mod\u00e8le de courrier<\/strong>) mais m\u00eame avec un autre code elles\u00a0ne sont soumises \u00e0 aucune de ces obligations des h\u00f4teliers. Le code NAF n\u2019est pas un pr\u00e9alable.<\/p>\n<p>Les h\u00f4teliers ont essay\u00e9 de faire \u00e9tendre leur Convention Collective \u00e0 toutes les discoth\u00e8ques par le Minist\u00e8re du Travail.<\/p>\n<p>Le 11 janvier 2011, le SNDLL s\u2019y est oppos\u00e9 et a obtenu gain de cause au Minist\u00e8re et face \u00e0 la Commission Mixte Paritaire (tous les syndicats patronaux et salari\u00e9s r\u00e9unis)<\/p>\n<p>Aussi, il faut adh\u00e9rer au SNDLL, inscrire sur vos bulletins de salaire la CC N\u00b0 3275 du SNDLL, cotiser \u00e0 l\u2019AFDAS (et non au FAFIH) pour l\u2019assurance formation, \u00e0 AUDIENS (et non \u00e0 MORNAY ou autres) pour la Retraite, la pr\u00e9voyance et la sant\u00e9 et faire changer son code NAF de l\u2019INSEE pour le 9329 Z au lieu de 5630 Z.<\/p>\n<p><strong>Nota :<\/strong> des comptables appliquent \u00e0 tort la Convention de l\u2019h\u00f4tellerie. Exigez d\u2019eux de changer ou de vous garantir\u00a0<strong>par \u00e9crit<\/strong>\u00a0qu\u2019ils ont raison\u00a0!\u2026<\/p>\n<p><strong>Rappel pratique pour votre service comptable :<\/strong><\/p>\n<p>Vous \u00eates adh\u00e9rents ou vous venez d\u2019adh\u00e9rer au SNDLL : sur vos bulletins de salaires, indiquez la Convention Collective (n\u00b0 3275) des Espaces de Loisirs et surtout pas celle des h\u00f4teliers (n\u00b0 1979).<\/p>\n<p>Faire cotiser l\u2019entreprise \u00e0 :<\/p>\n<p>Caisse de Retraite et Pr\u00e9voyance compl\u00e9mentaire obligatoire, d\u2019assurance compl\u00e9mentaire sant\u00e9 et de pr\u00e9voyance :\u00a0<strong><a href=\"https:\/\/www.audiens.org\/accueil.html\">AUDIENS<\/a><\/strong><\/p>\n<p>74 Rue Jean Bleuzen 92177 VANVES CEDEX<br \/>\nTe\u0301l. 0811 65 50 50 \u00a0www.audiens.org<\/p>\n<p>Assurance Formation obligatoire\u00a0<strong><a href=\"https:\/\/www.afdas.com\/\">AFDAS<\/a><\/strong>\u00a0caisse des loisirs (et non au FAFIH)<\/p>\n<p>66 Rue Stendhal CS 32016 75990 PARIS CEDEX 20<br \/>\nTe\u0301l. 01 44 78 39 39 www.afdas.com Email :\u00a0paris@afdas.com<\/p>\n<p><strong>Permis d\u2019exploiter<\/strong><\/p>\n<p>Formation : le SNDLL promeut on propre centre de formation avec le GNI : <strong><a href=\"https:\/\/www.asforest.com\/fr\/nos-formations\/formations-obligatoires\/formation-hygiene-chr\/?gclid=EAIaIQobChMI27_2y4qZ5gIVyeFRCh07AQMKEAAYASAAEgIQY_D_BwE\">ASFOREST<\/a><\/strong><\/p>\n<p>Formation du personnel de s\u00e9curit\u00e9<br \/>\n4 Rue de Gramont 75002 PARIS<br \/>\nT\u00e9l. 01 42 96 09 27\u00a0 www.asforest.com<br \/>\nResponsable :\u00a0 Gregory HULIN<br \/>\nAvec des formations en Province \u00e9galement.<\/p>\n<p><b>\u00a0<\/b><\/p>\n","protected":false},"excerpt":{"rendered":"<p>Chers amis, chers confr\u00e8res, A l&#8217;occasion de tr\u00e8s nombreux \u00e9changes ces derni\u00e8res semaines avec beaucoup de professionnels, il m&#8217;a \u00e9t\u00e9 demand\u00e9 le point sur les conventions collectives. Je le fais sans aucun esprit pol\u00e9mique,&#8230;<\/p>\n","protected":false},"author":2,"featured_media":0,"comment_status":"closed","ping_status":"open","sticky":false,"template":"","format":"standard","meta":{"_mi_skip_tracking":false,"_monsterinsights_sitenote_active":false,"_monsterinsights_sitenote_note":"","_monsterinsights_sitenote_category":0},"categories":[1,9],"tags":[],"_links":{"self":[{"href":"https:\/\/sndll.info\/index.php?rest_route=\/wp\/v2\/posts\/3231"}],"collection":[{"href":"https:\/\/sndll.info\/index.php?rest_route=\/wp\/v2\/posts"}],"about":[{"href":"https:\/\/sndll.info\/index.php?rest_route=\/wp\/v2\/types\/post"}],"author":[{"embeddable":true,"href":"https:\/\/sndll.info\/index.php?rest_route=\/wp\/v2\/users\/2"}],"replies":[{"embeddable":true,"href":"https:\/\/sndll.info\/index.php?rest_route=%2Fwp%2Fv2%2Fcomments&post=3231"}],"version-history":[{"count":3,"href":"https:\/\/sndll.info\/index.php?rest_route=\/wp\/v2\/posts\/3231\/revisions"}],"predecessor-version":[{"id":3261,"href":"https:\/\/sndll.info\/index.php?rest_route=\/wp\/v2\/posts\/3231\/revisions\/3261"}],"wp:attachment":[{"href":"https:\/\/sndll.info\/index.php?rest_route=%2Fwp%2Fv2%2Fmedia&parent=3231"}],"wp:term":[{"taxonomy":"category","embeddable":true,"href":"https:\/\/sndll.info\/index.php?rest_route=%2Fwp%2Fv2%2Fcategories&post=3231"},{"taxonomy":"post_tag","embeddable":true,"href":"https:\/\/sndll.info\/index.php?rest_route=%2Fwp%2Fv2%2Ftags&post=3231"}],"curies":[{"name":"wp","href":"https:\/\/api.w.org\/{rel}","templated":true}]}}