{"id":3273,"date":"2020-07-31T15:56:20","date_gmt":"2020-07-31T13:56:20","guid":{"rendered":"http:\/\/pjcrpry.cluster031.hosting.ovh.net\/?p=3273"},"modified":"2020-08-22T11:59:41","modified_gmt":"2020-08-22T09:59:41","slug":"anne-ma-soeur-anne-le-sndll-offensif","status":"publish","type":"post","link":"https:\/\/sndll.info\/?p=3273","title":{"rendered":"LE SNDLL A L&#8217;OFFENSIVE !  Le contenu des n\u00e9gos \ud83d\udca5\ud83d\udca5\ud83e\udde8"},"content":{"rendered":"<p>Chers amis, chers confr\u00e8res,<\/p>\n<p>Mon impatience est aussi grande que la v\u00f4tre pour conna\u00eetre le contenu pr\u00e9cis des textes qui vont &#8220;mettre en musique&#8221; les accords auxquels nous sommes parvenus&#8230;il y a d\u00e9j\u00e0 une semaine, autant dire l&#8217;\u00e9ternit\u00e9. A ce jour rien de nouveau. On rappelle qu&#8217;on nous a indiqu\u00e9 que les aides de JUIN devraient \u00eatre vers\u00e9es au 15 Ao\u00fbt au plus tard&#8230;celles de Juillet ? Ao\u00fbt ? J&#8217;ai relay\u00e9 cette inqui\u00e9tude car je sais bien que tout le monde a <strong><span style=\"color: #0000ff;\">besoin urgent<\/span> <span style=\"color: #0000ff;\">de tr\u00e9sorerie<\/span><\/strong><\/p>\n<p>Comme vous, je sais que <strong><span style=\"color: #ff00ff;\">le contenu d&#8217;accords peut-\u00eatre &#8220;alt\u00e9r\u00e9&#8221; par les modalit\u00e9s pratiques et c&#8217;est notre toute premi\u00e8re inqui\u00e9tude<\/span><\/strong> aux 3 syndicats ! Ensuite, au nom de tous, j&#8217;ai demand\u00e9 de pr\u00e9ciser des points importants. J&#8217;ai<strong> notamment<\/strong> demand\u00e9 que soient b\u00e9n\u00e9ficiaires les cas suivants :<\/p>\n<p>cas de ceux qui cumulent avec un autre revenu ou une retraite,<\/p>\n<p>cas des montages par soci\u00e9t\u00e9s,<\/p>\n<p>cas des propri\u00e9taires des murs qui ne prennent pas de loyers<\/p>\n<p>cas des \u00e9tablissements ferm\u00e9s durant l&#8217;exercice avant le COVID soit pour travaux, sinistre ou nouveaux (qui n&#8217;ont donc pas d&#8217;employ\u00e9s)<\/p>\n<p>cas des exploitants qui ont une dette fiscale ou sociale<\/p>\n<p>D\u00e8s qu&#8217;un texte sortira, nous vous informerons aussit\u00f4t .\u00a0 Dites \u00e0 vos comptables que ce n&#8217;est pas la peine de faire le forcing en nous sollicitant. Qu&#8217;ils gardent leur z\u00e8le pour diligenter les dossiers \u00e0 la sortie des textes !&#8230; La grande majorit\u00e9 est compr\u00e9hensive et connait les arcanes administratives mais certains nous interpellent un peu rudement. On le prend bien, avec philosophie.<\/p>\n<div class=\"title-h6\">D\u00e9j\u00e0, je suis sur d&#8217;autres recherches pour nos m\u00e9tiers: que se passera-t-il au 1 er septembre si nous ne sommes pas rouverts ? Je veux dire rouverts &#8220;hors toutes mesures de distanciation sociales ! &#8221; Toutes les aides devront \u00eatre prolong\u00e9es, en tous domaines :<\/div>\n<p>Pour les loyers, <strong><span style=\"color: #0000ff;\">la n\u00e9cessit\u00e9 de pr\u00e9senter une facture de loyer pay\u00e9e est tr\u00e8s probl\u00e9matique.\u00a0<\/span><\/strong><span style=\"color: #0000ff;\"><span style=\"color: #000000;\"> Si on a demand\u00e9 des aides, c&#8217;est qu&#8217;on ne peut pas payer. Comment peut-on mettre ainsi &#8220;la charrue avant les boeufs&#8221; ? Actuellement, les b\u00e9n\u00e9ficiaires du fonds de solidarit\u00e9 sont &#8220;prot\u00e9g\u00e9s&#8221; de la clause r\u00e9solutoire (annulation des baux) jusqu&#8217;au 10 septembre. Si on doit payer cette mesure ne nous profitera donc plus ! I Pire m\u00eame il va falloir payer depuis le d\u00e9but (Mars ou AVRIL) car le propri\u00e9taire va imputer (c&#8217;est la Loi) le paiement qu&#8217;on lui fera pour Juillet (afin d&#8217;avoir le b\u00e9n\u00e9fice des aides) <\/span><\/span><span style=\"color: #0000ff;\"><span style=\"color: #000000;\">sur la facture la plus ancienne (mars ou avril) et pour d\u00e9livrer la facture acquitt\u00e9e de Juillet nous forcera \u00e0 payer tout l&#8217;arri\u00e9r\u00e9 &#8230; avant m\u00eame d&#8217;avoir obtenu les aides ! C&#8217;est aberrant. Je l&#8217;ai soulign\u00e9, je me suis indign\u00e9 que quelqu&#8217;un ait pu proposer cela. Probl\u00e8me entier \u00e0 ce jour.<\/span><\/span><\/p>\n<p><strong><span style=\"color: #0000ff;\">Le ch\u00f4mage partiel\u00a0<\/span><\/strong><span style=\"color: #0000ff;\"><span style=\"color: #000000;\">est un vrai sujet d&#8217;inqui\u00e9tude pour nous.\u00a0 \u00a0 \u00a0Nous avons obtenu que le <strong><span style=\"color: #ff00ff;\">b\u00e9n\u00e9fice du ch\u00f4mage partiel soit \u00e9tendu jusqu&#8217;au 31\/12\/20 : <\/span><\/strong>* le salari\u00e9 per\u00e7oit 70% de sa r\u00e9mun\u00e9ration brute (autour de 84% du net) et au minimum le SMIC net . Prise en charge \u00e0 100 % par l&#8217; Etat et l&#8217; UNEDIC .\u00a0 \u00a0* MAIS <strong><span style=\"color: #ff00ff;\">les conditions du ch\u00f4mage partiel \u00e0 compter du 1 er Octobre ne sont pas pr\u00e9cis\u00e9es \u00e0 ce jour<\/span><\/strong>\u00a0 et L&#8217;Etat et l&#8217;UNEDIC pourraient r\u00e9duire leur prise en charge \u00e0 85 % (r\u00e8gles de droit commun. <span style=\"color: #0000ff;\"><strong>La prise en charge \u00e0 100 % doit \u00eatre maintenue !\u00a0<span style=\"color: #000000;\"> Nous voulons ce maintien au moins jusqu&#8217;au 31 Mars 2021 et au<\/span><\/strong><span style=\"color: #000000;\"> del\u00e0<\/span><strong><span style=\"color: #000000;\"> si nous ne pouvons rouvrir en septembre. Il y va de la sauvegarde des emplois et des entreprises.<\/span><\/strong><\/span><\/span><\/span><\/p>\n<p><strong><span style=\"color: #0000ff;\">Les annulations de charges sociales<\/span><\/strong><span style=\"color: #0000ff;\"><span style=\"color: #000000;\"> patronales, acquitt\u00e9es ou report\u00e9es doivent rester effectives tant que nous sommes ferm\u00e9s. Elles dovent le rester au del\u00e0 pour sauver nos entreprises.\u00a0<\/span><\/span><\/p>\n<p><strong><span style=\"color: #0000ff;\">Les pr\u00eats aux entreprises<span style=\"color: #000000;\"> par le biais des PGE<\/span><\/span><\/strong><span style=\"color: #0000ff;\"><span style=\"color: #000000;\"> doivent \u00eatre \u00e9voqu\u00e9s avec les Banques qui ne jouet pas le jeu.\u00a0 Il va falloir reporter les remboursements de ceux qui ont \u00e9t\u00e9 accord\u00e9s. Il faudrait, d&#8217;ailleurs, transformer les PGE en dotation aux entreprises pour annuler ces remboursements .<\/span><\/span><\/p>\n<p><strong><span style=\"color: #0000ff;\">Les \u00e9ch\u00e9ances bancaires (capital et int\u00e9r\u00eats) <\/span><\/strong><span style=\"color: #0000ff;\"><span style=\"color: #000000;\"> doivent \u00eatre report\u00e9es jusqu&#8217;en septembre 2021 pour nos entreprises. Nous demandons un document officiel d&#8217;engagement des Banques (via leur f\u00e9d\u00e9ration) dont on pourrait se pr\u00e9valoir.<\/span><\/span><\/p>\n<p><strong><span style=\"color: #0000ff;\">La fiscalit\u00e9 locale\u00a0<span style=\"color: #000000;\">Le Projet de Loi de Finances Rectificative 3\u00a0<\/span><\/span><\/strong><span style=\"color: #0000ff;\"><span style=\"color: #000000;\">peut \u00eatre mis en place par les communes et intercommunalit\u00e9s avant le 31 Juillet 2020 :\u00a0 <strong><span style=\"color: #ff00ff;\">r\u00e9duction des 2\/3 de la CFE<\/span> <\/strong>(Contribution Fonci\u00e8re des Entreprises calcul\u00e9e sur les biens soumis \u00e0 la taxe fonci\u00e8re) pour 2020 (l&#8217;Etat s&#8217;\u00e9tant engag\u00e9 \u00e0 compenser la moiti\u00e9, les collectivit\u00e9s locales ne renoncent qu&#8217;\u00e0 1\/3 en r\u00e9alit\u00e9). Nous vous invitons \u00e0 \u00e9crire aux Maires et Pr\u00e9sident(e)s de vos intercommunalit\u00e9s pour mettre en oeuvre ce dispositif.\u00a0 Nous demandons que les collectivit\u00e9s territoriales puisent d\u00e9lib\u00e9rer jusqu&#8217;au 30 Septembre.<\/span><\/span><\/p>\n<p><strong><span style=\"color: #0000ff;\"><span style=\"color: #000000;\">Enfin, le SNDLL demande le temps de la fermeture une<\/span> r\u00e9duction de 50 % de la taxe audiovisuelle, de la taxe fonci\u00e8re (b\u00e2ti et non b\u00e2ti), de la CVAE <\/span><\/strong><span style=\"color: #0000ff;\"><span style=\"color: #000000;\">(Cotisation sue la Valeur Ajout\u00e9e des Entreprises, elle est dans la Contribution \u00e9conomique Territoriale ou CET avec la CFE \u00e9voqu\u00e9e plus haut)<\/span><\/span><\/p>\n","protected":false},"excerpt":{"rendered":"<p>Chers amis, chers confr\u00e8res, Mon impatience est aussi grande que la v\u00f4tre pour conna\u00eetre le contenu pr\u00e9cis des textes qui vont &#8220;mettre en musique&#8221; les accords auxquels nous sommes parvenus&#8230;il y a d\u00e9j\u00e0 une&#8230;<\/p>\n","protected":false},"author":2,"featured_media":0,"comment_status":"closed","ping_status":"open","sticky":false,"template":"","format":"standard","meta":{"_mi_skip_tracking":false,"_monsterinsights_sitenote_active":false,"_monsterinsights_sitenote_note":"","_monsterinsights_sitenote_category":0},"categories":[97,1,147],"tags":[],"_links":{"self":[{"href":"https:\/\/sndll.info\/index.php?rest_route=\/wp\/v2\/posts\/3273"}],"collection":[{"href":"https:\/\/sndll.info\/index.php?rest_route=\/wp\/v2\/posts"}],"about":[{"href":"https:\/\/sndll.info\/index.php?rest_route=\/wp\/v2\/types\/post"}],"author":[{"embeddable":true,"href":"https:\/\/sndll.info\/index.php?rest_route=\/wp\/v2\/users\/2"}],"replies":[{"embeddable":true,"href":"https:\/\/sndll.info\/index.php?rest_route=%2Fwp%2Fv2%2Fcomments&post=3273"}],"version-history":[{"count":4,"href":"https:\/\/sndll.info\/index.php?rest_route=\/wp\/v2\/posts\/3273\/revisions"}],"predecessor-version":[{"id":3629,"href":"https:\/\/sndll.info\/index.php?rest_route=\/wp\/v2\/posts\/3273\/revisions\/3629"}],"wp:attachment":[{"href":"https:\/\/sndll.info\/index.php?rest_route=%2Fwp%2Fv2%2Fmedia&parent=3273"}],"wp:term":[{"taxonomy":"category","embeddable":true,"href":"https:\/\/sndll.info\/index.php?rest_route=%2Fwp%2Fv2%2Fcategories&post=3273"},{"taxonomy":"post_tag","embeddable":true,"href":"https:\/\/sndll.info\/index.php?rest_route=%2Fwp%2Fv2%2Ftags&post=3273"}],"curies":[{"name":"wp","href":"https:\/\/api.w.org\/{rel}","templated":true}]}}