{"id":3330,"date":"2020-08-07T07:11:46","date_gmt":"2020-08-07T05:11:46","guid":{"rendered":"http:\/\/pjcrpry.cluster031.hosting.ovh.net\/?p=3330"},"modified":"2020-08-22T11:46:23","modified_gmt":"2020-08-22T09:46:23","slug":"va-t-on-ouvrir-en-septembre-que-faire","status":"publish","type":"post","link":"https:\/\/sndll.info\/?p=3330","title":{"rendered":"OUVRIR EN SEPTEMBRE ? QUE FAIRE ?  D\u00e9lais fiscaux et fermeture prolong\u00e9e \ud83d\udd2e\ud83d\udd2d\ud83e\udd14\ud83d\ude37"},"content":{"rendered":"<p>Chers amis, chers confr\u00e8res,<\/p>\n<p><strong><span style=\"color: #ff00ff;\">Ce vendredi 7 Ao\u00fbt<\/span><\/strong>, deux semaines apr\u00e8s nos &#8220;accords&#8221; avec M. le Ministre Alain Griset, <strong><span style=\"color: #ff00ff;\">toujours pas de textes d&#8217;application&#8230;<\/span> <\/strong>A vos nombreux mails je sens l&#8217;inqui\u00e9tude l\u00e9gitime, souvent une forme de panique. Essayons de garder notre s\u00e9r\u00e9nit\u00e9. A notre niveau, au SNDLL, nous faisons TOUT CE QUI EST POSSIBLE pour pr\u00e9server les int\u00e9r\u00eats de la fili\u00e8re. Ce blog tenu au quotidien vous le prouve. Pour replacer les choses en perspective, je vous recommande de <strong><span style=\"color: #ff00ff;\">relire les articles pass\u00e9s \u00e9crits ces 15 derniers jours<\/span><\/strong>. A avoir trop &#8220;le nez dans le guidon&#8221; on perd en perspective. Nous allons y arriver.<\/p>\n<p><strong><span style=\"color: #0000ff;\">Tous les jours apportent leur lot de nouvelles. Essayons de voir plus loin et d&#8217;anticiper. C&#8217;est aussi la mission des dirigeants syndicaux, \u00e0 mon avis .<\/span><\/strong><\/p>\n<p>&nbsp;<\/p>\n<p><strong><span style=\"color: #0000ff;\">1\u00b0)<\/span> <span style=\"color: #0000ff;\">Sur le front des mesures d&#8217;accompagnement<\/span> <\/strong>en cette p\u00e9riode tr\u00e8s dure,\u00a0 je vous \u00e9crivais hier (je ne pouvais \u00eatre plus d&#8217;actualit\u00e9 !) que nous attendions sous peu le texte qui demande aux services fiscaux d\u00e9partementaux d&#8217;octroyer des d\u00e9lais pour les \u00e9ch\u00e9ances fiscales survenues pendant la p\u00e9riode de fermeture. Ce texte vient de sortir t\u00f4t ce matin (J&#8217;\u00e9cris ces lignes alors qu&#8217;il est 5 heures du matin). Je vous le mets en pi\u00e8ce jointe car il \u00e9num\u00e8re les limites de cet octroi de d\u00e9lais. <a href=\"https:\/\/sndll.info\/wp-content\/uploads\/2020\/08\/D\u00e9cret_n\u00b02020-987_du_6_ao\u00fbt_2020_version_initiale-1.rtf\">D\u00e9cret_n\u00b02020-987_du_6_ao\u00fbt_2020_version_initiale (1)<\/a><\/p>\n<p>&#8221; &#8211; Les redevables &#8230; <span style=\"color: #ff00ff;\"><strong>\u00ab entreprises \u00bb, b\u00e9n\u00e9ficient<span style=\"color: #0000ff;\">, sur leur demande,<\/span> de plans de r\u00e8glement pour leurs imp\u00f4ts<\/strong>,<\/span> recouvr\u00e9s par les comptables de la direction g\u00e9n\u00e9rale des finances publiques, dont la date d\u2019\u00e9ch\u00e9ance de paiement est intervenue entre le 1er mars 2020 et le 31 mai 2020, ou aurait d\u00fb intervenir pendant cette p\u00e9riode avant d\u00e9cision de report au titre de la crise sanitaire.&#8221;<\/p>\n<p>La <strong><span style=\"color: #0000ff;\">demande doit \u00eatre formul\u00e9e<\/span><\/strong> aupr\u00e8s du comptable public comp\u00e9tent <strong><span style=\"color: #0000ff;\">au plus tard le 31 d\u00e9cembre 2020<\/span><\/strong> (DGFIP dont vous d\u00e9pendez). Allez-y !<\/p>\n<p>L&#8217;\u00e9talement peut \u00eatre octroy\u00e9 au maximum sur 36 mois mais au del\u00e0 de 12 mois vous devrez fournir des garanties.<\/p>\n<p>Il faut avoir commenc\u00e9 \u00e0 exploiter au plus tard le 31 d\u00e9cembre 2019, et <strong><span style=\"color: #0000ff;\">\u00eatre \u00e0 jour de ses obligations fiscales DECLARATIVES<\/span><\/strong> (ce qui n&#8217;impose pas d&#8217;\u00eatre \u00e0 jour des paiements !). Il faut aussi certifier avoir sollicit\u00e9 pour le paiement des dettes dues \u00e0 des cr\u00e9anciers priv\u00e9s un \u00e9talement de paiement ou des facilit\u00e9s de financement suppl\u00e9mentaires.<\/p>\n<p>D\u00e9sol\u00e9 de vous abreuver avec tous ces d\u00e9tails,mais il faut bien !<\/p>\n<p>&nbsp;<\/p>\n<p><strong><span style=\"color: #0000ff;\">2\u00b0) Sur l&#8217;\u00e9volution de la pand\u00e9mie et des d\u00e9confinements,\u00a0<\/span><\/strong> beaucoup se sont insurg\u00e9s, avec raison,\u00a0 apr\u00e8s les annonces de Mme BACHELOT selon lesquelles \u00e0 partir de septembre pourraient se tenir des <strong><span style=\"color: #ff00ff;\">spectacles de plus de 5 000 personnes<\/span><\/strong>. Dit ainsi, c&#8217;est choquant, surtout pour nous discoth\u00e9caires ! En r\u00e9alit\u00e9 cela n&#8217;exclut pas les mesures barri\u00e8res et la danse reste exclue. Surtout -r\u00e9trop\u00e9dalage hier soir \u00e0 21 heures (!) apr\u00e8s manifestation de notre \u00e9moi d&#8217;\u00eatre nous &#8220;\u00e0 l&#8217;\u00e9cart&#8221;!- il est pr\u00e9cis\u00e9 que cette autorisation &#8220;\u00e9tait conditionn\u00e9e \u00e0 l&#8217;\u00e9volution de la situation sanitaire. L&#8217;interdiction fera l&#8217;objet d&#8217;un r\u00e9examen au regard de l&#8217;\u00e9volution de l&#8217;\u00e9pid\u00e9mie&#8221; ce qui est moins optimiste !..\u00a0 mais ne fait pas pour autant notre bonheur.<\/p>\n<p>En r\u00e9alit\u00e9 nous savons depuis Mardi 4 Ao\u00fbt qu&#8217;un RDV sur la question \u00e9tait pr\u00e9vu le 24 et qu&#8217;il est m\u00eame ce jour repouss\u00e9 &#8230; Nous savons aussi que la <strong><span style=\"color: #ff00ff;\">semaine prochaine aura lieu un Conseil de D\u00e9fense<\/span><\/strong> (Vendredi en 8 ?) qui statuera .. peut-\u00eatre m\u00eame sur notre cas ! Je vous rappelle que nos accords pr\u00e9voyaient une &#8220;clause de revoyure&#8221; fin Ao\u00fbt car il faut savoir vers quoi nous nous dirigeons CONCRETEMENT. Vous voyez, nous suivons.<\/p>\n<p>Nous suivons tellement que nous essayons d&#8217;anticiper <strong><span style=\"color: #0000ff;\">nos chances de rouvrir en septembre<\/span><\/strong> \u00e0 partir des moindres signes. La r\u00e9surgence du COVID nous inqui\u00e8te au plus haut point d&#8217;autant, et pour cause, que nous n&#8217;y sommes pour rien. Il y a moins de 24 heures <strong>le Ministre A. GRISET s&#8217;est exprim\u00e9<\/strong> <strong>avec beaucoup d&#8217;honn\u00eatet\u00e9 intellectuelle et d&#8217;intelligence de la situation<\/strong>, sur LCI. Je lui rends un vibrant hommage pour cela.<\/p>\n<p>Toutefois le contenu du message est clair (et coh\u00e9rent avec le r\u00e9trop\u00e9dalage de R.Bachelot):<strong><span style=\"color: #ff00ff;\"> &#8220;Nous sommes (parlant des discoth\u00e8ques) dans une situation tr\u00e8s difficile &#8230;pour l&#8217;instant il n&#8217;y a m\u00eame pas de perspective (de r\u00e9ouverture) en septembre &#8230; ce n&#8217;est pas une d\u00e9cision \u00e9conomique mais sanitaire et dans un mois il n&#8217;y a pas de raison (d&#8217;esp\u00e9rer) tant que le Conseil scientifique (vous savez ce que j&#8217;en pense, je l&#8217;ai \u00e9crit il y a 3 jours) et le Conseil de D\u00e9fense n&#8217;ont pas donn\u00e9 le feu vert &#8230;&#8221;\u00a0<span style=\"color: #000000;\">Voil\u00e0, c&#8217;est dit !<\/span><\/span><\/strong><\/p>\n<p>Ce ministre qu&#8217;au del\u00e0 de notre impatience, de notre d\u00e9sarroi, je trouve comp\u00e9tent et \u00e0 notre \u00e9coute, d\u00e9clare travailler avec nous \u00e0 <strong><span style=\"color: #ff00ff;\">&#8220;trouver des<\/span> <span style=\"color: #ff00ff;\">solutions plus p\u00e9rennes&#8221;\u00a0<span style=\"color: #000000;\">(ce qui me fait penser que cela va durer&#8230;)\u00a0<\/span><\/span><\/strong> et se dit conscient que les accords actuels ne sont pas enti\u00e8rement satisfaisants et ont leurs limites. <strong>Merci Mr. GRISET, car dire la v\u00e9rit\u00e9 est une forme de courage assez in\u00e9dite en politique<\/strong>. Je sais que nous pouvons compter sur vous.<\/p>\n<p>&nbsp;<\/p>\n<p><strong><span style=\"color: #0000ff;\">QUELLE POLITIQUE ALORS POUR LE SYNDICAT ?<\/span><\/strong><\/p>\n<p>A la fin du mois, avec notre \u00e9quipe SNDLL, nous aurons fini de faire le point pour d\u00e9ployer les actions utiles \u00e0 tenter de<strong><span style=\"color: #0000ff;\"> sauver la fili\u00e8re et ses emplois, comme les revenus de ses dirigeants qui sont asphyxi\u00e9s. Nous sommes d\u00e9j\u00e0 mobilis\u00e9s aussi sur cet axe de r\u00e9flexion.<\/span><\/strong><\/p>\n<p>J&#8217;ai moi aussi toujours dit la v\u00e9rit\u00e9 et je continue donc, m\u00eame si certains me l&#8217;ont reproch\u00e9. Je me souviens des haines de petites minorit\u00e9s il y a un mois sur les r\u00e9seaux sociaux qui me reprochaient de ne pas me battre pour la r\u00e9ouverture imm\u00e9diate alors que nous savions pertinemment que c&#8217;\u00e9tait impossible et que nous jugions les &#8220;protocoles&#8221; propos\u00e9s (les tables sur les pistes o\u00f9 l&#8217;on aurait dans\u00e9 autour !) tout aussi inacceptables et irr\u00e9alistes que le premier protocole de l&#8217;UMIH (souvenez-vous: masque obligatoire, distanciation, nettoyage des tasses et machines \u00e0 caf\u00e9&#8230;) ! Ce n&#8217;est pas en faisant n&#8217;importe quoi que l&#8217;on sauve des entreprises.<\/p>\n<p>Une fois encore notre \u00e9quipe aguerrie et lucide travaille sur <strong><span style=\"color: #0000ff;\">le sc\u00e9nario d&#8217;un report de notre r\u00e9ouverture<\/span><\/strong>. Il faut des solutions. Tr\u00e8s honn\u00eatement, je persiste \u00e0 penser avec ceux qui m&#8217;entourent que <strong><span style=\"color: #0000ff;\">l&#8217;ouverture d\u00e9grad\u00e9e avec un nouveau protocole ne fait ACTUELLEMENT pas partie des solution<\/span>s <span style=\"color: #0000ff;\">\u00e0<\/span><\/strong> <span style=\"color: #0000ff;\"><strong>privil\u00e9gier.<\/strong><\/span> Je sais que nous divergeons l\u00e0-dessus avec d&#8217;autres. Nous assumons.<\/p>\n<p>Mais s&#8217;il y a une \u00e9volution positive (traitement, vaccin, recul syst\u00e9matique de l&#8217;\u00e9pid\u00e9mie, volont\u00e9 &#8211; enfin ! &#8211; des pouvoirs publics de r\u00e9primer les abus que nous constatons partout) nous serons les premiers \u00e0 nous rallier \u00e0 un protocole de transition. Bien s\u00fbr ! Certains vont essayer de nous faire dire l&#8217;inverse de notre pens\u00e9e, alors j&#8217;explique.\u00a0 Nous y r\u00e9fl\u00e9chissons aussi mais ce serait mentir de dire que c&#8217;est notre priorit\u00e9 actuelle .<\/p>\n<p><strong><span style=\"color: #0000ff;\">La priorit\u00e9 est de sauver \u00e9conomiquement nos entreprises, nos emplois et d&#8217;assurer un revenu d\u00e9cent \u00e0 nos professionnels<\/span><\/strong>. Dans un m\u00eame temps il nous faut <strong><span style=\"color: #0000ff;\">r\u00e9fl\u00e9chir \u00e0 la meilleure fa\u00e7on de pr\u00e9server la reprise et singuli\u00e8rement le lien avec notre client\u00e8le et notre personnel<\/span><\/strong> surtout musical et artistique. Je pense aux DJ&#8217;S, particuli\u00e8rement \u00e0 la peine et qui sont nos partenaires naturels (j&#8217;ai lu sur les sites des horreurs les concernant et j&#8217;en suis choqu\u00e9). Voil\u00e0 les vrais enjeux des semaines \u00e0 venir.<\/p>\n<p>Je pense que c&#8217;est ainsi qu&#8217;une fois encore le SNDLL peut aider le mieux <strong><span style=\"color: #ff00ff;\">la fili\u00e8re. En la mobilisant sans lui mentir,<\/span><\/strong> sans lui vendre du r\u00eave et des inepties d\u00e9magogues. Retroussons nous les manches. Nous sommes des chefs d&#8217;entreprises, responsables.<strong><span style=\"color: #ff00ff;\"> Nous allons y arriver<\/span><\/strong>, bien s\u00fbr et m\u00eame si c&#8217;est tr\u00e8s dur.<\/p>\n<p>J&#8217;ai tenu, au nom de nos responsables syndicaux et, bien s\u00fbr, \u00e0 titre personnel \u00e0 vous faire le point de la situation, le point de notre action pr\u00e9sente et \u00e0 venir. C&#8217;est aussi tr\u00e8s difficile \u00e0 g\u00e9rer pour vos responsables du syndicat,\u00a0 en m\u00eame temps que leurs affaires. Merci \u00e0 eux, encore une fois.<\/p>\n<p>Nous r\u00e9ussirons\u00a0 avec vous et votre confiance !<\/p>\n<p>Patrick MALVA\u00cbS<\/p>\n<p>&nbsp;<\/p>\n","protected":false},"excerpt":{"rendered":"<p>Chers amis, chers confr\u00e8res, Ce vendredi 7 Ao\u00fbt, deux semaines apr\u00e8s nos &#8220;accords&#8221; avec M. le Ministre Alain Griset, toujours pas de textes d&#8217;application&#8230; A vos nombreux mails je sens l&#8217;inqui\u00e9tude l\u00e9gitime, souvent une&#8230;<\/p>\n","protected":false},"author":2,"featured_media":0,"comment_status":"closed","ping_status":"open","sticky":false,"template":"","format":"standard","meta":{"_mi_skip_tracking":false,"_monsterinsights_sitenote_active":false,"_monsterinsights_sitenote_note":"","_monsterinsights_sitenote_category":0},"categories":[97,1,147],"tags":[],"_links":{"self":[{"href":"https:\/\/sndll.info\/index.php?rest_route=\/wp\/v2\/posts\/3330"}],"collection":[{"href":"https:\/\/sndll.info\/index.php?rest_route=\/wp\/v2\/posts"}],"about":[{"href":"https:\/\/sndll.info\/index.php?rest_route=\/wp\/v2\/types\/post"}],"author":[{"embeddable":true,"href":"https:\/\/sndll.info\/index.php?rest_route=\/wp\/v2\/users\/2"}],"replies":[{"embeddable":true,"href":"https:\/\/sndll.info\/index.php?rest_route=%2Fwp%2Fv2%2Fcomments&post=3330"}],"version-history":[{"count":4,"href":"https:\/\/sndll.info\/index.php?rest_route=\/wp\/v2\/posts\/3330\/revisions"}],"predecessor-version":[{"id":3627,"href":"https:\/\/sndll.info\/index.php?rest_route=\/wp\/v2\/posts\/3330\/revisions\/3627"}],"wp:attachment":[{"href":"https:\/\/sndll.info\/index.php?rest_route=%2Fwp%2Fv2%2Fmedia&parent=3330"}],"wp:term":[{"taxonomy":"category","embeddable":true,"href":"https:\/\/sndll.info\/index.php?rest_route=%2Fwp%2Fv2%2Fcategories&post=3330"},{"taxonomy":"post_tag","embeddable":true,"href":"https:\/\/sndll.info\/index.php?rest_route=%2Fwp%2Fv2%2Ftags&post=3330"}],"curies":[{"name":"wp","href":"https:\/\/api.w.org\/{rel}","templated":true}]}}