{"id":3412,"date":"2020-08-19T18:19:29","date_gmt":"2020-08-19T16:19:29","guid":{"rendered":"http:\/\/pjcrpry.cluster031.hosting.ovh.net\/?p=3412"},"modified":"2020-09-12T10:42:10","modified_gmt":"2020-09-12T08:42:10","slug":"le-registre-unique-du-personnel-obligations","status":"publish","type":"post","link":"https:\/\/sndll.info\/?p=3412","title":{"rendered":"LE REGISTRE UNIQUE DU PERSONNEL: OBLIGATIONS !"},"content":{"rendered":"<p>Bonjour chers amis,<\/p>\n<p>Histoire de changer mais de toujours s&#8217;\u00e9clater (?!!!) un article qui n&#8217;a rien \u00e0 voir avec la crise (demain on reprendra, si si &#8230;) que notre service social m&#8217;a sugg\u00e9r\u00e9. Sans doute pense-t-on que vous avez du temps et qu&#8217;il faut l&#8217;occuper utilement &#8230; donc voici cette fiche technique.<\/p>\n<p>Bon courage \u00e0 tous et \u00e0 demain,<\/p>\n<p>&nbsp;<\/p>\n<p>Patrick MALVA\u00cbS<\/p>\n<div class=\"gE iv gt\"><\/div>\n<div id=\":ol\">\n<div class=\"utdU2e\"><\/div>\n<div class=\"lQs8Hd\"><span style=\"color: #ff00ff;\"><strong>Le registre unique du personnel est un document qui permet l&#8217;identification des emplois dans chaque \u00e9tablissement. Explications &#8230;<\/strong><\/span><\/div>\n<div class=\"btm\"><\/div>\n<\/div>\n<div class=\"\">\n<div class=\"aHl\"><\/div>\n<div id=\":or\" tabindex=\"-1\"><\/div>\n<div id=\":om\" class=\"ii gt\">\n<div id=\":oq\" class=\"a3s aXjCH \">\n<div dir=\"ltr\">\n<div id=\"m_623857724360522186gmail-block-economie-page-title\">\n<h1><strong style=\"font-size: 36px; letter-spacing: 0.05em;\"><span style=\"color: #0000ff;\">Quels sont les employeurs concern\u00e9s par le registre unique du personnel ?<\/span><\/strong><\/h1>\n<\/div>\n<div id=\"m_623857724360522186gmail-block-economie-content\">\n<p>Tous les employeurs sont concern\u00e9s par la tenue du registre unique du personnel, peu importe leur taille sauf 2 exceptions\u00a0:<\/p>\n<ul>\n<li>les associations ayant recours au ch\u00e8que emploi associatif<\/li>\n<li>les particuliers employeurs<\/li>\n<\/ul>\n<h2><strong><span style=\"color: #0000ff;\">Quels salari\u00e9s enregistrer sur le registre unique du personnel\u00a0?<\/span><\/strong><\/h2>\n<p>L\u2019obligation d\u2019enregistrement au registre unique du personnel intervient d\u00e8s l\u2019embauche du salari\u00e9 et constitue une obligation pour l\u2019employeur. Il est n\u00e9cessaire d\u2019enregistrer les salari\u00e9s suivants\u00a0:<\/p>\n<ul>\n<li>les salari\u00e9s en contrat d\u00e9termin\u00e9 ou ind\u00e9termin\u00e9<\/li>\n<li>les salari\u00e9s de nationalit\u00e9 \u00e9trang\u00e8re<\/li>\n<li>les stagiaires<\/li>\n<li>les jeunes travailleurs titulaires d\u2019un\u00a0<a href=\"https:\/\/www.economie.gouv.fr\/entreprises\/aides-employeur-embauche-emploi\" target=\"_blank\" rel=\"noopener noreferrer\" data-saferedirecturl=\"https:\/\/www.google.com\/url?q=https:\/\/www.economie.gouv.fr\/entreprises\/aides-employeur-embauche-emploi&amp;source=gmail&amp;ust=1597142985682000&amp;usg=AFQjCNGWBwcNUjNWmog4WW0lGMY__C7RVw\">contrat d\u2019apprentissage ou de professionnalisation<\/a><\/li>\n<li>les personnes volontaires en service civique<\/li>\n<li>les salari\u00e9s envoy\u00e9s dans l\u2019entreprise par des agences de travail temporaire<\/li>\n<li>les travailleurs \u00e0 domicile<\/li>\n<\/ul>\n<div>\n<p>Concernant les stagiaires<\/p>\n<p>Les stagiaires de l\u2019\u00e9tablissement doivent voir leur noms et pr\u00e9noms inscrits dans une partie sp\u00e9cifique du registre unique du personnel selon leur ordre d\u2019arriv\u00e9e.<\/p>\n<\/div>\n<h2><strong><span style=\"color: #0000ff;\">Registre unique du personnel : quelles sont les informations obligatoires\u00a0?<\/span><\/strong><\/h2>\n<p>L\u2019employeur doit faire figurer sur le\u00a0<strong>registre unique du personnel\u00a0<\/strong>un certain nombre d\u2019informations sur le salari\u00e9 et ce, d\u00e8s son arriv\u00e9e. Il s\u2019agit des \u00e9l\u00e9ments suivants\u00a0:<\/p>\n<h3><span style=\"color: #ff00ff;\">L&#8217;identit\u00e9 du salari\u00e9<\/span><\/h3>\n<ul>\n<li>la nationalit\u00e9<\/li>\n<li>la date de naissance<\/li>\n<li><span style=\"color: #000000;\">le sexe<\/span><\/li>\n<\/ul>\n<h3><strong><span style=\"color: #ff00ff;\">Les informations sur la nature du poste<\/span><\/strong><\/h3>\n<ul>\n<li>l&#8217;emploi<\/li>\n<li>la qualification<\/li>\n<li>les dates d&#8217;entr\u00e9e et de sortie de l&#8217;\u00e9tablissement<\/li>\n<li>lorsqu&#8217;une autorisation d&#8217;embauche ou de licenciement est requise, la date de cette autorisation ou, \u00e0 d\u00e9faut, la date de la demande d&#8217;autorisation<\/li>\n<li>pour les travailleurs \u00e9trangers assujettis \u00e0 la possession d&#8217;un titre autorisant l&#8217;exercice d&#8217;une activit\u00e9 salari\u00e9e, le type et le num\u00e9ro d&#8217;ordre du titre valant autorisation de travail<\/li>\n<\/ul>\n<h3><strong><span style=\"color: #ff00ff;\">Le type de contrat<\/span><\/strong><\/h3>\n<ul>\n<li>pour les travailleurs titulaires d&#8217;un contrat de travail \u00e0 dur\u00e9e d\u00e9termin\u00e9e, la mention \u00ab contrat \u00e0 dur\u00e9e d\u00e9termin\u00e9e \u00bb<\/li>\n<li>pour les salari\u00e9s temporaires, la mention \u00ab salari\u00e9 temporaire \u00bb ainsi que le nom et l&#8217;adresse de l&#8217;entreprise de travail temporaire<\/li>\n<li>pour les travailleurs mis \u00e0 disposition par un groupement d&#8217;employeurs, la mention \u00ab mis \u00e0 disposition par un groupement d&#8217;employeurs \u00bb ainsi que la d\u00e9nomination et l&#8217;adresse de ce dernier<\/li>\n<li>pour les salari\u00e9s \u00e0 temps partiel, la mention \u00ab salari\u00e9 \u00e0 temps partiel \u00bb<\/li>\n<li>pour les jeunes travailleurs titulaires d&#8217;un contrat d&#8217;apprentissage ou de professionnalisation, la mention \u00ab\u00a0apprenti\u00a0\u00bb ou \u00ab contrat de professionnalisation\u00a0\u00bb<\/li>\n<\/ul>\n<p>Ces informations doivent \u00eatre actualis\u00e9es \u00e0 chaque contrat, m\u00eame s\u2019il s\u2019agit de contrats successifs. Ainsi, si un salari\u00e9 effectue plusieurs contrats dans l\u2019entreprise, chacun de ses contrats devra faire l\u2019objet d\u2019une ligne propre dans le registre unique du personnel.<\/p>\n<p>\u00c0 noter que les informations sur les salari\u00e9s doivent \u00eatre enregistr\u00e9es par ordre chronologique d\u2019embauche et \u00eatre conserv\u00e9es pendant au moins 5 ans.<\/p>\n<div>\n<p>Aucune forme particuli\u00e8re n\u2019est stipul\u00e9 concernant la tenue du registre unique du personnel.<\/p>\n<p>Le registre peut \u00eatre sous forme informatique ou sous format papier. Le support utilis\u00e9 doit offrir des garanties de contr\u00f4le \u00e9quivalentes au support papier.<\/p>\n<\/div>\n<h2><span style=\"color: #0000ff;\"><strong>Registre unique du personnel : quelles sanctions en cas de non-respect\u00a0?<\/strong><\/span><\/h2>\n<p>Si vous n\u2019avez\u00a0<strong>pas de registre unique du personnel<\/strong>, ou bien s\u2019il est erron\u00e9 ou incomplet, vous risquez une contravention de\u00a0<strong>1\u00a0500\u00a0\u20ac \u00e0 3\u00a0000\u00a0\u20ac<\/strong>\u00a0en cas de r\u00e9cidive.<\/p>\n<p>Par ailleurs, vous vous exposez \u00e0 une contravention de\u00a0<strong>450\u00a0\u20ac en cas de non-pr\u00e9sentation du registre unique du personnel \u00e0 l\u2019inspection du travail<\/strong>.<\/p>\n<p>&nbsp;<\/p>\n<\/div>\n<\/div>\n<\/div>\n<\/div>\n<\/div>\n","protected":false},"excerpt":{"rendered":"<p>Bonjour chers amis, Histoire de changer mais de toujours s&#8217;\u00e9clater (?!!!) un article qui n&#8217;a rien \u00e0 voir avec la crise (demain on reprendra, si si &#8230;) que notre service social m&#8217;a sugg\u00e9r\u00e9. Sans&#8230;<\/p>\n","protected":false},"author":2,"featured_media":0,"comment_status":"closed","ping_status":"open","sticky":false,"template":"","format":"standard","meta":{"_mi_skip_tracking":false,"_monsterinsights_sitenote_active":false,"_monsterinsights_sitenote_note":"","_monsterinsights_sitenote_category":0},"categories":[1,9],"tags":[],"_links":{"self":[{"href":"https:\/\/sndll.info\/index.php?rest_route=\/wp\/v2\/posts\/3412"}],"collection":[{"href":"https:\/\/sndll.info\/index.php?rest_route=\/wp\/v2\/posts"}],"about":[{"href":"https:\/\/sndll.info\/index.php?rest_route=\/wp\/v2\/types\/post"}],"author":[{"embeddable":true,"href":"https:\/\/sndll.info\/index.php?rest_route=\/wp\/v2\/users\/2"}],"replies":[{"embeddable":true,"href":"https:\/\/sndll.info\/index.php?rest_route=%2Fwp%2Fv2%2Fcomments&post=3412"}],"version-history":[{"count":2,"href":"https:\/\/sndll.info\/index.php?rest_route=\/wp\/v2\/posts\/3412\/revisions"}],"predecessor-version":[{"id":3571,"href":"https:\/\/sndll.info\/index.php?rest_route=\/wp\/v2\/posts\/3412\/revisions\/3571"}],"wp:attachment":[{"href":"https:\/\/sndll.info\/index.php?rest_route=%2Fwp%2Fv2%2Fmedia&parent=3412"}],"wp:term":[{"taxonomy":"category","embeddable":true,"href":"https:\/\/sndll.info\/index.php?rest_route=%2Fwp%2Fv2%2Fcategories&post=3412"},{"taxonomy":"post_tag","embeddable":true,"href":"https:\/\/sndll.info\/index.php?rest_route=%2Fwp%2Fv2%2Ftags&post=3412"}],"curies":[{"name":"wp","href":"https:\/\/api.w.org\/{rel}","templated":true}]}}