{"id":3481,"date":"2020-08-14T13:58:03","date_gmt":"2020-08-14T11:58:03","guid":{"rendered":"http:\/\/pjcrpry.cluster031.hosting.ovh.net\/?p=3481"},"modified":"2020-08-22T11:36:42","modified_gmt":"2020-08-22T09:36:42","slug":"lhumour-de-bercy","status":"publish","type":"post","link":"https:\/\/sndll.info\/?p=3481","title":{"rendered":"L&#8217;humour de Bercy &#8230; Estimer le co\u00fbt d&#8217;une embauche"},"content":{"rendered":"<p>Chers amis, chers confr\u00e8res,<\/p>\n<p><strong><span style=\"color: #0000ff;\">Voil\u00e0 les 3 semaines sont pass\u00e9es et comme la soeur Anne, dans Barbe bleue, nous ne voyons rien venir &#8230;<\/span><\/strong> mais si \u00e7a vient comme en attestent nos pr\u00e9c\u00e9dentes publications. Ce sera lundi ou &#8230;<\/p>\n<p>L\u00e0, nous verrons enfin: &#8220;&#8230;l&#8217;herbe qui verdoie&#8221; (toujours Barbe bleue de Charles Perrault). <strong><span style=\"color: #ff00ff;\">Pourvu, d&#8217;ailleurs, que ce ne soit pas un conte &#8230;<\/span><\/strong><\/p>\n<p><strong><span style=\"color: #0000ff;\">Bercy,<\/span><\/strong> si\u00e8ge du Minist\u00e8re de l&#8217;\u00e9conomie,<span style=\"color: #0000ff;\"> <strong>est tellement &#8220;s\u00fbr de son coup&#8221;<\/strong><\/span> et optimiste (\u00e0 moins qu&#8217;il ne soit inconscient ou provocateur ?!) <strong><span style=\"color: #0000ff;\">qu&#8217;il a publi\u00e9<\/span><\/strong> dans ses documents internes (je suis maso, je les lis tous !) <strong><span style=\"color: #0000ff;\">une information sur les embauches<\/span><\/strong> (ne riez pas !) qui pourra vous \u00eatre utile &#8230; plus tard ! C&#8217;est un outil qui permet de calculer ce que co\u00fbte l&#8217;embauche d&#8217;un salari\u00e9 tout compris, soit son co\u00fbt total pour l&#8217;entreprise.<\/p>\n<p><strong><span style=\"color: #ff00ff;\">J&#8217;ai repris l&#8217;info et le moteur de calcul<\/span> <\/strong>que je vous livre. A garder, on ne sait jamais.<\/p>\n<p>Oui je sais: l\u00e0, en ce moment, on est plus sur le ch\u00f4mage partiel ou total, mais j&#8217;ai d\u00e9cid\u00e9 d&#8217;\u00eatre optimiste. Ne m&#8217;en veuillez pas, non ?!<\/p>\n<p>Et puis si on doit tous se recycler, il est utile de savoir ce que l&#8217;on va co\u00fbter \u00e0 une entreprise qui nous embauche. Et puis, \u00e0 l&#8217;heure actuelle on ne fait pas un euro de recette mais on peut calculer ce que l&#8217;on ne d\u00e9pense plus pour nos salari\u00e9s ! Consolation. Ce peut \u00eatre utile aussi si on doit faire un business plan pour d\u00e9marrer une autre activit\u00e9.<\/p>\n<p>Bon j&#8217;arr\u00eate mon humour (nerveux, il faut le reconna\u00eetre, toujours ce besoin de d\u00e9foulement !) et vous &#8220;livre&#8221; le document:<\/p>\n<div id=\"gmail-block-economie-content\" class=\"gmail-block gmail-block-system gmail-block-system-main-block\">\n<article class=\"gmail-node gmail-node--type-article gmail-node--view-mode-full entreprise\" role=\"article\">\n<div id=\"gmail-block-economie-content\" class=\"gmail-block gmail-block-system gmail-block-system-main-block\">\n<article class=\"gmail-node gmail-node--type-article gmail-node--view-mode-full entreprise\" role=\"article\">\n<div class=\"gmail-node__content\">\n<div class=\"gmail-field gmail-field--name-field-paragraphes gmail-field--type-entity-reference-revisions gmail-field--label-hidden gmail-field__items\">\n<div class=\"gmail-field__item\">\n<div class=\"gmail-paragraph gmail-paragraph--type--contenu-libre gmail-paragraph--view-mode--default\">\n<div class=\"gmail-clearfix gmail-text-formatted gmail-field gmail-field--name-field-contenu-libre gmail-field--type-text-long gmail-field--label-hidden gmail-field__item\">\n<h2><span style=\"color: #ff00ff;\">Estimez le co\u00fbt d&#8217;une embauche\u00a0<\/span><\/h2>\n<p>Le simulateur vous permet d&#8217;<strong>\u00e9valuer rapidement le co\u00fbt d&#8217;une embauche<\/strong>, en vous renseignant sur le\u00a0<strong>salaire net mensuel<\/strong>\u00a0de votre futur employ\u00e9 et le\u00a0<strong>co\u00fbt total<\/strong>\u00a0que cela repr\u00e9sente pour votre entreprise.<\/p>\n<p>Vous devez commencer par indiquer, au choix :<\/p>\n<p><strong>1 salaire brut<\/strong><\/p>\n<p><strong>1 salaire net<\/strong><\/p>\n<p><strong>1 salaire net d&#8217;imp\u00f4t<\/strong><\/p>\n<ul>\n<li><strong><a class=\"gmail-btn--primary ext\" title=\"\u00ab mon-entreprise.fr \u00bb dans une nouvelle fen\u00eatre\" href=\"https:\/\/mon-entreprise.fr\/simulateurs\/salari%C3%A9\" target=\"_blank\" rel=\"noopener noreferrer\">Simulateur de co\u00fbt d&#8217;embauche<\/a><\/strong><\/li>\n<\/ul>\n<p>Taper sur le texte pour avoir le lien<\/p>\n<p>Les cotisation sociales:<\/p>\n<p>Le simulateur vous permet \u00e9galement\u00a0<strong>de d\u00e9couvrir le d\u00e9tail de toutes les cotisations (part employeur et salari\u00e9)<\/strong>.<\/p>\n<p class=\"gmail-titre-bleu-1\">Le surco\u00fbt du CDD:<\/p>\n<p>Pour calculer le surco\u00fbt li\u00e9 \u00e0 l&#8217;embauche d&#8217;un CDD, vous devez\u00a0<strong>cliquer sur &#8220;Affiner le calcul&#8221; et choisir &#8220;CDD&#8221;<\/strong>. Le simulateur vous permet d&#8217;estimer, dans le d\u00e9tail des cotisations, le montant de la\u00a0<strong>prime de fin de contrat<\/strong>\u00a0du salari\u00e9.<\/p>\n<p class=\"gmail-titre-bleu-1\">Les autres crit\u00e8res pris en compte:<\/p>\n<p>Temps partiel, cadre ou non cadre, montant de la compl\u00e9mentaire sant\u00e9&#8230;\u00a0<strong>En cliquant sur &#8220;Affiner le calcul&#8221;, le simulateur vous permet d&#8217;int\u00e9grer un grand nombre de crit\u00e8res !<\/strong><\/p>\n<p class=\"gmail-titre-bleu-1\">Les aides employeur dans le cadre d&#8217;une embauche:<\/p>\n<p>Le site\u00a0<a class=\"ext\" title=\"\u00ab http:\/\/www.aides-entreprises.fr\/ \u00bb dans une nouvelle fen\u00eatre\" href=\"http:\/\/www.aides-entreprises.fr\/\" target=\"_blank\" rel=\"noopener noreferrer\">aides-entreprises.fr<\/a>\u00a0vous renseigne sur la nature et le montant des aides auxquelles vous pouvez avoir droit dans le cadre d&#8217;une embauche notamment<strong>.<\/strong><\/p>\n<p><strong><span style=\"color: #ff00ff;\">Je pr\u00e9cise:<\/span> <\/strong>ces aides, elles non plus, ne sont pas fictives !..<\/p>\n<p>Cela fait du bien de se projeter, non ?<\/p>\n<p><strong><span style=\"color: #0000ff;\">Surtout, gardez le moral et gardez confiance en vos repr\u00e9sentants. <\/span><\/strong><\/p>\n<p><strong><span style=\"color: #ff00ff;\">Apr\u00e8s avoir r\u00e9gl\u00e9 l&#8217;actuel &#8220;retard \u00e0 l&#8217;allumage&#8221; nous devons assurer le red\u00e9marrage et m\u00eame les meilleures r\u00e9parations si nous devons encore &#8220;rester un peu au stand&#8221; pour filer l&#8217;image de la course auto. Mieux que les 24 heures du Mans, les 24 jours de Bercy ! Faut le vivre.<\/span><\/strong><\/p>\n<p>Bien cordialement,<\/p>\n<p>Patrick MALVA\u00cbS<\/p>\n<\/div>\n<\/div>\n<\/div>\n<\/div>\n<\/div>\n<\/article>\n<\/div>\n<div class=\"gmail-node__content\">\n<div class=\"gmail-field gmail-field--name-field-paragraphes gmail-field--type-entity-reference-revisions gmail-field--label-hidden gmail-field__items\">\n<div class=\"gmail-field__item\">\n<div class=\"gmail-paragraph gmail-paragraph--type--contenu-libre gmail-paragraph--view-mode--default\">\n<div class=\"gmail-clearfix gmail-text-formatted gmail-field gmail-field--name-field-contenu-libre gmail-field--type-text-long gmail-field--label-hidden gmail-field__item small-body styled-subtitle\"><\/div>\n<\/div>\n<\/div>\n<\/div>\n<\/div>\n<\/article>\n<\/div>\n","protected":false},"excerpt":{"rendered":"<p>Chers amis, chers confr\u00e8res, Voil\u00e0 les 3 semaines sont pass\u00e9es et comme la soeur Anne, dans Barbe bleue, nous ne voyons rien venir &#8230; mais si \u00e7a vient comme en attestent nos pr\u00e9c\u00e9dentes publications&#8230;.<\/p>\n","protected":false},"author":2,"featured_media":0,"comment_status":"closed","ping_status":"open","sticky":false,"template":"","format":"standard","meta":{"_mi_skip_tracking":false,"_monsterinsights_sitenote_active":false,"_monsterinsights_sitenote_note":"","_monsterinsights_sitenote_category":0},"categories":[147,9],"tags":[],"_links":{"self":[{"href":"https:\/\/sndll.info\/index.php?rest_route=\/wp\/v2\/posts\/3481"}],"collection":[{"href":"https:\/\/sndll.info\/index.php?rest_route=\/wp\/v2\/posts"}],"about":[{"href":"https:\/\/sndll.info\/index.php?rest_route=\/wp\/v2\/types\/post"}],"author":[{"embeddable":true,"href":"https:\/\/sndll.info\/index.php?rest_route=\/wp\/v2\/users\/2"}],"replies":[{"embeddable":true,"href":"https:\/\/sndll.info\/index.php?rest_route=%2Fwp%2Fv2%2Fcomments&post=3481"}],"version-history":[{"count":5,"href":"https:\/\/sndll.info\/index.php?rest_route=\/wp\/v2\/posts\/3481\/revisions"}],"predecessor-version":[{"id":3619,"href":"https:\/\/sndll.info\/index.php?rest_route=\/wp\/v2\/posts\/3481\/revisions\/3619"}],"wp:attachment":[{"href":"https:\/\/sndll.info\/index.php?rest_route=%2Fwp%2Fv2%2Fmedia&parent=3481"}],"wp:term":[{"taxonomy":"category","embeddable":true,"href":"https:\/\/sndll.info\/index.php?rest_route=%2Fwp%2Fv2%2Fcategories&post=3481"},{"taxonomy":"post_tag","embeddable":true,"href":"https:\/\/sndll.info\/index.php?rest_route=%2Fwp%2Fv2%2Ftags&post=3481"}],"curies":[{"name":"wp","href":"https:\/\/api.w.org\/{rel}","templated":true}]}}