{"id":3492,"date":"2020-08-15T04:46:47","date_gmt":"2020-08-15T02:46:47","guid":{"rendered":"http:\/\/pjcrpry.cluster031.hosting.ovh.net\/?p=3492"},"modified":"2020-09-12T10:42:57","modified_gmt":"2020-09-12T08:42:57","slug":"enfin-il-est-ne-a-3-heures-du-matin","status":"publish","type":"post","link":"https:\/\/sndll.info\/?p=3492","title":{"rendered":"ENFIN ! Il est n\u00e9 \u00e0 3 h du matin&#8230;Le D\u00e9cret"},"content":{"rendered":"<p>Chers amis, chers confr\u00e8res,<\/p>\n<p>Le 15 Ao\u00fbt, pour les chr\u00e9tiens est un jour b\u00e9ni (Assomption de la vierge) et c&#8217;est la Saint Napol\u00e9on \u00e9galement . Imp\u00e9rial !<\/p>\n<p>Sans tarder, comme promis, je vous communique ci-dessous le <strong><span style=\"color: #0000ff;\">D\u00e9cret N\u00b0 2020-1049 du 14 Ao\u00fbt &#8220;adaptant pour les discoth\u00e8ques certaines dispositions du d\u00e9cret N\u00b0 2020-371 du 30 Mars 2020 relatif au fonds de solidarit\u00e9 \u00e0 destination des entreprises particuli\u00e8rement touch\u00e9es par les cons\u00e9quences \u00e9conomiques, financi\u00e8res et sociales de la propagation de l&#8217;\u00e9pid\u00e9mie de covid-19 et des mesure prises pour limiter cette propagation.&#8221;<\/span><\/strong><\/p>\n<p>Ce texte est<span style=\"color: #0000ff;\"><strong> applicable dans 24 heures<\/strong> <\/span>soit demain matin 16 Ao\u00fbt 2020. Il ne concerne que la p\u00e9riode de Juin \u00e0 Ao\u00fbt inclus.<\/p>\n<p>Il <strong><span style=\"color: #0000ff;\">confirme ce que nous vous avions indiqu\u00e9.<\/span><\/strong> En cela, il nous rassure !<\/p>\n<p>Sont concern\u00e9s les \u00e9tablissements de <strong><span style=\"color: #0000ff;\">type P faisant l&#8217;objet d&#8217;une interdiction<\/span><\/strong> d&#8217;accueil du public. A compter du mois de Juin 2020. (article 1)<\/p>\n<p>&#8220;La demande d&#8217;aide &#8230; est r\u00e9alis\u00e9e par voie d\u00e9mat\u00e9rialis\u00e9e dans un d\u00e9lai de 3 mois apr\u00e8s la fin de la p\u00e9riode mensuelle au titre de laquelle l&#8217;aide financi\u00e8re est demand\u00e9e.&#8221; (article 3 \u00a7 &#8220;) En clair, par exemple, les aides de Juin peuvent \u00eatre demand\u00e9es jusque fin septembre.<\/p>\n<p>Les &#8220;guichets&#8221; seront les m\u00eames que dans le dispositif pr\u00e9c\u00e9dent.<\/p>\n<p>Est <span style=\"color: #ff00ff;\"><strong>supprim\u00e9\u00a0 (forte demande du SNDLL)<\/strong><\/span> le 7\u00b0 de l&#8217;article 1 er du D\u00e9cret du 30 Mars (qui a cr\u00e9\u00e9 le fonds de soutien sous certaines conditions) qui imposait <span style=\"color: #ff00ff;\"><strong>que les entreprises ne soient pas contr\u00f4l\u00e9es par une soci\u00e9t\u00e9 commerciale<\/strong><\/span> au sens de l&#8217;article L 233-3 du Code de Commerce. Satisfaction. Clause supprim\u00e9e \u00e0 partir de JUIN 2020.<\/p>\n<p>Sont supprim\u00e9s dans le m\u00eame d\u00e9cret initial les articles 3-5, 3-6, 3-8, 3-9 et 4 qui sont remplac\u00e9s par les articles 2 et 4 du nouveau D\u00e9cret. En clair les clauses qui imposaient d&#8217;avoir moins de 10 salari\u00e9s, de ne pas \u00eatre en soci\u00e9t\u00e9s regroup\u00e9es, de r\u00e9aliser un CA limite etc&#8230;sont annul\u00e9es.<\/p>\n<p><strong><span style=\"color: #ff00ff;\">Toutes les entreprises qui ont subi une une perte de C.A. sup\u00e9rieure ou \u00e9gale \u00e0\u00a0 1 500 \u20ac per\u00e7oivent une subvention d&#8217;un montant forfaitaire de 1 500 \u20ac.<\/span><\/strong> A compter de JUIN. Cette somme s&#8217;analyse en une <strong><span style=\"color: #0000ff;\">subvention<\/span> <\/strong>destin\u00e9e \u00e0 compenser la perte de C.A. En clair: <strong><span style=\"color: #0000ff;\">non imposable ..<\/span><span style=\"color: #0000ff;\">. <\/span><\/strong>Le dirigeant (le &#8220;majoritaire&#8221; s&#8217;il y a soci\u00e9t\u00e9) ne doit pas jouir d&#8217;un contrat de travail \u00e0 temps complet (\u00e9viter le t\u00e9lescopage avec le b\u00e9n\u00e9fice du ch\u00f4mage partiel) et n&#8217;avoir pas b\u00e9n\u00e9fici\u00e9 de revenus (retraite ou indemnit\u00e9s de SS) pour un montant sup\u00e9rieur \u00e0 1 500 \u20ac. Il faut toujours avoir commenc\u00e9 l&#8217;activit\u00e9 avant le 10 Mars 2020.<\/p>\n<p><strong>Des textes d&#8217;application vont suivre<\/strong>, le D\u00e9cret donnant le dispositif g\u00e9n\u00e9ral arbitr\u00e9 par le Premier Ministre, \u00e0 charge aux Ministres d&#8217;en assurer l&#8217;ex\u00e9cution.<\/p>\n<p>Quant \u00e0 nos services (il est moins de 4 heures du matin !) ils suivront le d\u00e9tail des demandes d&#8217;aide compl\u00e9mentaire plafonn\u00e9e \u00e0 45 000 \u20ac sur les 3 mois, mais rien ne parait &#8220;choquant&#8221;. <strong><span style=\"color: #ff00ff;\">Les justificatifs seront :<\/span><\/strong><\/p>\n<ul>\n<li>une d\u00e9claration sur l&#8217;honneur qu&#8217;on remplit les conditions<\/li>\n<li>une d\u00e9claration si l&#8217;entreprise \u00e9tait en difficult\u00e9 au 31 d\u00e9cembre 2019<\/li>\n<li>une description succincte de sa situation avec plan de tr\u00e9sorerie \u00e0 30 jours<\/li>\n<li>une description d l&#8217;activit\u00e9 et une attestation sur l&#8217;honneur que l&#8217;activit\u00e9 principale est de type P<\/li>\n<\/ul>\n<p>Voil\u00e0 chers confr\u00e8res, pr\u00e9venez vos comptables et vos Conseillers. Je vous joins le texte :\u00a0 \u00a0 \u00a0 \u00a0 1\u00b0) en entier\u00a0 \u00a0 \u00a0 \u00a02\u00b0) en permalien<\/p>\n<p>Je tiens \u00e0 vous remercier de votre confiance, de votre patience;<\/p>\n<p>Je tiens, surtout aujourd&#8217;hui \u00e0 remercier le chef du gouvernement et le Ministre Alain GRISET pour le respect des engagements, le respect de la parole donn\u00e9e et pour la prise en compte d&#8217;une grande partie de nos derni\u00e8res demandes.<\/p>\n<p><strong><span style=\"color: #0000ff;\">J&#8217;ajoute un mot: septembre, c&#8217;est demain. On se revoit quand ? Nous, nous sommes pr\u00eats, Il y a urgence Monsieur le Ministre !<\/span><\/strong><\/p>\n<p>Cordialement \u00e0 tous,<\/p>\n<p>&nbsp;<\/p>\n<p>Patrick MALVA\u00cbS<\/p>\n<p>&nbsp;<\/p>\n<div id=\"decretlien\" class=\"head-code-page\">\n<h1 class=\"main-title-light\">D\u00e9cret n\u00b0 2020-1049 du 14 ao\u00fbt\u00a0 \u00a0NOR : ECOI2021099D<\/h1>\n<p><span class=\"word-break-all\">ELI : https:\/\/beta.legifrance.gouv.fr\/eli\/decret\/2020\/8\/14\/ECOI2021099D\/jo\/texte<br \/>\n<\/span><span class=\"word-break-all\">Alias : https:\/\/beta.legifrance.gouv.fr\/eli\/decret\/2020\/8\/14\/2020-1049\/jo\/texte<br \/>\n<\/span><span class=\"word-break-all\"><a href=\"https:\/\/beta.legifrance.gouv.fr\/jorf\/jo\/2020\/08\/15\/0200\">JORF n\u00b00200 du 15 ao\u00fbt 2020<br \/>\n<\/a><\/span>Texte n\u00b0 21<\/p>\n<\/div>\n<div id=\"stickyScrollDefault\"><\/div>\n<div class=\"vigor-title version\">Version initiale<\/div>\n<div class=\"page-content\">\n<div class=\"summary-preface\">\n<p align=\"left\">Publics concern\u00e9s : entreprises (discoth\u00e8ques) particuli\u00e8rement touch\u00e9es par les cons\u00e9quences \u00e9conomiques, financi\u00e8res et sociales de la propagation de l&#8217;\u00e9pid\u00e9mie de covid-19 et des mesures prises pour limiter cette propagation en raison de l&#8217;interdiction d&#8217;accueil du public depuis le mois de mars 2020.<br \/>\nObjet : adaptation, pour les discoth\u00e8ques, de certaines dispositions du fonds de solidarit\u00e9 \u00e0 destination des entreprises particuli\u00e8rement touch\u00e9es par les cons\u00e9quences \u00e9conomiques, financi\u00e8res et sociales de la propagation de l&#8217;\u00e9pid\u00e9mie de covid-19 et des mesures prises pour limiter cette propagation.<br \/>\nEntr\u00e9e en vigueur : le texte entre en vigueur le lendemain de sa publication.<br \/>\nNotice : le d\u00e9cret adapte, pour les discoth\u00e8ques, certaines dispositions du\u00a0<a title=\"D\u00e9cret n\u00b02020-371 du 30 mars 2020 (V)\" href=\"https:\/\/beta.legifrance.gouv.fr\/affichTexte.do?cidTexte=JORFTEXT000041768315&amp;categorieLien=cid\">d\u00e9cret n\u00b0 2020-371 du 30 mars 2020<\/a>\u00a0relatif au fonds de solidarit\u00e9 \u00e0 destination des entreprises particuli\u00e8rement touch\u00e9es par les cons\u00e9quences \u00e9conomiques, financi\u00e8res et sociales de la propagation de l&#8217;\u00e9pid\u00e9mie de covid-19 et des mesures prises pour limiter cette propagation. Pour les aides vers\u00e9es au titre des mois de juin, juillet et ao\u00fbt, les discoth\u00e8ques sont \u00e9ligibles au fonds de solidarit\u00e9 sans condition d&#8217;effectif, de chiffre d&#8217;affaires et de b\u00e9n\u00e9fice imposable. Le volet 2 du fonds de solidarit\u00e9 est renforc\u00e9 : l&#8217;aide devient mensuelle et son montant mensuel maximum est de 15 000 \u20ac.<br \/>\nR\u00e9f\u00e9rences : le d\u00e9cret est pris pour l&#8217;application de l&#8217;<a title=\"Ordonnance n\u00b02020-317 du 25 mars 2020 (V)\" href=\"https:\/\/beta.legifrance.gouv.fr\/affichTexte.do?cidTexte=JORFTEXT000041755852&amp;categorieLien=cid\">ordonnance n\u00b0 2020-317 du 25 mars 2020<\/a>. Il peut \u00eatre consult\u00e9 sur le site L\u00e9gifrance (https:\/\/www.legifrance.gouv.fr).<\/p>\n<\/div>\n<div class=\"summary-preface\">\n<p align=\"left\">Le Premier ministre,<br \/>\nSur le rapport du ministre de l&#8217;\u00e9conomie, des finances et de la relance,<br \/>\nVu le r\u00e8glement (UE) n\u00b0 1407\/2013 de la Commission du 18 d\u00e9cembre 2013 relatif \u00e0 l&#8217;application des articles 107 et 108 du trait\u00e9 sur le fonctionnement de l&#8217;Union europ\u00e9enne aux aides de minimis ;<br \/>\nVu la d\u00e9cision de la Commission europ\u00e9enne du 20 avril 2020 notifi\u00e9e sous le num\u00e9ro SA.56985 autorisant le r\u00e9gime cadre temporaire pour le soutien aux entreprises dans le cadre de la flamb\u00e9e de covid-19, dont la modification a \u00e9t\u00e9 notifi\u00e9e sous le num\u00e9ro SA.57299 ;<br \/>\nVu l&#8217;<a title=\"Ordonnance n\u00b02020-317 du 25 mars 2020 (V)\" href=\"https:\/\/beta.legifrance.gouv.fr\/affichTexte.do?cidTexte=JORFTEXT000041755852&amp;categorieLien=cid\">ordonnance n\u00b0 2020-317 du 25 mars 2020<\/a>\u00a0modifi\u00e9e portant cr\u00e9ation d&#8217;un fonds de solidarit\u00e9 \u00e0 destination des entreprises particuli\u00e8rement touch\u00e9es par les cons\u00e9quences \u00e9conomiques, financi\u00e8res et sociales de la propagation de l&#8217;\u00e9pid\u00e9mie de covid-19 et des mesures prises pour limiter cette propagation ;<br \/>\nVu le\u00a0<a title=\"D\u00e9cret n\u00b02020-371 du 30 mars 2020 (V)\" href=\"https:\/\/beta.legifrance.gouv.fr\/affichTexte.do?cidTexte=JORFTEXT000041768315&amp;categorieLien=cid\">d\u00e9cret n\u00b0 2020-371 du 30 mars 2020<\/a>\u00a0modifi\u00e9 relatif au fonds de solidarit\u00e9 \u00e0 destination des entreprises particuli\u00e8rement touch\u00e9es par les cons\u00e9quences \u00e9conomiques, financi\u00e8res et sociales de la propagation de l&#8217;\u00e9pid\u00e9mie de covid-19 et des mesures prises pour limiter cette propagation,<br \/>\nD\u00e9cr\u00e8te :<\/p>\n<\/div>\n<ul class=\"code-consommation-list summary-list summary-list-headers-tag js-list-expanded folding-element\" data-on=\"Replier\" data-off=\"D\u00e9plier\">\n<li class=\"opened\" data-a=\"false\">\n<article class=\"js-child list-article-consommation\">\n<div data-a=\"false\">\n<div>\n<h4 id=\"JORFARTI000042237996-1\" class=\"name-article\" data-anchor=\"JORFARTI000042237996\"><a id=\"linkJORFARTI000042237996-1\" href=\"https:\/\/beta.legifrance.gouv.fr\/jorf\/article_jo\/JORFARTI000042237996\">Article 1<\/a><\/h4>\n<\/div>\n<div class=\"content\">\n<p>Pour les entreprises des secteurs mentionn\u00e9s \u00e0 l&#8217;annexe 1 du d\u00e9cret du 30 mars 2020 susvis\u00e9 dont l&#8217;activit\u00e9 principale est exerc\u00e9e dans des \u00e9tablissements recevant du public relevant du type P d\u00e9fini par le r\u00e8glement pris en application de l&#8217;<a title=\"Code de la construction et de l\" href=\"https:\/\/beta.legifrance.gouv.fr\/affichCodeArticle.do?cidTexte=LEGITEXT000006074096&amp;idArticle=LEGIARTI000006896100&amp;dateTexte=&amp;categorieLien=cid\">article R. 123-12 du code de la construction et de l&#8217;habitation<\/a>\u00a0faisant l&#8217;objet d&#8217;une interdiction d&#8217;accueil du public, \u00e0 compter de l&#8217;aide attribu\u00e9e au titre du mois de juin 2020, le\u00a0<a title=\"D\u00e9cret n\u00b02020-371 du 30 mars 2020 - art. 1 (M)\" href=\"https:\/\/beta.legifrance.gouv.fr\/affichTexteArticle.do?cidTexte=JORFTEXT000041768315&amp;idArticle=JORFARTI000041768319&amp;categorieLien=cid\">7\u00b0 de l&#8217;article 1er du d\u00e9cret du 30 mars 2020 susvis\u00e9<\/a>\u00a0ne s&#8217;applique pas et les articles 3-5, 3-6, 3-8, 3-9 et 4 du m\u00eame d\u00e9cret sont remplac\u00e9s par les dispositions des articles 2 \u00e0 4 du pr\u00e9sent d\u00e9cret.<\/p>\n<\/div>\n<div class=\"tabs-secondary\"><button id=\"tip-tab-liens-JORFARTI000042237996-1-button\" class=\"js-tab-secondary tabs__link ajax-load-tab-liens\" tabindex=\"0\" data-textecid=\"JORFTEXT000042237991\" data-articlecid=\"JORFARTI000042237996\" data-articleid=\"JORFARTI000042237996\" aria-expanded=\"false\" data-tip=\"tip-tab-liens-JORFARTI000042237996-1\" aria-describedby=\"JORFARTI000042237996-1\">Liens relatifs<\/button><\/div>\n<\/div>\n<\/article>\n<\/li>\n<li class=\"opened\" data-a=\"false\">\n<article class=\"js-child list-article-consommation\">\n<div data-a=\"false\">\n<div>\n<h4 id=\"JORFARTI000042238001-2\" class=\"name-article\" data-anchor=\"JORFARTI000042238001\"><a id=\"linkJORFARTI000042238001-2\" href=\"https:\/\/beta.legifrance.gouv.fr\/jorf\/article_jo\/JORFARTI000042238001\">Article 2<\/a><\/h4>\n<\/div>\n<div class=\"content\">\n<p>Les aides financi\u00e8res pr\u00e9vues \u00e0 l&#8217;article 3 attribu\u00e9es aux entreprises mentionn\u00e9es \u00e0 l&#8217;article 1er du pr\u00e9sent d\u00e9cret prennent la forme de subventions destin\u00e9es \u00e0 compenser la perte de chiffre d&#8217;affaires, subie au cours de chaque p\u00e9riode mensuelle comprise entre le 1er juin 2020 et le 31 ao\u00fbt 2020, par les entreprises qui remplissent les conditions suivantes :<br \/>\n1\u00b0 Elles ont fait l&#8217;objet d&#8217;une interdiction d&#8217;accueil du public intervenue au cours de la p\u00e9riode mensuelle consid\u00e9r\u00e9e ;<br \/>\n2\u00b0 Les personnes physiques ou, pour les personnes morales, leur dirigeant majoritaire ne sont pas titulaires, le premier jour de chaque p\u00e9riode mensuelle consid\u00e9r\u00e9e, d&#8217;un contrat de travail \u00e0 temps complet et n&#8217;ont pas b\u00e9n\u00e9fici\u00e9, au titre de la p\u00e9riode consid\u00e9r\u00e9e, de pensions de retraites ou d&#8217;indemnit\u00e9s journali\u00e8res de s\u00e9curit\u00e9 sociale pour un montant total sup\u00e9rieur \u00e0 1 500 \u20ac ;<br \/>\n3\u00b0 Elles ont d\u00e9but\u00e9 leur activit\u00e9 avant le 10 mars 2020.<\/p>\n<\/div>\n<\/div>\n<\/article>\n<\/li>\n<li class=\"opened\" data-a=\"false\">\n<article class=\"js-child list-article-consommation\">\n<div data-a=\"false\">\n<div>\n<h4 id=\"JORFARTI000042238002-3\" class=\"name-article\" data-anchor=\"JORFARTI000042238002\"><a id=\"linkJORFARTI000042238002-3\" href=\"https:\/\/beta.legifrance.gouv.fr\/jorf\/article_jo\/JORFARTI000042238002\">Article 3<\/a><\/h4>\n<\/div>\n<div class=\"content\">\n<p>Les entreprises mentionn\u00e9es \u00e0 l&#8217;article 1er du pr\u00e9sent d\u00e9cret ayant subi une perte de chiffre d&#8217;affaires sup\u00e9rieure ou \u00e9gale \u00e0 1 500 \u20ac per\u00e7oivent une subvention d&#8217;un montant forfaitaire de 1 500 \u20ac.<br \/>\nLes entreprises mentionn\u00e9es \u00e0 l&#8217;article 1er du pr\u00e9sent d\u00e9cret ayant subi une perte de chiffre d&#8217;affaires inf\u00e9rieure \u00e0 1 500 \u20ac per\u00e7oivent une subvention \u00e9gale au montant de cette perte.<br \/>\nPour les personnes physiques ayant b\u00e9n\u00e9fici\u00e9 d&#8217;une ou de plusieurs pensions de retraite ou d&#8217;indemnit\u00e9s journali\u00e8res de s\u00e9curit\u00e9 sociale au titre de la p\u00e9riode mensuelle consid\u00e9r\u00e9e et les personnes morales dont le dirigeant majoritaire a b\u00e9n\u00e9fici\u00e9 de telles pensions ou indemnit\u00e9s, le montant de la subvention est \u00e9gal \u00e0 la perte de chiffre d&#8217;affaires, le montant cumul\u00e9 de l&#8217;aide, des pensions de retraites et des indemnit\u00e9s journali\u00e8res per\u00e7ues ou \u00e0 percevoir au titre de la p\u00e9riode mensuelle consid\u00e9r\u00e9e ne pouvant toutefois exc\u00e9der 1 500 euros.<br \/>\nLa perte de chiffre d&#8217;affaires est d\u00e9finie comme la diff\u00e9rence entre, d&#8217;une part, le chiffre d&#8217;affaires au cours de la p\u00e9riode mensuelle consid\u00e9r\u00e9e et, d&#8217;autre part,<\/p>\n<p>&#8211; le chiffre d&#8217;affaires durant la m\u00eame p\u00e9riode de l&#8217;ann\u00e9e pr\u00e9c\u00e9dente ;<br \/>\n&#8211; ou, si l&#8217;entreprise le souhaite, le chiffre d&#8217;affaires mensuel moyen de l&#8217;ann\u00e9e 2019 ;<br \/>\n&#8211; ou, pour les entreprises cr\u00e9\u00e9es entre le 1er juin 2019 et le 31 janvier 2020, le chiffre d&#8217;affaires mensuel moyen sur la p\u00e9riode comprise entre la date de cr\u00e9ation de l&#8217;entreprise et le 29 f\u00e9vrier 2020 ;<br \/>\n&#8211; ou, pour les entreprises cr\u00e9\u00e9es entre le 1er f\u00e9vrier 2020 et le 29 f\u00e9vrier 2020, le chiffre d&#8217;affaires r\u00e9alis\u00e9 en f\u00e9vrier 2020 et ramen\u00e9 sur un mois ;<br \/>\n&#8211; ou, pour les entreprises cr\u00e9\u00e9es apr\u00e8s le 1er mars 2020, le chiffre d&#8217;affaires r\u00e9alis\u00e9 jusqu&#8217;au 15 mars 2020 et ramen\u00e9 sur un mois.<\/p>\n<p>La demande d&#8217;aide au titre du pr\u00e9sent article est r\u00e9alis\u00e9e par voie d\u00e9mat\u00e9rialis\u00e9e dans un d\u00e9lai de trois mois apr\u00e8s la fin de la p\u00e9riode mensuelle au titre de laquelle l&#8217;aide financi\u00e8re est demand\u00e9e.<br \/>\nLa demande est accompagn\u00e9e des justificatifs suivants :<\/p>\n<p>&#8211; une d\u00e9claration sur l&#8217;honneur attestant que l&#8217;entreprise remplit les conditions pr\u00e9vues par le pr\u00e9sent d\u00e9cret et l&#8217;exactitude des informations d\u00e9clar\u00e9es, ainsi que l&#8217;absence de dette fiscale ou sociale impay\u00e9e au 31 d\u00e9cembre 2019, \u00e0 l&#8217;exception de celles b\u00e9n\u00e9ficiant d&#8217;un plan de r\u00e8glement ;<br \/>\n&#8211; une d\u00e9claration indiquant si l&#8217;entreprise \u00e9tait en difficult\u00e9 au 31 d\u00e9cembre 2019 au sens de l&#8217;article 2 du r\u00e8glement (UE) n\u00b0 651\/2014 de la Commission du 17 juin 2014 d\u00e9clarant certaines cat\u00e9gories d&#8217;aides compatibles avec le march\u00e9 int\u00e9rieur en application des articles 107 et 108 du trait\u00e9 ;<br \/>\n&#8211; une estimation du montant de la perte de chiffre d&#8217;affaires ;<br \/>\n&#8211; le cas \u00e9ch\u00e9ant, l&#8217;indication du montant des pensions de retraite ou des indemnit\u00e9s journali\u00e8res de s\u00e9curit\u00e9 sociale per\u00e7ues ou \u00e0 percevoir au titre de la p\u00e9riode mensuelle consid\u00e9r\u00e9e ;<br \/>\n&#8211; les coordonn\u00e9es bancaires de l&#8217;entreprise.<\/p>\n<\/div>\n<\/div>\n<\/article>\n<\/li>\n<li class=\"opened\" data-a=\"false\">\n<article class=\"js-child list-article-consommation\">\n<div data-a=\"false\">\n<div>\n<h4 id=\"JORFARTI000042238003-4\" class=\"name-article\" data-anchor=\"JORFARTI000042238003\"><a id=\"linkJORFARTI000042238003-4\" href=\"https:\/\/beta.legifrance.gouv.fr\/jorf\/article_jo\/JORFARTI000042238003\">Article 4<\/a><\/h4>\n<\/div>\n<div class=\"content\">\n<p>I. &#8211; Les entreprises mentionn\u00e9es \u00e0 l&#8217;article 1er du pr\u00e9sent d\u00e9cret peuvent b\u00e9n\u00e9ficier d&#8217;une aide compl\u00e9mentaire lorsqu&#8217;elles remplissent les conditions suivantes au jour de la demande :<br \/>\n1\u00b0 Elles ont b\u00e9n\u00e9fici\u00e9 d&#8217;au moins une aide au titre de l&#8217;article 3 du pr\u00e9sent d\u00e9cret ou des\u00a0<a title=\"D\u00e9cret n\u00b02020-371 du 30 mars 2020 - art. 2 (M)\" href=\"https:\/\/beta.legifrance.gouv.fr\/affichTexteArticle.do?cidTexte=JORFTEXT000041768315&amp;idArticle=JORFARTI000041768324&amp;categorieLien=cid\">articles 2 \u00e0 3-6 du d\u00e9cret du 30 mars 2020 susvis\u00e9<\/a>\u00a0;<br \/>\n2\u00b0 Elles ont fait l&#8217;objet d&#8217;une interdiction d&#8217;accueil du public entre le 1er mars 2020 et le 31 ao\u00fbt 2020 et ont un chiffre d&#8217;affaires constat\u00e9 lors du dernier exercice clos sup\u00e9rieur ou \u00e9gal \u00e0 8 000 euros. Pour les entreprises n&#8217;ayant pas encore clos d&#8217;exercice, le chiffre d&#8217;affaires mensuel moyen sur la p\u00e9riode comprise entre la date de cr\u00e9ation de l&#8217;entreprise et le 29 f\u00e9vrier 2020 doit \u00eatre sup\u00e9rieur ou \u00e9gal \u00e0 667 euros. Pour les entreprises cr\u00e9\u00e9es apr\u00e8s le 1er mars 2020, le chiffre d&#8217;affaires r\u00e9alis\u00e9 jusqu&#8217;au 15 mars 2020 et ramen\u00e9 sur un mois doit \u00eatre sup\u00e9rieur ou \u00e9gal \u00e0 667 euros ;<br \/>\n3\u00b0 Le solde entre, d&#8217;une part, leur actif disponible et, d&#8217;autre part, leurs dettes exigibles dans les trente jours et le montant de leurs charges fixes, y compris les loyers commerciaux ou professionnels, restant \u00e0 r\u00e9gler au titre des mois de mars \u00e0 ao\u00fbt 2020, est n\u00e9gatif. Pour le calcul de ce solde, ne peuvent \u00eatre d\u00e9duites de l&#8217;actif disponible les cotisations et contributions sociales mentionn\u00e9es au\u00a0<a title=\"Code de la s\u00e9curit\u00e9 sociale. - art. L241-13 (M)\" href=\"https:\/\/beta.legifrance.gouv.fr\/affichCodeArticle.do?cidTexte=LEGITEXT000006073189&amp;idArticle=LEGIARTI000006742355&amp;dateTexte=&amp;categorieLien=cid\">I de l&#8217;article L. 241-13 du code de la s\u00e9curit\u00e9 sociale<\/a>\u00a0dues par l&#8217;entreprise au titre des \u00e9ch\u00e9ances de mars, d&#8217;avril et de mai 2020, \u00e0 l&#8217;exception des cotisations affect\u00e9es aux r\u00e9gimes de retraite compl\u00e9mentaire l\u00e9galement obligatoires, ni les cotisations et contributions de s\u00e9curit\u00e9 sociale dues, au titre des mois de mars \u00e0 ao\u00fbt 2020, par les travailleurs ind\u00e9pendants.<br \/>\nII. &#8211; Le montant de l&#8217;aide mentionn\u00e9e au I s&#8217;\u00e9l\u00e8ve :<\/p>\n<p>&#8211; \u00e0 2 000 \u20ac pour les entreprises pour lesquelles le solde mentionn\u00e9 au 3\u00b0 du I est inf\u00e9rieur, en valeur absolue, \u00e0 2 000 \u20ac ;<br \/>\n&#8211; au montant de la valeur absolue du solde mentionn\u00e9 au 3\u00b0 du I dans les autres cas.<\/p>\n<p>III. &#8211; L&#8217;aide peut \u00eatre demand\u00e9e au titre de chaque p\u00e9riode mensuelle comprise entre le 1er juin 2020 et le 31 ao\u00fbt 2020. Le montant de chacune de ces aides ne peut \u00eatre sup\u00e9rieur \u00e0 15 000 \u20ac. Pour les entreprises qui ont d\u00e9j\u00e0 per\u00e7u une aide au titre de l&#8217;<a title=\"D\u00e9cret n\u00b02020-371 du 30 mars 2020 - art. 4 (M)\" href=\"https:\/\/beta.legifrance.gouv.fr\/affichTexteArticle.do?cidTexte=JORFTEXT000041768315&amp;idArticle=JORFARTI000041768326&amp;categorieLien=cid\">article 4 du d\u00e9cret du 30 mars 2020 susvis\u00e9<\/a>, le montant de cette aide vient en d\u00e9duction du montant de la premi\u00e8re aide vers\u00e9e au titre du pr\u00e9sent article. La somme totale des aides attribu\u00e9es au titre du pr\u00e9sent article ne peut \u00eatre sup\u00e9rieure \u00e0 45 000 \u20ac.<br \/>\nLorsque plusieurs demandes sont effectu\u00e9es au titre du pr\u00e9sent article, le montant compens\u00e9 des dettes exigibles dans les trente jours et des charges fixes, y compris les loyers commerciaux ou professionnels, restant \u00e0 r\u00e9gler au titre des mois de mars \u00e0 ao\u00fbt 2020 n&#8217;est plus \u00e0 prendre en compte dans le calcul du solde de tr\u00e9sorerie.<br \/>\nIV. &#8211; La demande d&#8217;aide au titre du pr\u00e9sent article est r\u00e9alis\u00e9e aupr\u00e8s des services du conseil r\u00e9gional du lieu de domiciliation, de la collectivit\u00e9 de Corse, de la collectivit\u00e9 territoriale de Guyane, de la collectivit\u00e9 territoriale de Martinique, du conseil d\u00e9partemental de Mayotte ou de la collectivit\u00e9 de Saint-Barth\u00e9lemy, de Saint-Martin, de Saint-Pierre-et-Miquelon ou de Wallis-et-Futuna, par voie d\u00e9mat\u00e9rialis\u00e9e, au plus tard le 15 octobre 2020.<br \/>\nLa demande est accompagn\u00e9e des justificatifs suivants :<\/p>\n<p>&#8211; une d\u00e9claration sur l&#8217;honneur attestant que l&#8217;entreprise remplit les conditions pr\u00e9vues par le pr\u00e9sent d\u00e9cret et l&#8217;exactitude des informations d\u00e9clar\u00e9es ;<br \/>\n&#8211; une d\u00e9claration indiquant si l&#8217;entreprise \u00e9tait en difficult\u00e9 au 31 d\u00e9cembre 2019 au sens de l&#8217;article 2 du r\u00e8glement (UE) n\u00b0 651\/2014 de la Commission du 17 juin 2014 d\u00e9clarant certaines cat\u00e9gories d&#8217;aides compatibles avec le march\u00e9 int\u00e9rieur en application des articles 107 et 108 du trait\u00e9 ;<br \/>\n&#8211; une description succincte de sa situation, accompagn\u00e9e d&#8217;un plan de tr\u00e9sorerie \u00e0 trente jours ;<br \/>\n&#8211; une description de son activit\u00e9 et une d\u00e9claration sur l&#8217;honneur qu&#8217;elle exerce son activit\u00e9 principale dans un \u00e9tablissement recevant du public relevant du type P d\u00e9fini par le r\u00e8glement pris en application de l&#8217;<a title=\"Code de la construction et de l\" href=\"https:\/\/beta.legifrance.gouv.fr\/affichCodeArticle.do?cidTexte=LEGITEXT000006074096&amp;idArticle=LEGIARTI000006896100&amp;dateTexte=&amp;categorieLien=cid\">article R. 123-12 du code de la construction et de l&#8217;habitation<\/a>\u00a0faisant l&#8217;objet d&#8217;une interdiction d&#8217;accueil du public et dont le secteur d&#8217;activit\u00e9 est mentionn\u00e9 \u00e0 l&#8217;annexe 1 du d\u00e9cret du 30 mars 2020.<\/p>\n<p>Lorsqu&#8217;une entreprise demande un versement compl\u00e9mentaire en application du III, la demande est accompagn\u00e9e des seuls \u00e9l\u00e9ments mentionn\u00e9s \u00e0 l&#8217;alin\u00e9a pr\u00e9c\u00e9dent.<br \/>\nLe conseil r\u00e9gional, la collectivit\u00e9 de Corse, les collectivit\u00e9s territoriales de Guyane et de Martinique, le conseil d\u00e9partemental de Mayotte, les assembl\u00e9es de Saint-Barth\u00e9lemy, de Saint-Martin, de Saint-Pierre-et-Miquelon ou de Wallis-et-Futuna instruisent la demande.<br \/>\nLe chef de l&#8217;ex\u00e9cutif de la collectivit\u00e9 concern\u00e9e adresse au repr\u00e9sentant de l&#8217;Etat la liste des entreprises remplissant les conditions d&#8217;application du pr\u00e9sent article ainsi que le montant de l&#8217;aide attribu\u00e9e, et met \u00e0 sa disposition les informations ayant servi \u00e0 l&#8217;instruction de leur demande, afin que le repr\u00e9sentant de l&#8217;Etat puisse op\u00e9rer les v\u00e9rifications n\u00e9cessaires avant le versement de l&#8217;aide. Le chef de l&#8217;ex\u00e9cutif de la collectivit\u00e9 rend compte \u00e0 la prochaine r\u00e9union de l&#8217;organe d\u00e9lib\u00e9rant de l&#8217;exercice des comp\u00e9tences pr\u00e9vues \u00e0 l&#8217;alin\u00e9a pr\u00e9c\u00e9dent et en informe par tout moyen la commission permanente.<br \/>\nLa d\u00e9cision d&#8217;attribution de l&#8217;aide est notifi\u00e9e conjointement au b\u00e9n\u00e9ficiaire par le repr\u00e9sentant de l&#8217;Etat et le chef de l&#8217;ex\u00e9cutif de la collectivit\u00e9.<br \/>\nDes \u00e9changes de donn\u00e9es sont op\u00e9r\u00e9s, dans le respect du secret fiscal, entre l&#8217;administration fiscale et les services charg\u00e9s de l&#8217;instruction et de l&#8217;ordonnancement de l&#8217;aide compl\u00e9mentaire pr\u00e9vue au pr\u00e9sent article, pour leur permettre d&#8217;instruire les demandes et de verser l&#8217;aide compl\u00e9mentaire.<\/p>\n<\/div>\n<div class=\"tabs-secondary\"><button id=\"tip-tab-liens-JORFARTI000042238003-4-button\" class=\"js-tab-secondary tabs__link ajax-load-tab-liens\" tabindex=\"0\" data-textecid=\"JORFTEXT000042237991\" data-articlecid=\"JORFARTI000042238003\" data-articleid=\"JORFARTI000042238003\" aria-expanded=\"false\" data-tip=\"tip-tab-liens-JORFARTI000042238003-4\" aria-describedby=\"JORFARTI000042238003-4\">Liens relatifs<\/button><\/div>\n<\/div>\n<\/article>\n<\/li>\n<li class=\"opened\" data-a=\"false\">\n<article class=\"js-child list-article-consommation\">\n<div data-a=\"false\">\n<div>\n<h4 id=\"JORFARTI000042238008-5\" class=\"name-article\" data-anchor=\"JORFARTI000042238008\"><a id=\"linkJORFARTI000042238008-5\" href=\"https:\/\/beta.legifrance.gouv.fr\/jorf\/article_jo\/JORFARTI000042238008\">Article 5<\/a><\/h4>\n<\/div>\n<div class=\"content\">\n<p>Pour l&#8217;application du pr\u00e9sent d\u00e9cret en Nouvelle-Cal\u00e9donie et en Polyn\u00e9sie fran\u00e7aise, la convention pr\u00e9vue au\u00a0<a title=\"Ordonnance n\u00b02020-317 du 25 mars 2020 - art. 3 (V)\" href=\"https:\/\/beta.legifrance.gouv.fr\/affichTexteArticle.do?cidTexte=JORFTEXT000041755852&amp;idArticle=JORFARTI000041755855&amp;categorieLien=cid\">deuxi\u00e8me alin\u00e9a de l&#8217;article 3 de l&#8217;ordonnance du 25 mars 2020 susvis\u00e9e<\/a>\u00a0fixe les modalit\u00e9s d&#8217;adaptation des dispositions du pr\u00e9sent d\u00e9cret pour le versement des aides distribu\u00e9es aux entreprises situ\u00e9es sur ces territoires.<br \/>\nPour l&#8217;application du pr\u00e9sent d\u00e9cret \u00e0 Wallis-et-Futuna :<br \/>\n1\u00b0 Les mots : \u00ab 1 500 euros \u00bb sont remplac\u00e9s par les mots : \u00ab 178 998 francs CFP \u00bb ;<br \/>\n2\u00b0 Les mots : \u00ab 8 000 euros \u00bb sont remplac\u00e9s par les mots : \u00ab 954 652 francs CFP \u00bb, les mots : \u00ab 667 euros \u00bb sont remplac\u00e9s par les mots : \u00ab 79 594 francs CFP \u00bb, les mots : \u00ab 2 000 euros \u00bb sont remplac\u00e9s par les mots : \u00ab 238 663 francs CFP \u00bb, les mots : \u00ab 15 000 euros \u00bb sont remplac\u00e9s par les mots : \u00ab 1 790 000 francs CFP \u00bb et les mots \u00ab 45 000 euros \u00bb sont remplac\u00e9s par les mots : \u00ab 5 366 726 francs CFP \u00bb.<\/p>\n<\/div>\n<div class=\"tabs-secondary\"><button id=\"tip-tab-liens-JORFARTI000042238008-5-button\" class=\"js-tab-secondary tabs__link ajax-load-tab-liens\" tabindex=\"0\" data-textecid=\"JORFTEXT000042237991\" data-articlecid=\"JORFARTI000042238008\" data-articleid=\"JORFARTI000042238008\" aria-expanded=\"false\" data-tip=\"tip-tab-liens-JORFARTI000042238008-5\" aria-describedby=\"JORFARTI000042238008-5\">Liens relatifs<\/button><\/div>\n<\/div>\n<\/article>\n<\/li>\n<li class=\"opened\" data-a=\"false\">\n<article class=\"js-child list-article-consommation\">\n<div data-a=\"false\">\n<div>\n<h4 id=\"JORFARTI000042238014-6\" class=\"name-article\" data-anchor=\"JORFARTI000042238014\"><a id=\"linkJORFARTI000042238014-6\" href=\"https:\/\/beta.legifrance.gouv.fr\/jorf\/article_jo\/JORFARTI000042238014\">Article 6<\/a><\/h4>\n<\/div>\n<div class=\"content\">\n<p>Le ministre de l&#8217;\u00e9conomie, des finances et de la relance, le ministre de l&#8217;int\u00e9rieur, le ministre des outre-mer, la ministre de la coh\u00e9sion des territoires et des relations avec les collectivit\u00e9s territoriales et le ministre d\u00e9l\u00e9gu\u00e9 aupr\u00e8s du ministre de l&#8217;\u00e9conomie, des finances et de la relance, charg\u00e9 des petites et moyennes entreprises sont charg\u00e9s, chacun en ce qui le concerne, de l&#8217;ex\u00e9cution du pr\u00e9sent d\u00e9cret, qui sera publi\u00e9 au Journal officiel de la R\u00e9publique fran\u00e7aise.<\/p>\n<\/div>\n<\/div>\n<\/article>\n<\/li>\n<\/ul>\n<div class=\"summary-annexe\">\n<p align=\"left\">Fait le 14 ao\u00fbt 2020.<\/p>\n<p align=\"left\">Jean Castex<br \/>\nPar le Premier ministre :<\/p>\n<p align=\"left\">Le ministre de l&#8217;\u00e9conomie, des finances et de la relance,<br \/>\nBruno Le Maire<\/p>\n<p align=\"left\">Le ministre de l&#8217;int\u00e9rieur,<br \/>\nG\u00e9rald Darmanin<\/p>\n<p align=\"left\">Le ministre des outre-mer,<br \/>\nS\u00e9bastien Lecornu<\/p>\n<p align=\"left\">La ministre de la coh\u00e9sion des territoires et des relations avec les collectivit\u00e9s territoriales,<br \/>\nJacqueline Gourault<\/p>\n<p align=\"left\">Le ministre d\u00e9l\u00e9gu\u00e9 aupr\u00e8s du ministre de l&#8217;\u00e9conomie, des finances et de la relance, charg\u00e9 des petites et moyennes entreprises,<br \/>\nAlain Griset<\/p>\n<p align=\"left\">en lien (taper sur document (11) ci-dessous. et sur D\u00e9cret pour la seconde partie. Infos suivront<\/p>\n<\/div>\n<div class=\"summary-annexe\"><a href=\"https:\/\/sndll.info\/wp-content\/uploads\/2020\/08\/document-11.pdf\">document (11)<\/a><\/div>\n<div><a href=\"https:\/\/sndll.info\/wp-content\/uploads\/2020\/08\/Decret_n\u00b02020-1048_du_14_aout_2020_version_initiale-1-1.rtf\">D\u00e9cret_n\u00b02020-1048_du_14_ao\u00fbt_2020_version_initiale (1)<\/a><\/div>\n<div><\/div>\n<\/div>\n","protected":false},"excerpt":{"rendered":"<p>Chers amis, chers confr\u00e8res, Le 15 Ao\u00fbt, pour les chr\u00e9tiens est un jour b\u00e9ni (Assomption de la vierge) et c&#8217;est la Saint Napol\u00e9on \u00e9galement . Imp\u00e9rial ! Sans tarder, comme promis, je vous communique&#8230;<\/p>\n","protected":false},"author":2,"featured_media":0,"comment_status":"closed","ping_status":"open","sticky":false,"template":"","format":"standard","meta":{"_mi_skip_tracking":false,"_monsterinsights_sitenote_active":false,"_monsterinsights_sitenote_note":"","_monsterinsights_sitenote_category":0},"categories":[97,1],"tags":[],"_links":{"self":[{"href":"https:\/\/sndll.info\/index.php?rest_route=\/wp\/v2\/posts\/3492"}],"collection":[{"href":"https:\/\/sndll.info\/index.php?rest_route=\/wp\/v2\/posts"}],"about":[{"href":"https:\/\/sndll.info\/index.php?rest_route=\/wp\/v2\/types\/post"}],"author":[{"embeddable":true,"href":"https:\/\/sndll.info\/index.php?rest_route=\/wp\/v2\/users\/2"}],"replies":[{"embeddable":true,"href":"https:\/\/sndll.info\/index.php?rest_route=%2Fwp%2Fv2%2Fcomments&post=3492"}],"version-history":[{"count":7,"href":"https:\/\/sndll.info\/index.php?rest_route=\/wp\/v2\/posts\/3492\/revisions"}],"predecessor-version":[{"id":3618,"href":"https:\/\/sndll.info\/index.php?rest_route=\/wp\/v2\/posts\/3492\/revisions\/3618"}],"wp:attachment":[{"href":"https:\/\/sndll.info\/index.php?rest_route=%2Fwp%2Fv2%2Fmedia&parent=3492"}],"wp:term":[{"taxonomy":"category","embeddable":true,"href":"https:\/\/sndll.info\/index.php?rest_route=%2Fwp%2Fv2%2Fcategories&post=3492"},{"taxonomy":"post_tag","embeddable":true,"href":"https:\/\/sndll.info\/index.php?rest_route=%2Fwp%2Fv2%2Ftags&post=3492"}],"curies":[{"name":"wp","href":"https:\/\/api.w.org\/{rel}","templated":true}]}}