{"id":3508,"date":"2020-08-15T09:51:04","date_gmt":"2020-08-15T07:51:04","guid":{"rendered":"http:\/\/pjcrpry.cluster031.hosting.ovh.net\/?p=3508"},"modified":"2020-09-12T10:42:47","modified_gmt":"2020-09-12T08:42:47","slug":"pas-de-deuxieme-partie","status":"publish","type":"post","link":"https:\/\/sndll.info\/?p=3508","title":{"rendered":"Pas de deuxi\u00e8me partie et MODE D&#8217;EMPLOI"},"content":{"rendered":"<p>Chers amis, chers confr\u00e8res,<\/p>\n<p>Je maintiens:<strong><span style=\"color: #ff00ff;\"> le D\u00e9cret int\u00e9gral \u00e0 ce jour est bien celui que nous avons publi\u00e9 in extenso<\/span><\/strong>. <strong>I<span style=\"color: #0000ff;\">l n&#8217;y a pas de &#8220;deuxi\u00e8me partie&#8221; &#8230; comme j&#8217;ai pu le lire ! (<\/span><\/strong><span style=\"color: #000000;\">j&#8217;ose esp\u00e9rer et parier que, un peu confus, les r\u00e9dacteurs de cet article annon\u00e7ant une &#8220;deuxi\u00e8me partie&#8221; l&#8217;auront vite enlev\u00e9 !)<\/span><\/p>\n<p><strong><span style=\"color: #0000ff;\">R\u00e9sumons pour comprendre:<\/span> <\/strong>le fonds de solidarit\u00e9 (dont les dispositions s&#8217;appliquent \u00e0 toutes les professions, dont la n\u00f4tre) a \u00e9t\u00e9 cr\u00e9\u00e9 par un D\u00e9cret du 30 Mars dernier qui a d\u00e9j\u00e0 \u00e9t\u00e9 modifi\u00e9 plusieurs fois entre Mars et aujourd&#8217;hui.<\/p>\n<p>Ce jour 15 Ao\u00fbt le Journal Officiel le modifie une nouvelle fois pour toutes les professons par un d\u00e9cret 2020-1048.<\/p>\n<p>Cette modification para\u00eet juste avant le D\u00e9cret (1049) qui, lui ne concerne que nous et que nous\u00a0 vous avons adress\u00e9 \u00e0 la premi\u00e8re heure, ce jour. Cette succession malheureuse a surement induit en erreur d&#8217;autres syndicalistes qui ont cru \u00e0 une seconde partie alors que ce n&#8217;\u00e9tait qu&#8217;un &#8220;hors d&#8217;oeuvre&#8221; (1048 est toujours avant 1049 \ud83d\ude02).<\/p>\n<p>La fin de l&#8217;article 1 du D\u00e9cret purement &#8220;discoth\u00e8ques&#8221; remplace la quasi totalit\u00e9 du contenu (son article 3) du d\u00e9cret 1048 paru juste avant.<\/p>\n<p>Je n&#8217;avais donc pas jug\u00e9 utile de vous en parler pour rester op\u00e9rationnel, et ne pas vous &#8220;embrouiller&#8221; mais puisque d&#8217;autres le font &#8230; j&#8217;ai du faire cette mise au point.<\/p>\n<p><strong><span style=\"color: #ff00ff;\">Vous avez bien eu le bon texte qui annule un autre texte pris juste avant et dont il ne m&#8217;\u00e9tait pas paru utile de parler ! Ce n&#8217;est nullement une &#8220;deuxi\u00e8me partie&#8221; du texte.<\/span><\/strong><\/p>\n<p>Voil\u00e0, on est sur le pont et vigilants !<\/p>\n<p>Patrick MALVA\u00cbS<\/p>\n<p><strong><span style=\"color: #0000ff;\">DETAILS PRATIQUES:<\/span> <\/strong>A ce stade, pas la peine de nous inonder de demandes de d\u00e9tails (ou m\u00eame de reproches implicites comme\u00a0 le font d\u00e9j\u00e0 certains qui pensent que les aides vont leur \u00e9chapper parce qu&#8217;ils ne seraient pas &#8220;dans les clous&#8221;).<\/p>\n<p><span style=\"color: #0000ff;\"><strong>Les demandes se feront de fa\u00e7on d\u00e9mat\u00e9rialis\u00e9e (par le net) comme pour les aides pr\u00e9c\u00e9dentes.<\/strong><\/span><\/p>\n<p>Nous ne pouvons r\u00e9pondre \u00e0 tout le monde sur les \u00e9vidences contenues dans nos \u00e9crits. On ne peut se r\u00e9p\u00e9ter m\u00eame si je sais que beaucoup angoissent devant une situation mat\u00e9rielle difficile. Aucune raison de s&#8217;affoler. On a -vous avez- jusqu&#8217;au 30 Septembre pour les aides de JUIN !<\/p>\n<p><strong><span style=\"color: #ff00ff;\">Par contre, les vraies questions auront toutes une r\u00e9ponse mais j&#8217;\u00e9viterai dans un premier temps FACEBOOK (et les sites sociaux &#8220;d\u00e9versoirs&#8221; de trop d&#8217;animosit\u00e9s et\u00a0 d&#8217;arri\u00e8res pens\u00e9es) et vous conseille de nous \u00e9crire sur l&#8217;adresse mail du SNDLL: patrick.malvaes@sndll.org ou sndll@orange.fr\u00a0 Identifiez-vous et m\u00eame avec N\u00b0 de portable si possible. TOUT LE MONDE AURA UNE REPONSE\u00a0 en priorit\u00e9 !<\/span><\/strong><\/p>\n<p>Amicalement. Patrick MALVA\u00cbS<\/p>\n<p>&nbsp;<\/p>\n","protected":false},"excerpt":{"rendered":"<p>Chers amis, chers confr\u00e8res, Je maintiens: le D\u00e9cret int\u00e9gral \u00e0 ce jour est bien celui que nous avons publi\u00e9 in extenso. Il n&#8217;y a pas de &#8220;deuxi\u00e8me partie&#8221; &#8230; comme j&#8217;ai pu le lire&#8230;<\/p>\n","protected":false},"author":2,"featured_media":0,"comment_status":"closed","ping_status":"open","sticky":false,"template":"","format":"standard","meta":{"_mi_skip_tracking":false,"_monsterinsights_sitenote_active":false,"_monsterinsights_sitenote_note":"","_monsterinsights_sitenote_category":0},"categories":[97,1],"tags":[],"_links":{"self":[{"href":"https:\/\/sndll.info\/index.php?rest_route=\/wp\/v2\/posts\/3508"}],"collection":[{"href":"https:\/\/sndll.info\/index.php?rest_route=\/wp\/v2\/posts"}],"about":[{"href":"https:\/\/sndll.info\/index.php?rest_route=\/wp\/v2\/types\/post"}],"author":[{"embeddable":true,"href":"https:\/\/sndll.info\/index.php?rest_route=\/wp\/v2\/users\/2"}],"replies":[{"embeddable":true,"href":"https:\/\/sndll.info\/index.php?rest_route=%2Fwp%2Fv2%2Fcomments&post=3508"}],"version-history":[{"count":3,"href":"https:\/\/sndll.info\/index.php?rest_route=\/wp\/v2\/posts\/3508\/revisions"}],"predecessor-version":[{"id":3511,"href":"https:\/\/sndll.info\/index.php?rest_route=\/wp\/v2\/posts\/3508\/revisions\/3511"}],"wp:attachment":[{"href":"https:\/\/sndll.info\/index.php?rest_route=%2Fwp%2Fv2%2Fmedia&parent=3508"}],"wp:term":[{"taxonomy":"category","embeddable":true,"href":"https:\/\/sndll.info\/index.php?rest_route=%2Fwp%2Fv2%2Fcategories&post=3508"},{"taxonomy":"post_tag","embeddable":true,"href":"https:\/\/sndll.info\/index.php?rest_route=%2Fwp%2Fv2%2Ftags&post=3508"}],"curies":[{"name":"wp","href":"https:\/\/api.w.org\/{rel}","templated":true}]}}