{"id":3531,"date":"2020-08-16T14:48:30","date_gmt":"2020-08-16T12:48:30","guid":{"rendered":"http:\/\/pjcrpry.cluster031.hosting.ovh.net\/?p=3531"},"modified":"2020-09-12T10:42:36","modified_gmt":"2020-09-12T08:42:36","slug":"beneficier-des-nouvelles-aides","status":"publish","type":"post","link":"https:\/\/sndll.info\/?p=3531","title":{"rendered":"BENEFICIER DES NOUVELLES AIDES ? Fonds et mesures d&#8217;aides fiscales"},"content":{"rendered":"<p>Chers amis, chers confr\u00e8res,<\/p>\n<p>La sortie du D\u00e9cret est une chose. Mais, comme je vous l&#8217;ai \u00e9crit, elle pose <strong><span style=\"color: #0000ff;\">un certain nombre de questions de fond sur les b\u00e9n\u00e9ficiaires r\u00e9els.<\/span><\/strong> Nous allons nous y pencher dans la semaine qui vient et reviendrons vers vous.<\/p>\n<p>Hier,nous avons re\u00e7u<span style=\"color: #ff00ff;\"> pr\u00e8s de 1 200 visites sur notre sit\ud83d\ude0de <\/span>, j&#8217;ai eu \u00e0 r\u00e9pondre malgr\u00e9 le repos dominical \ud83d\ude0e\u00e0 une foule de questions en tous genres (y compris la d\u00e9finition des entreprises en difficult\u00e9 selon la Commission europ\u00e9enne \ud83d\ude13 ! ) et vous m&#8217;avez bien mis la t\u00eate \u00e0 l&#8217;envers \ud83d\ude43 . Tout le monde a eu sa r\u00e9ponse (42 exactement !) mais l\u00e0 j&#8217;arr\u00eate pour aujourd&#8217;hui.<\/p>\n<p>Le premier souci \u00e9tait l&#8217;indisponibilit\u00e9 du formulaire habituel pour b\u00e9n\u00e9ficier du fonds de soutien classique. Ce formulaire sera \u00e0 nouveau disponible ce Mardi 18 Ao\u00fbt sur le site des imp\u00f4ts.<\/p>\n<p>La question r\u00e9currente est celle de la fa\u00e7on de proc\u00e9der pour b\u00e9n\u00e9ficier des nouvelles aides. L\u00e0, je d\u00e9l\u00e8gue les emm&#8230;ments \u00e0 vos comptables et \u00e0 vous-m\u00eames.<\/p>\n<p>Ne me redemandez pas \ud83d\ude4f :<strong><span style=\"color: #0000ff;\"> LE FORMULAIRE NE SERA MIS ENLIGNE PAR LES IMP\u00d4TS QUE FIN AO\u00dbT<\/span> <\/strong>(d&#8217;ici 10-12 jours).<\/p>\n<p><span style=\"color: #ff00ff;\"><strong>Je vous donne les indications:<\/strong><\/span><\/p>\n<p><span style=\"color: #ff00ff;\"><strong>Pour ce qui concerne les nouvelles aides il faut aller sur impots.gouv.fr , sur les onglets du haut choisir &#8220;professionnel&#8221; et appara\u00eet le processus :<\/strong><\/span><\/p>\n<header class=\"header\" role=\"banner\">\n<div class=\"container\">\n<div class=\"row\">\n<div class=\"col-xs-12 col-sm-6 col-md-6 col-lg-8\">\n<div class=\"hidden-xs\">\n<div class=\"logo-impotsgouv\"><a class=\"logo navbar-btn\" title=\"Accueil\" href=\"https:\/\/www.impots.gouv.fr\/portail\/\"><img class=\"img-responsive bm-marque-etat\" src=\"https:\/\/www.impots.gouv.fr\/portail\/files\/media\/logos\/bloc_impots_gouv.svg\" \/><\/a><\/div>\n<\/div>\n<\/div>\n<div class=\"col-xs-12 col-sm-6 col-md-6 col-lg-4 pull-right\">\n<div class=\"identification\">\n<ul class=\"identification-wrapper\">\n<li><a class=\"btn identificationpart\" href=\"https:\/\/cfspart.impots.gouv.fr\/\" data-xt=\"1\">Votre espace particulier<\/a><\/li>\n<li><a class=\"btn identificationpro\" href=\"https:\/\/cfspro.impots.gouv.fr\/mire\/accueil.do\" data-xt=\"3\">Votre espace professionnel<\/a><\/li>\n<\/ul>\n<\/div>\n<\/div>\n<\/div>\n<div class=\"row\">\n<div class=\"main-menu-wrapper\">\n<div class=\"navbar-collapse collapse main-menu\">\n<nav id=\"main-menu\" class=\"main-menu\" role=\"navigation\">\n<ul class=\"menu clearfix\">\n<li><a class=\"ban_home active\" title=\"Accueil menu actif\" href=\"https:\/\/www.impots.gouv.fr\/portail\/\">Accueil<\/a><\/li>\n<li><a class=\"ban_individual\" href=\"https:\/\/www.impots.gouv.fr\/portail\/particulier\">Particulier<\/a><\/li>\n<li><a class=\"ban_professional\" href=\"https:\/\/www.impots.gouv.fr\/portail\/professionnel\">Professionnel<\/a><\/li>\n<li><a class=\"ban_partner\" href=\"https:\/\/www.impots.gouv.fr\/portail\/partenaire\">Partenaire<\/a><\/li>\n<li><a class=\"ban_collectivity\" href=\"https:\/\/www.impots.gouv.fr\/portail\/collectivite\">Collectivit\u00e9<\/a><\/li>\n<li><a class=\"ban_international\" href=\"https:\/\/www.impots.gouv.fr\/portail\/international?l=fr\">International<\/a><a href=\"https:\/\/www.impots.gouv.fr\/portail\/international_en?l=en\">English<\/a><\/li>\n<\/ul>\n<\/nav>\n<\/div>\n<\/div>\n<\/div>\n<\/div>\n<\/header>\n<div class=\"banner-container\">\n<div id=\"banner\" class=\"banner-wrapper ban_home\">\n<div class=\"container\">\n<div class=\"banner\" data-src=\"banniere_home_classique.jpg\">\n<div class=\"banner-content\">\n<p class=\"banner-title\">Attention aux arnaques !<\/p>\n<p>Num\u00e9ros surtax\u00e9s frauduleux affich\u00e9s par certains sites pour nos centres des Finances publiques et recrudescence des escroqueries aupr\u00e8s des entreprises : soyez vigilants !<\/p>\n<p><a class=\"btn btn-primary\" title=\"En savoir plus - nouvelle fen\u00eatre\" href=\"https:\/\/www.impots.gouv.fr\/portail\/actualite\/attention-aux-arnaques\" target=\"_blank\" rel=\"noopener noreferrer\">En savoir plus<\/a><\/p>\n<\/div>\n<\/div>\n<\/div>\n<\/div>\n<div class=\"searchbar-wrapper inside-banner\">\n<div class=\"container\">\n<form id=\"search-block-form--2\" class=\"form-search content-search\" accept-charset=\"UTF-8\" action=\"https:\/\/www.impots.gouv.fr\/portail\/recherche\" method=\"post\">\n<div role=\"search\">\n<div><\/div>\n<div class=\"input-group col-xs-12 col-md-9\"><span style=\"color: #3c3950; font-family: Montserrat; font-size: 36px; font-weight: bold; letter-spacing: 0.05em; text-transform: uppercase;\">Le fonds de solidarit\u00e9 est prolong\u00e9 au titre des pertes du mois de juillet, ao\u00fbt et septembre pour les entreprises des secteurs les plus touch\u00e9s par la crise<\/span><\/div>\n<\/div>\n<\/form>\n<\/div>\n<\/div>\n<\/div>\n<p>&nbsp;<\/p>\n<div id=\"repo\">\n<div id=\"fds_soutien\">\n<div class=\"container\">\n<div id=\"ctner\">\n<div class=\"row\">\n<div class=\"col-md-12\">\n<div class=\"texte\">\n<p>Le d\u00e9cret n\u00b0 2020-1048 du 14 ao\u00fbt 2020, publi\u00e9 le 15 ao\u00fbt 2020, reconduit les mesures de soutien au titre des pertes des mois de juillet, ao\u00fbt et septembre 2020. Seules les entreprises appartenant aux secteurs de l\u2019h\u00f4tellerie, restauration, caf\u00e9s, tourisme, \u00e9v\u00e9nementiel, sport, culture et les entreprises de secteurs connexes ainsi que les artistes auteurs sont d\u00e9sormais \u00e9ligibles.<\/p>\n<p>Le formulaire au titre des pertes du mois de juillet sera ouvert le\u00a0<u>mardi 18 ao\u00fbt 2020<\/u>.<\/p>\n<p>Pour rappel, le formulaire au titre des pertes du mois de juin 2020 peut encore \u00eatre d\u00e9pos\u00e9 jusqu&#8217;au 31 ao\u00fbt 2020.<\/p>\n<p>Par ailleurs, compte tenu du maintien de l&#8217;\u00e9tat d&#8217;urgence sanitaire sur les territoires de Guyane et Mayotte, le d\u00e9cret n\u00b0 2020-1053 du 14 ao\u00fbt 2020, publi\u00e9 le 15 ao\u00fbt 2020, augmente les plafonds d&#8217;aide et maintient l&#8217;\u00e9ligibilit\u00e9 de tous les secteurs. Ces dispositions sont applicables \u00e0 compter des pertes de juillet pour les entreprises situ\u00e9es dans ces d\u00e9partements. Un formulaire sp\u00e9cifique sera ouvert le mardi 18 ao\u00fbt 2020.<\/p>\n<p><strong><span style=\"color: #0000ff;\">Enfin, pour soutenir, notamment, les discoth\u00e8ques, le d\u00e9cret n\u00b0 2020-1049 du 14 ao\u00fbt 2020, publi\u00e9 le samedi 15 ao\u00fbt 2020, \u00e9largit, d\u00e8s les pertes de juin, le b\u00e9n\u00e9fice du fonds de solidarit\u00e9 \u00e0 des entreprises de taille plus importante exer\u00e7ant dans ce secteur (pas de limite de chiffre d&#8217;affaires ni de salari\u00e9s). Un formulaire sp\u00e9cifique sera ouvert \u00e0 ces entreprises \u00e9ligibles \u00e0 la fin du mois d&#8217;ao\u00fbt.<\/span><\/strong><\/p>\n<\/div>\n<h2>Comment en faire la demande ?<\/h2>\n<h2><span style=\"color: #5f727f; font-family: 'Source Sans Pro'; font-size: 16px; font-weight: normal;\">Si vous r\u00e9pondez aux conditions pour solliciter cette aide (v\u00e9rifier) proc\u00e9der comme suit suit.<\/span><strong style=\"color: #5f727f; font-family: 'Source Sans Pro'; font-size: 16px;\">Les professionnels doivent se connecter \u00e0 leu<\/strong><span style=\"color: #5f727f; font-family: 'Source Sans Pro'; font-size: 16px; font-weight: normal;\">r\u00a0<\/span><strong style=\"color: #5f727f; font-family: 'Source Sans Pro'; font-size: 16px;\">espace\u00a0<u>particulier<\/u><\/strong><span style=\"color: #5f727f; font-family: 'Source Sans Pro'; font-size: 16px; font-weight: normal;\">\u00a0(et non sur leur espace professionnel habituel) o\u00f9 ils trouveront dans leur\u00a0<\/span><strong style=\"color: #5f727f; font-family: 'Source Sans Pro'; font-size: 16px;\"><u>messagerie s\u00e9curis\u00e9e<\/u><\/strong><span style=\"color: #5f727f; font-family: 'Source Sans Pro'; font-size: 16px; font-weight: normal;\">\u00a0sous &#8220;Ecrire&#8221; le motif de contact\u00a0<\/span><strong style=\"color: #5f727f; font-family: 'Source Sans Pro'; font-size: 16px;\">&#8220;Je demande l&#8217;aide aux entreprises fragilis\u00e9es par l&#8217;\u00e9pid\u00e9mie Covid-19&#8221;<\/strong><span style=\"color: #5f727f; font-family: 'Source Sans Pro'; font-size: 16px; font-weight: normal;\">.<\/span><\/h2>\n<div class=\"cas gen\">\n<p class=\"lien\"><a href=\"https:\/\/cfspart.impots.gouv.fr\/\" target=\"_blank\" rel=\"noopener noreferrer\">Je me connecte \u00e0\u00a0<span class=\"btn-cfs\">Mon espace particulier<\/span>\u00a0pour en faire la demande pour mon entreprise<\/a><\/p>\n<div class=\"aide\">Aide :\u00a0<a href=\"https:\/\/www.impots.gouv.fr\/portail\/node\/13481\" target=\"_blank\" rel=\"noopener noreferrer\">Pas \u00e0 pas pour vous connecter<\/a>\u00a0|\u00a0<a href=\"https:\/\/www.impots.gouv.fr\/portail\/node\/13482\" target=\"_blank\" rel=\"noopener noreferrer\">Questions-r\u00e9ponses sur le Fonds de solidarit\u00e9<\/a><\/div>\n<\/div>\n<div class=\"cas com\">\n<div class=\"aide\"><\/div>\n<\/div>\n<\/div>\n<\/div>\n<\/div>\n<\/div>\n<\/div>\n<div class=\"container\">\n<div class=\"row\">\n<div class=\"col-md-12\">\n<div id=\"covid-19-entreprises1303\" class=\"rwd-banner\">\n<div class=\"col-md-12 text\">\n<h2>CORONAVIRUS &#8211; COVID 19 : MESURES EXCEPTIONNELLES POUR LES IMP\u00d4TS DES ENTREPRISES<\/h2>\n<p>En raison de l&#8217;impact de l\u2019\u00e9pid\u00e9mie sur l\u2019activit\u00e9 \u00e9conomique, la DGFiP met en place des mesures exceptionnelles pour accompagner les entreprises dans le paiement de leurs imp\u00f4ts.<\/p>\n<p><strong><span style=\"color: #0000ff;\">TAPER SUR LA LIGNE CI-DESSOUS POUR AVOIR LES INFOS :<\/span><\/strong><\/p>\n<p class=\"lien\"><a href=\"https:\/\/www.impots.gouv.fr\/portail\/node\/13467\">Vos questions fr\u00e9quentes sur les mesures fiscales<\/a><\/p>\n<\/div>\n<\/div>\n<p><strong><span style=\"color: #ff00ff;\">Voil\u00e0, c&#8217;est fait et je vais pouvoir essayer d&#8217;oublier les discoth\u00e8ques pour ce soir !<\/span><\/strong><\/p>\n<p><strong><span style=\"color: #ff00ff;\">Pourvu que je n&#8217;en r\u00eave pas en plus (oui je sais: j&#8217;ai cr\u00e9\u00e9 le slogan: &#8220;nos nuits sont plus belles que vos jours&#8221; &#8230; pas une raison pour en abuser !)<\/span><\/strong><\/p>\n<p>Cordialement,<\/p>\n<p>Patrick MALVA\u00cbS<\/p>\n<\/div>\n<\/div>\n<\/div>\n<\/div>\n<p>&nbsp;<\/p>\n","protected":false},"excerpt":{"rendered":"<p>Chers amis, chers confr\u00e8res, La sortie du D\u00e9cret est une chose. Mais, comme je vous l&#8217;ai \u00e9crit, elle pose un certain nombre de questions de fond sur les b\u00e9n\u00e9ficiaires r\u00e9els. Nous allons nous y&#8230;<\/p>\n","protected":false},"author":2,"featured_media":0,"comment_status":"closed","ping_status":"open","sticky":false,"template":"","format":"standard","meta":{"_mi_skip_tracking":false,"_monsterinsights_sitenote_active":false,"_monsterinsights_sitenote_note":"","_monsterinsights_sitenote_category":0},"categories":[97,1],"tags":[],"_links":{"self":[{"href":"https:\/\/sndll.info\/index.php?rest_route=\/wp\/v2\/posts\/3531"}],"collection":[{"href":"https:\/\/sndll.info\/index.php?rest_route=\/wp\/v2\/posts"}],"about":[{"href":"https:\/\/sndll.info\/index.php?rest_route=\/wp\/v2\/types\/post"}],"author":[{"embeddable":true,"href":"https:\/\/sndll.info\/index.php?rest_route=\/wp\/v2\/users\/2"}],"replies":[{"embeddable":true,"href":"https:\/\/sndll.info\/index.php?rest_route=%2Fwp%2Fv2%2Fcomments&post=3531"}],"version-history":[{"count":4,"href":"https:\/\/sndll.info\/index.php?rest_route=\/wp\/v2\/posts\/3531\/revisions"}],"predecessor-version":[{"id":3617,"href":"https:\/\/sndll.info\/index.php?rest_route=\/wp\/v2\/posts\/3531\/revisions\/3617"}],"wp:attachment":[{"href":"https:\/\/sndll.info\/index.php?rest_route=%2Fwp%2Fv2%2Fmedia&parent=3531"}],"wp:term":[{"taxonomy":"category","embeddable":true,"href":"https:\/\/sndll.info\/index.php?rest_route=%2Fwp%2Fv2%2Fcategories&post=3531"},{"taxonomy":"post_tag","embeddable":true,"href":"https:\/\/sndll.info\/index.php?rest_route=%2Fwp%2Fv2%2Ftags&post=3531"}],"curies":[{"name":"wp","href":"https:\/\/api.w.org\/{rel}","templated":true}]}}