{"id":3553,"date":"2020-08-18T22:14:52","date_gmt":"2020-08-18T20:14:52","guid":{"rendered":"http:\/\/pjcrpry.cluster031.hosting.ovh.net\/?p=3553"},"modified":"2020-08-19T09:09:01","modified_gmt":"2020-08-19T07:09:01","slug":"3553","status":"publish","type":"post","link":"https:\/\/sndll.info\/?p=3553","title":{"rendered":"LE PERIMETRE DES NOUVELLES AIDES"},"content":{"rendered":"<p>Chers amis me revoil\u00e0 !<\/p>\n<p>Il semble que tout se dit et n&#8217;importe quoi. Il est vrai que <strong><span style=\"color: #0000ff;\">le D\u00e9cret appliquant nos &#8220;accords&#8221; n&#8217;est pas conforme \u00e0 ce qui nous avait \u00e9t\u00e9 dit<\/span> <\/strong>et que tous les participants, sans exception, vous avaient relay\u00e9.<\/p>\n<p>Il avait \u00e9t\u00e9 dit que le concours pouvant aller jusqu&#8217;\u00e0 15 000 \u20ac se ferait sur pr\u00e9sentation de factures (et m\u00eame pour le loyer de factures pay\u00e9es, ce qui \u00e9tait aberrant !) . En fait le D\u00e9cret reprend l&#8217;ancienne exigence de diff\u00e9rence entre actif et passif pour \u00e9tablir le principe de l&#8217;acc\u00e8s au volet 2 et son montant. Alors on va r\u00e9capituler le contenu de ce D\u00e9cret discoth\u00e8ques et ses limites apparentes.<\/p>\n<p><span style=\"color: #ff00ff;\"><strong><u>Le d\u00e9cret n\u00b02020-1049 et les dispositions sp\u00e9cifiques concernant les discoth\u00e8ques.<\/u><\/strong><\/span><\/p>\n<p>Pour les \u00e9tablissements de \u00ab type P \u00bb ferm\u00e9s, le fonds est adapt\u00e9 \u00e0 compter du 16 ao\u00fbt 2020 :<\/p>\n<ul>\n<li><strong><u><span style=\"color: #0000ff;\">Le volet 1 du fonds pour les aides vers\u00e9es au titre des mois de juin, juillet et ao\u00fbt est accessible aux discoth\u00e8ques<\/span> <span style=\"color: #0000ff;\">sans condition d\u2019effectif, de chiffre d\u2019affaire et de b\u00e9n\u00e9fice imposable. Les entreprises re\u00e7oivent une subvention de 1 500 \u20ac<\/span><\/u><\/strong><\/li>\n<\/ul>\n<p>Un formulaire sp\u00e9cifique sera ouvert aux discoth\u00e8ques sur le site impot.gouv.fr fin ao\u00fbt. L\u2019entreprise devra attester de l\u2019absence de dette fiscale ou sociale impay\u00e9e au 31\/12\/19 (\u00e0 l\u2019exception des entreprises b\u00e9n\u00e9ficiant d\u2019un plan de r\u00e8glement).<\/p>\n<p>Par ailleurs, l\u2019entreprise devra d\u00e9clarer si elle \u00e9tait en difficult\u00e9 au 31 \/12\/ 2019 au sens de l\u2019article 2 du r\u00e8glement (UE) n\u00b0651\/2014 du 17 juin 2014.<\/p>\n<p>Demande dans les 3 mois apr\u00e8s la fin de la p\u00e9riode mensuelle au titre de laquelle l&#8217;aide es demand\u00e9e (Fin septembre pour Juin par exemple)<\/p>\n<ul>\n<li><strong><u><span style=\"color: #0000ff;\">Le volet 2 est renforc\u00e9<\/span> : <span style=\"color: #0000ff;\">l\u2019aide compl\u00e9mentaire du fonds de solidarit\u00e9 est plafonn\u00e9e \u00e0 15 000 \u20ac. L\u2019aide peut \u00eatre sollicit\u00e9e pour chaque p\u00e9riode mensuelle au titre des pertes des mois de juin, juillet et ao\u00fbt. Le montant total de l\u2019aide ne pourra d\u00e9passer les 45 000 \u20ac. <\/span><\/u><\/strong>Pour pouvoir en b\u00e9n\u00e9ficier, la discoth\u00e8que doit\u00a0:<\/li>\n<\/ul>\n<ul>\n<li>Avoir b\u00e9n\u00e9fici\u00e9 d\u2019au moins une aide du fonds de solidarit\u00e9\u00a0;<\/li>\n<li>Avoir un chiffre d\u2019affaire sup\u00e9rieur ou \u00e9gal \u00e0 8 000 \u20ac au dernier exercice clos. Pour les entreprises n\u2019ayant pas encore clos d\u2019exercice, le chiffre d\u2019affaire mensuel moyen sur la p\u00e9riode compris entre la date de cr\u00e9ation de l\u2019entreprise et le 29 f\u00e9vrier 2020 doit \u00eatre sup\u00e9rieur \u00e0 667 \u20ac.<\/li>\n<\/ul>\n<p>Pour les entreprises cr\u00e9\u00e9es apr\u00e8s le 1 <sup>er<\/sup> mars, le chiffre d\u2019affaire r\u00e9alis\u00e9 jusqu\u2019au 15 mars, ramen\u00e9 sur un mois, doit \u00eatre sup\u00e9rieur ou \u00e9gal \u00e0 667 \u20ac .<\/p>\n<ul>\n<li>Le solde de l\u2019entreprise doit \u00eatre n\u00e9gatif entre : l\u2019actif disponible et les dettes exigibles \u00e0 trente jours et le montant des charges fixes.\u00a0 Il convient notamment de <strong><span style=\"color: #0000ff;\">prendre en compte en tant que charges fixes les loyers commerciaux ou professionnels qui resteraient \u00e0 r\u00e9gler pour les mois de mars \u00e0 ao\u00fbt 2020.<\/span><\/strong><\/li>\n<\/ul>\n<ul>\n<li>Si la discoth\u00e8que a d\u00e9j\u00e0 b\u00e9n\u00e9fici\u00e9 du volet 2 du fonds de solidarit\u00e9, le montant d\u00e9j\u00e0 attribu\u00e9 sera d\u00e9duit de sa premi\u00e8re demande se basant sur le pr\u00e9sent d\u00e9cret.<\/li>\n<li>Si la discoth\u00e8que forme plusieurs demandes pour la p\u00e9riode de juin \u00e0 ao\u00fbt, il ne sera plus tenu compte des loyers commerciaux des mois de mars \u00e0 ao\u00fbt dans le calcul du solde de tr\u00e9sorerie.<\/li>\n<li>Si la discoth\u00e8que pr\u00e9sente un solde n\u00e9gatif inf\u00e9rieur en valeur absolue \u00e0 2 000 \u20ac l&#8217;aide est plafonn\u00e9e \u00e0 2 000 \u20ac ou au montant du solde.<\/li>\n<\/ul>\n<p>La demande est instruite par les r\u00e9gions.<\/p>\n<p><strong><span style=\"color: #ff00ff;\">La probl\u00e9matique qui est en suspens est celle de la d\u00e9finition de l&#8217;actif disponible<\/span> <\/strong>notamment si on a b\u00e9n\u00e9fici\u00e9 d&#8217;un PGE et qu&#8217;il n&#8217;a pas \u00e9t\u00e9 consomm\u00e9, son solde est-il dans l&#8217;actif ? Nous avons soulev\u00e9 la question sans r\u00e9ponse \u00e0 ce jour. D\u00e8s qu&#8217;elle nous parvient, vous serez inform\u00e9s. Il semblerait que l&#8217;empilement des textes sur le D\u00e9cret initial -et notamment sa r\u00e9forme en juin-<\/p>\n<p>Pour <strong><span style=\"color: #ff00ff;\">ceux qui ont des tr\u00e9soreries \u00e0 un titre ou un autre<\/span><\/strong>, il faut voir \u00e0 quoi elles correspondent. Beaucoup de ces &#8220;tr\u00e9soreries&#8221; sont artificielles soit salaires en Compte(s) Courant(s) d&#8217;associ\u00e9s, soit b\u00e9n\u00e9fices non distribu\u00e9s, soit dettes fournisseurs ou envers des tiers&#8230;\u00a0 \u00a0Beaucoup de possibilit\u00e9s !\u00a0 \u00a0 \u00a0 \u00a0 Il faut donc bien analyser ce qui est disponible dans cet &#8220;actif&#8221; . Le plus souvent, cet actif n&#8217;est en effet pas vraiment &#8220;disponible&#8221; puisque exigible \u00e0 tout moment.<\/p>\n<p><strong><span style=\"color: #0000ff;\">L&#8217;aide s&#8217;analyse en une subvention destin\u00e9e \u00e0 compenser la perte de CA et donc \u00e0 prendre en charge les frais fixes. Il serait inique et pour le moins &#8220;paradoxal&#8221; (pour ne pas dire plus) qu&#8217;en soient priv\u00e9s ceux qui ont fait la preuve de leurs qualit\u00e9s de gestionnaire et de chef d&#8217;entreprise ! On se bat dans ce sens.<\/span><\/strong><\/p>\n<p>Bien cordialement,<\/p>\n<p>Patrick MALVA\u00cbS<\/p>\n","protected":false},"excerpt":{"rendered":"<p>Chers amis me revoil\u00e0 ! Il semble que tout se dit et n&#8217;importe quoi. Il est vrai que le D\u00e9cret appliquant nos &#8220;accords&#8221; n&#8217;est pas conforme \u00e0 ce qui nous avait \u00e9t\u00e9 dit et&#8230;<\/p>\n","protected":false},"author":2,"featured_media":0,"comment_status":"closed","ping_status":"open","sticky":false,"template":"","format":"standard","meta":{"_mi_skip_tracking":false,"_monsterinsights_sitenote_active":false,"_monsterinsights_sitenote_note":"","_monsterinsights_sitenote_category":0},"categories":[97,1],"tags":[],"_links":{"self":[{"href":"https:\/\/sndll.info\/index.php?rest_route=\/wp\/v2\/posts\/3553"}],"collection":[{"href":"https:\/\/sndll.info\/index.php?rest_route=\/wp\/v2\/posts"}],"about":[{"href":"https:\/\/sndll.info\/index.php?rest_route=\/wp\/v2\/types\/post"}],"author":[{"embeddable":true,"href":"https:\/\/sndll.info\/index.php?rest_route=\/wp\/v2\/users\/2"}],"replies":[{"embeddable":true,"href":"https:\/\/sndll.info\/index.php?rest_route=%2Fwp%2Fv2%2Fcomments&post=3553"}],"version-history":[{"count":6,"href":"https:\/\/sndll.info\/index.php?rest_route=\/wp\/v2\/posts\/3553\/revisions"}],"predecessor-version":[{"id":3564,"href":"https:\/\/sndll.info\/index.php?rest_route=\/wp\/v2\/posts\/3553\/revisions\/3564"}],"wp:attachment":[{"href":"https:\/\/sndll.info\/index.php?rest_route=%2Fwp%2Fv2%2Fmedia&parent=3553"}],"wp:term":[{"taxonomy":"category","embeddable":true,"href":"https:\/\/sndll.info\/index.php?rest_route=%2Fwp%2Fv2%2Fcategories&post=3553"},{"taxonomy":"post_tag","embeddable":true,"href":"https:\/\/sndll.info\/index.php?rest_route=%2Fwp%2Fv2%2Ftags&post=3553"}],"curies":[{"name":"wp","href":"https:\/\/api.w.org\/{rel}","templated":true}]}}