{"id":3689,"date":"2020-08-25T13:24:24","date_gmt":"2020-08-25T11:24:24","guid":{"rendered":"http:\/\/pjcrpry.cluster031.hosting.ovh.net\/?p=3689"},"modified":"2020-09-12T10:41:11","modified_gmt":"2020-09-12T08:41:11","slug":"insupportable-discriminations","status":"publish","type":"post","link":"https:\/\/sndll.info\/?p=3689","title":{"rendered":"INTOLERABLES DISCRIMINATIONS !"},"content":{"rendered":"<p>Chers amis, chers confr\u00e8res,<\/p>\n<p>Deux informations qui illustrent, chacune \u00e0 sa fa\u00e7on, l&#8217;ostracisme, la discrimination, le m\u00e9pris pour nos m\u00e9tiers. Et l&#8217;obscurantisme des d\u00e9cideurs.<\/p>\n<p><strong><span style=\"color: #0000ff;\">1\u00b0) Accidentologie fatale:<\/span><\/strong><\/p>\n<p>Le 12 Ao\u00fbt dernier je faisais une d\u00e9couverte int\u00e9ressante (voir mon &#8220;papier&#8221; de ce jour l\u00e0): pendant le confinement, alors que les discoth\u00e8ques sont ferm\u00e9es, la mortalit\u00e9 des jeunes par accident sur la route la nuit en Juin a progress\u00e9, alors que la circulation a baiss\u00e9 de presque 50% et que la mortalit\u00e9 a baiss\u00e9 selon la m\u00eame courbe. Conclusion: <strong><span style=\"color: #0000ff;\">l&#8217;accidentologie routi\u00e8re la nuit des jeunes est plus grande quand les discoth\u00e8ques sont ferm\u00e9es\u00a0 !\u00a0<span style=\"color: #ff00ff;\">En voil\u00e0 une nouvelle qui est de taille et confirme ce que nous disons depuis toujours !\ud83d\ude44<\/span><\/span><\/strong><\/p>\n<p><span style=\"color: #000000;\">J&#8217;aime bien v\u00e9rifier mes conclusions (surtout quand elles sont limit\u00e9es dans le temps) et j&#8217;ai regard\u00e9 ce jour les statistiques du mois de Juillet qui viennent de sortir pour voir si elles corroborent mon analyse rapide. Avec pr\u00e8s d&#8217;un quart de trafic en moins (pas calcul\u00e9 mais &#8220;\u00e9valu\u00e9&#8221;) \u00e0 cause de la crise, il a \u00e9t\u00e9 constat\u00e9\u00a0 sur les routes de France, toute population et toutes classes d&#8217;\u00e2ges confondues : moins 11,3% de tu\u00e9s. <span style=\"color: #ff00ff;\"><strong>Gr\u00e2ce \u00e0 la fermeture des discoth\u00e8ques ? vous n&#8217;y \u00eates pas du tout !\u00a0<\/strong><\/span><\/span><\/p>\n<p>La mortalit\u00e9 des moins de 18 ans (une partie a l&#8217;\u00e2ge de venir chez nous) a bondi de 55% (28 tu\u00e9s), notre &#8220;coeur de cible&#8221; les 18-24 ans a vu le nombre de tu\u00e9s (55) rester stable. Cette classe d&#8217;\u00e2ge, discoth\u00e8ques en fonctionnement, repr\u00e9sentait en Juillet 2019: 16,7 % des tu\u00e9s, elle en repr\u00e9sente en 2020, discoth\u00e8ques ferm\u00e9es, pr\u00e8s de 19 % ! La baisse de la mortalit\u00e9 de cette classe d&#8217;\u00e2ge priv\u00e9e de discoth\u00e8ques aurait du baisser aussi au moins de 11% comme le reste de la population et m\u00eame beaucoup plus puisque le trafic li\u00e9 \u00e0 la fr\u00e9quentation des \u00e9tablissements de nuit a baiss\u00e9 de 100 %&#8230;<\/p>\n<p><span style=\"color: #0000ff;\"><strong>En valeur absolue, comme en valeur relative, en Juillet, les jeunes 18-24 ans se tuent davantage sur la route quand les discoth\u00e8ques sont ferm\u00e9es !<\/strong><\/span><\/p>\n<p>Voil\u00e0 un enseignement int\u00e9ressant car il porte maintenant sur plusieurs mois. J&#8217;aurai, bien s\u00fbr, l&#8217;honn\u00eatet\u00e9 intellectuelle de calculer sur toute la p\u00e9riode de fermeture, si les discoth\u00e8ques rouvrent bien s\u00fbr! Il le faudrait &#8230; ne serait-ce que pour la S\u00e9curit\u00e9 Routi\u00e8re, apparemment \ud83d\ude16\u2757<\/p>\n<p>&nbsp;<\/p>\n<p><strong><span style=\"color: #0000ff;\">2\u00b0) Conseil Scientifique :<\/span><\/strong><\/p>\n<p>Comme <strong><span style=\"color: #ff00ff;\">les id\u00e9es re\u00e7ues\u00a0 et une forme de discrimination \u00e0 notre \u00e9gard et \u00e0 celui des jeunes ont la vie dure<\/span><\/strong>, j&#8217;ai lu le dernier rapport du Conseil Scientifique sur les discoth\u00e8ques.\u00a0 Il vaut son pesant de cacahu\u00e8tes !<\/p>\n<p>Ce &#8220;Conseil&#8221;, \u00e9clair\u00e9, comme on va le voir, s&#8217;est vu sollicit\u00e9 par mail du 18 Juillet de la Direction de la Sant\u00e9 pour un <span style=\"color: #0000ff;\">avis &#8220;relatif \u00e0 la possibilit\u00e9 de<\/span> <span style=\"color: #0000ff;\">r\u00e9ouverture des discoth\u00e8ques<\/span> dans le contexte de la pand\u00e9mie de Covid-19&#8243;. Demande louable sauf qu&#8217;une telle demande d&#8217;avis aurait du \u00eatre exig\u00e9e pour d&#8217;autres aussi. On admirera la &#8220;pudeur&#8221; de la DGS , et du gouvernement en g\u00e9n\u00e9ral, sur toutes ces &#8220;activit\u00e9s&#8221; contrefaisant les discoth\u00e8ques, que chacun a pu voir sur tous les sites et qui scandalisent les Fran\u00e7ais dont on met la sant\u00e9 en danger. Ce jour ils en payent la facture&#8230;<\/p>\n<p>Bref <strong><span style=\"color: #ff00ff;\">on ne vise que les discoth\u00e8ques<\/span><\/strong>, c&#8217;est en soi un signe (<strong><span style=\"color: #ff00ff;\">la tradition du bouc \u00e9missaire remonte aux origines<\/span><\/strong>). Pour que le Conseil ne s&#8217;\u00e9gare pas, &#8220;on&#8221; lui dirige sa r\u00e9flexion, non pas en lui demandant de r\u00e9fl\u00e9chir dans le cadre g\u00e9n\u00e9ral des divertissements assimilables et concurrents mais en pr\u00e9cisant qu&#8217;il doit se prononcer sur &#8220;la <span style=\"color: #0000ff;\">faisabilit\u00e9<\/span> et la nature des mesures barri\u00e8res et de distanciation physique<span style=\"color: #0000ff;\"> envisageables<\/span> dans les discoth\u00e8ques pour le public accueilli, les travailleurs de l&#8217;\u00e9tablissement et les <span style=\"color: #0000ff;\">\u00e9ventuels<\/span> intervenants ext\u00e9rieurs (artistes, prestataires) compte tenu de l&#8217;organisation de l&#8217;\u00e9tablissement et des activit\u00e9s <span style=\"color: #0000ff;\">susceptibles<\/span> d&#8217;y \u00eatre pratiqu\u00e9es&#8221; &#8230;\u00a0 Ouf, fermez le ban !<\/p>\n<p><strong><span style=\"color: #0000ff;\">Les mots ne sont jamais neutres<\/span> <\/strong>et voil\u00e0 ce qui s&#8217;inscrit en filigrane: en discoth\u00e8que, pas question de mesures barri\u00e8res sp\u00e9cifiques \u00e0 \u00e9tudier. On se penche sur la &#8220;<span style=\"color: #0000ff;\">faisabilit\u00e9<\/span>&#8221; de mesures &#8220;<span style=\"color: #0000ff;\">envisageables<\/span>&#8221; pour des &#8220;<span style=\"color: #0000ff;\">\u00e9ventuels<\/span> intervenants&#8221; et des &#8220;activit\u00e9s &#8220;<span style=\"color: #0000ff;\">susceptibles<\/span>&#8221; &#8230; ces qualificatifs expriment d&#8217;entr\u00e9e plus qu&#8217;un doute, une impossibilit\u00e9 qu&#8217;il faut acter : &#8221; faisable, envisageable, susceptible, \u00e9ventuel &#8221; <strong><span style=\"color: #0000ff;\">L<\/span><span style=\"color: #0000ff;\">e doute <\/span><\/strong>est point\u00e9 par ces suffixes &#8220;able&#8221; et &#8220;ible&#8221;. Au passage, on prend finement (?) le personnel en otage comme si toutes les personnes n&#8217;\u00e9taient pas sur le m\u00eame plan . L&#8217;alibi social ! Grossier stratag\u00e8me .<\/p>\n<p>A partir de l\u00e0,<strong><span style=\"color: #0000ff;\"> le Conseil<\/span><\/strong> &#8220;bosse&#8221;, en toute objectivit\u00e9 bien s\u00fbr, <strong><span style=\"color: #0000ff;\">pas plomb\u00e9<\/span> <\/strong>le moins du monde par l&#8217;\u00e9nonc\u00e9 de la mission<strong><span style=\"color: #0000ff;\"> ni effleur\u00e9 par l&#8217;id\u00e9e que la<\/span> <span style=\"color: #0000ff;\">r\u00e9flexion devrait \u00eatre plac\u00e9e -au nom m\u00eame de pr\u00e9occupations sanitaires- dans un cadre plus vaste<\/span> <\/strong>: que se passe-t-il d&#8217;un point de vue sanitaire depuis la fermeture des clubs, quels effets collat\u00e9raux ou secondaires cela a-t-il g\u00e9n\u00e9r\u00e9 ? Il faut pas trop\u00a0 en demander ni leur demander de se poser la probl\u00e9matique compl\u00e8te ! Le ministre l&#8217;a pas demand\u00e9&#8230;.\u00a0 Face aux d\u00e9bordements en tous genres: on fait l&#8217;autruche !<\/p>\n<p><strong><span style=\"color: #0000ff;\">Le Conseil<\/span> <\/strong>\u00e9trille (\u00e0 juste titre pour moi) la proposition UMIH d&#8217;un protocole qui transforme les discoth\u00e8ques en BAM, mais poursuit sans rire qu&#8217;il y a &#8220;obligation du masque dans les ERP donc en particulier au sein des discoth\u00e8ques qu&#8217;il s&#8217;agisse de locaux couverts ou en ext\u00e9rieurs&#8221; mais ils ne sont m\u00eame <strong><span style=\"color: #0000ff;\">pas au courant que les discoth\u00e8ques sont ferm\u00e9es ?!!\u00a0<\/span><\/strong> Il se paye le luxe d&#8217;opposer aux discoth\u00e8ques ensuite une &#8220;recherche\u00a0 webographique au niveau international&#8221; qui serait d\u00e9favorable. Soit,\u00a0 mais pas besoin de &#8220;webographie&#8221; pouss\u00e9e ou internationale pour constater ce qui se passe en France, non ?! <strong><span style=\"color: #0000ff;\">On met en avant le plan International pour \u00e9luder le plan national !<\/span> <\/strong><\/p>\n<p>Ne savent-ils pas nos scientifiques de haut vol que &#8220;le savant qui ne sait pas est une esp\u00e8ce impopulaire et peu cr\u00e9dible&#8221; (Pierre Jolliot-Curie).<\/p>\n<p>On continue la lecture de <strong><span style=\"color: #0000ff;\">cet avis,\u00a0 \u00e9clair\u00e9<\/span> <\/strong>&#8230; \u00e9crit-il par son pr\u00e9c\u00e9dent avis du 2 juillet 2020 sur les &#8220;activit\u00e9s physiques adapt\u00e9es&#8221; (ou APA) r\u00e9serv\u00e9es aux <strong><span style=\"color: #ff00ff;\">personnes atteintes de maladies chroniques et aux personnes \u00e2g\u00e9es car certaines recommandations s&#8217;appliquent aux discoth\u00e8ques<\/span> <span style=\"color: #ff00ff;\"><span style=\"color: #0000ff;\">&#8220;par analogie&#8221;<\/span><\/span><span style=\"color: #ff00ff;\"><span style=\"color: #0000ff;\">!!! <\/span><\/span><\/strong>l\u00e0, c&#8217;est la cerise sur le g\u00e2teau. La r\u00e9alit\u00e9 d\u00e9passe la fiction. C&#8217;est vraiment \u00e9crit ! (avis joint ci-dessous) .Notre m\u00e9tier a vraiment \u00e9t\u00e9 bien cern\u00e9 par ce Conseil, professeur Tournesol (sympathie en moins) !<\/p>\n<p>Dans la m\u00eame veine d&#8217;inspiration, le Conseil, pour \u00eatre d\u00e9cisif dans son avis, \u00e9crit: &#8220;De plus, les <span style=\"color: #ff00ff;\"><strong>risques d&#8217;a\u00e9rosols li\u00e9s aux activit\u00e9s de chants<\/strong> <\/span>sont \u00e0 prendre en compte &#8230;&#8221; et cite les contaminations survenues dans les choeurs d&#8217;\u00e9glises et le\u00a0 chant\u00a0 choral ! Doux J\u00e9sus&#8230; on est vraiment dans\u00a0 les pratiques de discoth\u00e8ques?! Au coeur m\u00eame.\u00a0 Appelez Madonna \u00e0 la rescousse!\u00a0 Vite qu&#8217;on la mette au sein (?!) du Conseil. Elle y a toute sa place.<\/p>\n<p>Coup de pied de l&#8217;\u00e2ne: la DGS avait \u00e9voqu\u00e9 assez perfidement dans sa question &#8220;les activit\u00e9s <span style=\"color: #0000ff;\"><strong>susceptibles<\/strong> <\/span>d&#8217;y \u00eatre pratiqu\u00e9es (en discoth\u00e8que)&#8221; et le Conseil embo\u00eete le pas, docilement et \u00e9voque &#8220;les risques de d\u00e9sinhibition des comportements li\u00e9e \u00e0 la consommation de boissons alcoolis\u00e9es <strong><span style=\"color: #0000ff;\">voire<\/span> <\/strong><span style=\"color: #0000ff;\">d&#8217;autres substances<\/span> &#8221; Le pompon !!! Le Conseil, apr\u00e8s le chant gr\u00e9gorien parle surement du vin de messe ou des drag\u00e9es ?<\/p>\n<p>Apr\u00e8s on s&#8217;\u00e9tonnera pas de n&#8217;\u00eatre finalement\u00a0 pas \u00e0 vraiment en odeur de saintet\u00e9 !<\/p>\n<p>Pudeur de jeune fille pour finir (la vierge, toujours&#8230;): cette &#8220;recommandation est \u00e9labor\u00e9e sur la base des connaissances disponibles \u00e0 la date de publication&#8221; (23 Juillet 2020).<\/p>\n<p><strong><span style=\"color: #ff00ff;\">Visiblement les scientifiques n&#8217;ont pas fait beaucoup d&#8217;efforts pour \u00e9largir leurs connaissances, base pourtant de toute recherche rationnelle. C&#8217;est inqui\u00e9tant de remettre ainsi le sort de citoyens entre les mains de gens qui, sous couvert de &#8220;connaissances scientifiques&#8221;, sont \u00e9loign\u00e9s de toute r\u00e9alit\u00e9 et arrivent \u00e0 l&#8217;inverse de leur mission proclam\u00e9e: ils mettent en danger la sant\u00e9 des Fran\u00e7ais !<\/span><\/strong><\/p>\n<p>Patrick MALVA\u00cbS<\/p>\n<p>L&#8217;avis surr\u00e9aliste est in extenso dans le lien ci-dessous, si, si !!!<\/p>\n<p><a href=\"https:\/\/sndll.info\/wp-content\/uploads\/2020\/08\/hcspa20200723_covidpossiderouvedesdisco.pdf\">hcspa20200723_covidpossiderouvedesdisco<\/a><\/p>\n","protected":false},"excerpt":{"rendered":"<p>Chers amis, chers confr\u00e8res, Deux informations qui illustrent, chacune \u00e0 sa fa\u00e7on, l&#8217;ostracisme, la discrimination, le m\u00e9pris pour nos m\u00e9tiers. Et l&#8217;obscurantisme des d\u00e9cideurs. 1\u00b0) Accidentologie fatale: Le 12 Ao\u00fbt dernier je faisais une&#8230;<\/p>\n","protected":false},"author":2,"featured_media":0,"comment_status":"closed","ping_status":"open","sticky":false,"template":"","format":"standard","meta":{"_mi_skip_tracking":false,"_monsterinsights_sitenote_active":false,"_monsterinsights_sitenote_note":"","_monsterinsights_sitenote_category":0},"categories":[97,1],"tags":[],"_links":{"self":[{"href":"https:\/\/sndll.info\/index.php?rest_route=\/wp\/v2\/posts\/3689"}],"collection":[{"href":"https:\/\/sndll.info\/index.php?rest_route=\/wp\/v2\/posts"}],"about":[{"href":"https:\/\/sndll.info\/index.php?rest_route=\/wp\/v2\/types\/post"}],"author":[{"embeddable":true,"href":"https:\/\/sndll.info\/index.php?rest_route=\/wp\/v2\/users\/2"}],"replies":[{"embeddable":true,"href":"https:\/\/sndll.info\/index.php?rest_route=%2Fwp%2Fv2%2Fcomments&post=3689"}],"version-history":[{"count":6,"href":"https:\/\/sndll.info\/index.php?rest_route=\/wp\/v2\/posts\/3689\/revisions"}],"predecessor-version":[{"id":3701,"href":"https:\/\/sndll.info\/index.php?rest_route=\/wp\/v2\/posts\/3689\/revisions\/3701"}],"wp:attachment":[{"href":"https:\/\/sndll.info\/index.php?rest_route=%2Fwp%2Fv2%2Fmedia&parent=3689"}],"wp:term":[{"taxonomy":"category","embeddable":true,"href":"https:\/\/sndll.info\/index.php?rest_route=%2Fwp%2Fv2%2Fcategories&post=3689"},{"taxonomy":"post_tag","embeddable":true,"href":"https:\/\/sndll.info\/index.php?rest_route=%2Fwp%2Fv2%2Ftags&post=3689"}],"curies":[{"name":"wp","href":"https:\/\/api.w.org\/{rel}","templated":true}]}}