{"id":3722,"date":"2020-08-26T18:34:38","date_gmt":"2020-08-26T16:34:38","guid":{"rendered":"http:\/\/pjcrpry.cluster031.hosting.ovh.net\/?p=3722"},"modified":"2020-09-12T10:40:21","modified_gmt":"2020-09-12T08:40:21","slug":"le-pge-est-il-un-element-dactif","status":"publish","type":"post","link":"https:\/\/sndll.info\/?p=3722","title":{"rendered":"Le PGE est-il un \u00e9l\u00e9ment d&#8217;actif ?"},"content":{"rendered":"<p>Chers amis, chers confr\u00e8res,<\/p>\n<p>Il y a 8 jours, <strong>l<span style=\"color: #0000ff;\">e Pr\u00e9sident \u00a0CHENET, Pr\u00e9sident du GNI avec lequel nous sommes associ\u00e9s, \u00e9changeait d\u00e8s le 19 Ao\u00fbt<\/span> <span style=\"color: #0000ff;\">\u00e0 ma demande avec le Ministre<\/span> <span style=\"color: #0000ff;\">Alain Griset<\/span> <\/strong>\u00e0 propos des aides aux discoth\u00e8ques et du nouveau d\u00e9cret, si attendu du J.O. du 15 Ao\u00fbt. Depuis, finalement,\u00a0 l&#8217;UMIH s&#8217;est d\u00e9cid\u00e9e \u00e0 faire la m\u00eame d\u00e9marche avec une semaine de retard et je m&#8217;en f\u00e9licite ! Mais quand il y a p\u00e9ril, il faut \u00eatre tr\u00e8s r\u00e9actif !!!<\/p>\n<p>Je suis inquiet, notamment, sur <strong><span style=\"color: #ff00ff;\">l&#8217;interpr\u00e9tation de ce que le Minist\u00e8re comprend dans &#8220;l&#8217;actif&#8221;<\/span><\/strong> qui conditionne les aides du fonds , et singuli\u00e8rement du traitement du PGE. Rentre-t-il ou non dans l&#8217;actif de\u00a0 l&#8217;\u00e9tablissement qui l&#8217;a per\u00e7u ? De m\u00eame des comptes courants d&#8217;associ\u00e9s ou des r\u00e9sultats rest\u00e9s dans les comptes car non distribu\u00e9s ? etc &#8230;<\/p>\n<p>Vous vous doutez bien que<span style=\"color: #ff00ff;\"> <strong>le SNDLL a son id\u00e9e<\/strong><\/span> et ses services et Conseils ont fait avec moi le (grand) tour de la question !!! J<\/p>\n<p>Suite \u00e0 ce contact une r\u00e9union t\u00e9l\u00e9phonique aura lieu ce vendredi 28 Ao\u00fbt sans que l&#8217;ordre du jour ait \u00e9t\u00e9 fix\u00e9 &#8230; et ce soir 26, le Pr\u00e9sident CHENET a eu un nouvel entretien avec MM. Le Maire et Griset. Un autre RDV aura lieu le 3 septembre. Nous ne laissons rien au hasard au SNDLL.<\/p>\n<p>Face aux incertitudes, je tiens toutefois \u00e0 vous donner aujourd&#8217;hui l&#8217;interpr\u00e9tation et <strong><span style=\"color: #0000ff;\">la position tr\u00e8s claires du SNDLL depuis le d\u00e9but : le PGE ne peut \u00eatre consid\u00e9r\u00e9 dans l&#8217;actif des \u00e9tablissements et j&#8217;ajouterais que je pense qu&#8217;il ne le sera pas.\u00a0<\/span><\/strong><\/p>\n<p>Volontairement, j&#8217;ai communiqu\u00e9 jusqu&#8217;\u00e0 ce jour uniquement sur les \u00e9l\u00e9ments de passif et vous ai ouvert des pistes car personne ne l&#8217;a fait. J&#8217;esp\u00e8re que mon article sur la question aura donn\u00e9 quelques id\u00e9es \u00e0 certains &#8230; mais, parfois, je me demande si mes articles sont utiles ?!<\/p>\n<p>Mais j&#8217;ai tu notre position sur le PGE jusqu&#8217;\u00e0 ce jour pour laisser les uns et les autres d\u00e9fenseurs du m\u00e9tier livrer leur(s) analyse(s). Je ne suis pas d\u00e9\u00e7u: personne ne s&#8217;est prononc\u00e9 ! On nous attend &#8230;je sais, question d&#8217;habitude !<\/p>\n<p>Demain je reviendrai donc aupr\u00e8s de vous sur mes \u00e9l\u00e9ments d&#8217;analyse et vous en livrerai le contenu pr\u00e9cis. J&#8217;en profiterai pour faire le tour de la question des actifs \u00e0 prendre en compte, selon nous.<\/p>\n<p>Bien cordialement,<\/p>\n<p>Patrick MALVA\u00cbS<\/p>\n<p>&nbsp;<\/p>\n<p>&nbsp;<\/p>\n<p>&nbsp;<\/p>\n<p>&nbsp;<\/p>\n","protected":false},"excerpt":{"rendered":"<p>Chers amis, chers confr\u00e8res, Il y a 8 jours, le Pr\u00e9sident \u00a0CHENET, Pr\u00e9sident du GNI avec lequel nous sommes associ\u00e9s, \u00e9changeait d\u00e8s le 19 Ao\u00fbt \u00e0 ma demande avec le Ministre Alain Griset \u00e0&#8230;<\/p>\n","protected":false},"author":2,"featured_media":0,"comment_status":"closed","ping_status":"open","sticky":false,"template":"","format":"standard","meta":{"_mi_skip_tracking":false,"_monsterinsights_sitenote_active":false,"_monsterinsights_sitenote_note":"","_monsterinsights_sitenote_category":0},"categories":[97,1],"tags":[],"_links":{"self":[{"href":"https:\/\/sndll.info\/index.php?rest_route=\/wp\/v2\/posts\/3722"}],"collection":[{"href":"https:\/\/sndll.info\/index.php?rest_route=\/wp\/v2\/posts"}],"about":[{"href":"https:\/\/sndll.info\/index.php?rest_route=\/wp\/v2\/types\/post"}],"author":[{"embeddable":true,"href":"https:\/\/sndll.info\/index.php?rest_route=\/wp\/v2\/users\/2"}],"replies":[{"embeddable":true,"href":"https:\/\/sndll.info\/index.php?rest_route=%2Fwp%2Fv2%2Fcomments&post=3722"}],"version-history":[{"count":2,"href":"https:\/\/sndll.info\/index.php?rest_route=\/wp\/v2\/posts\/3722\/revisions"}],"predecessor-version":[{"id":3724,"href":"https:\/\/sndll.info\/index.php?rest_route=\/wp\/v2\/posts\/3722\/revisions\/3724"}],"wp:attachment":[{"href":"https:\/\/sndll.info\/index.php?rest_route=%2Fwp%2Fv2%2Fmedia&parent=3722"}],"wp:term":[{"taxonomy":"category","embeddable":true,"href":"https:\/\/sndll.info\/index.php?rest_route=%2Fwp%2Fv2%2Fcategories&post=3722"},{"taxonomy":"post_tag","embeddable":true,"href":"https:\/\/sndll.info\/index.php?rest_route=%2Fwp%2Fv2%2Ftags&post=3722"}],"curies":[{"name":"wp","href":"https:\/\/api.w.org\/{rel}","templated":true}]}}