{"id":3747,"date":"2020-08-28T21:24:22","date_gmt":"2020-08-28T19:24:22","guid":{"rendered":"http:\/\/pjcrpry.cluster031.hosting.ovh.net\/?p=3747"},"modified":"2020-09-12T10:39:29","modified_gmt":"2020-09-12T08:39:29","slug":"les-nouveaux-acquis-la-reunion-du-28-aout-avec-le-cabinet-de-m-griset","status":"publish","type":"post","link":"https:\/\/sndll.info\/?p=3747","title":{"rendered":"LES NOUVEAUX ACQUIS: La r\u00e9union du 28 Ao\u00fbt avec le Cabinet de M. GRISET"},"content":{"rendered":"<p>Chers amis, chers confr\u00e8res,<\/p>\n<p><strong><span style=\"color: #0000ff;\">La r\u00e9union avec le Cabinet de Mr Alain Griset vient de se terminer.<\/span><\/strong> Je suis heureux d&#8217;y avoir particip\u00e9 tellement certains\u00a0 pr\u00e9sents semblaient plus pr\u00e9occup\u00e9s d&#8217;adresser en direct des infos sur les sites sociaux pour &#8220;tirer la couverture \u00e0 eux&#8221; sans prendre part aux d\u00e9bats ni avancer d&#8217;arguments&#8230; L&#8217;essentiel n&#8217;est pas l\u00e0, c&#8217;est assez pu\u00e9ril et, en r\u00e9alit\u00e9,\u00a0 peu respectueux des discoth\u00e8ques. Mais bon &#8230;<\/p>\n<p>Plus int\u00e9ressants,\u00a0 <strong><span style=\"color: #0000ff;\">les points \u00e9voqu\u00e9s:<\/span><\/strong><\/p>\n<p>Le dispositif d&#8217;acc\u00e8s au <strong><span style=\"color: #ff00ff;\">premier volet du fonds de solidarit\u00e9 (1 500 \u20ac) sera ouvert lundi qui vient.<\/span><\/strong><\/p>\n<p><strong><span style=\"color: #ff00ff;\">Le deuxi\u00e8me volet (15 000 \u20acmaxi\/mois) sera ouvert<\/span><\/strong> sur les sites des Conseils r\u00e9gionaux l<strong><span style=\"color: #ff00ff;\">e 9 Septembre<\/span><\/strong><\/p>\n<p>Le d\u00e9tail du <strong><span style=\"color: #ff00ff;\">D\u00e9cret<\/span><\/strong> sera revu pour <strong><span style=\"color: #ff00ff;\">l&#8217;adapter notamment:<\/span><\/strong><\/p>\n<ul>\n<li><strong><span style=\"color: #0000ff;\">LE PGE a \u00e9t\u00e9 retir\u00e9 des actifs disponibles.<\/span><\/strong> Je vous l&#8217;avais annonc\u00e9 <strong>en avant premi\u00e8re dans mon article du 26 (le relire)<\/strong>. Comme quoi on peut aller plus vite qu&#8217;une communication &#8220;en direct&#8221; sur les r\u00e9seaux ! En fait, j&#8217;avais beaucoup avanc\u00e9 sur le <strong>dossier que j&#8217;ai, personnellement, expos\u00e9.<\/strong> Toute notre \u00e9quipe avait l&#8217;argumentaire juridique pr\u00e9par\u00e9.\u00a0 En r\u00e9sum\u00e9 simplifi\u00e9: le PGE n&#8217;est pas une vraie liquidit\u00e9 mais l&#8217;octroi d&#8217; <span style=\"color: #0000ff;\">une r\u00e9serve qui contribue de fa\u00e7on artificielle, dans un contexte exceptionnel<\/span>, \u00e0 \u00e9viter l&#8217;ouverture d&#8217;une proc\u00e9dure pouvant aboutir \u00e0 la liquidation judiciaire. J&#8217;ai repris l&#8217;argumentaire de la chambre commerciale de la cour de Cassation et je l&#8217;avais fait savoir, indirectement, notamment en \u00e9crivant mon article d&#8217;il y a deux jours. Le PGE n&#8217;est donc pas un actif disponible.<\/li>\n<li>Concernant les <strong><span style=\"color: #0000ff;\">apports en comptes courants d&#8217;associ\u00e9s.<\/span> <\/strong>J&#8217;ai indiqu\u00e9 qu&#8217;ils ne pouvaient \u00eatre consid\u00e9r\u00e9s comme actif &#8220;disponible&#8221; non plus dans la mesure o\u00f9 (<span style=\"color: #0000ff;\">comme les r\u00e9sultats non distribu\u00e9s<\/span>) il suffit que les associ\u00e9s demandent la liquidation de ces comptes courants pour qu&#8217;ils disparaissent. <span style=\"color: #0000ff;\">Ils ne sont donc pas &#8220;disponibles&#8221; (<\/span>sauf cas rarissimes o\u00f9 existe une clause de blocage). L&#8217;associ\u00e9 est libre \u00e0 tout moment de demander \u00e0 la soci\u00e9t\u00e9 son remboursement (Art. L 640-1 al.1 du Code du Commerce le reprend). Le Cabinet va r\u00e9\u00e9crire le texte.<\/li>\n<li>J&#8217;ai soulev\u00e9 le probl\u00e8me des <strong><span style=\"color: #0000ff;\">professionnels qui ne b\u00e9n\u00e9ficieraient pas du volet 1<\/span><\/strong>, notamment parce qu&#8217;ils per\u00e7oivent une retraite sup\u00e9rieure \u00e0\u00a0 \u00a01 500 \u20ac. <strong><span style=\"color: #0000ff;\">Cela les priverait du volet 2 automatiquement<\/span><\/strong>, ce qui serait injuste. Nous avons \u00e9t\u00e9 compris et il nous a \u00e9t\u00e9 assur\u00e9 qu&#8217;il fallait comprendre qu&#8217;ils \u00e9taient bien b\u00e9n\u00e9ficiaires du volet 1, m\u00eame s&#8217;ils n&#8217;avaient rien touch\u00e9 du fait de leur retraite, et qu&#8217;en cons\u00e9quence ils pourraient pr\u00e9tendre au volet 2. La question va \u00eatre la r\u00e9\u00e9criture ou le d\u00e9veloppement sur le site informatique. On va attendre cela.<\/li>\n<li>J&#8217;ai abord\u00e9 la situation de <strong><span style=\"color: #0000ff;\">ceux qui \u00e9tant\u00a0 en proc\u00e9dure collective (r\u00e8glement judiciaire) n&#8217;avaient pu produire de plan de r\u00e8glement<\/span><\/strong> car le Tribunal de Commerce avait refus\u00e9 de le faire tant qu&#8217;une r\u00e9ouverture n&#8217;\u00e9tait pas pr\u00e9visible. J&#8217;ai sugg\u00e9r\u00e9 que sur attestation du mandataire cela puisse \u00eatre contourn\u00e9, \u00e0 juste titre. Demain je ferai un courrier au Ministre sur ce cas particulier.<\/li>\n<li>J&#8217;ai plaid\u00e9 pour <strong><span style=\"color: #0000ff;\">les \u00e9tablissements cumulant des activit\u00e9s, N et P par exemple<\/span><\/strong>, interd\u00e9pendantes (Un restaurant et une discoth\u00e8que) mais dont celle qui n&#8217;est pas &#8220;P&#8221; a pu ouvrir. Il a \u00e9t\u00e9 convenu de voir \u00e0 leur faire \u00e9tablir la part de chacune de ces activit\u00e9s pour prendre en charge le type P ferm\u00e9. Garder 5 ans les \u00e9l\u00e9ments qui permettent d&#8217;isoler les comptas, en cas de contr\u00f4les a posteriori. OK.<\/li>\n<li><strong><span style=\"color: #0000ff;\">Les travaux (leur amortissement) seraient dans les dettes exigibles. Normal !<\/span><\/strong><\/li>\n<\/ul>\n<p>Je passe le reste (abandon de l&#8217;exigence, par exemple, d&#8217;avoir un salari\u00e9 au moins) et les errements ou \u00e9tats d&#8217;\u00e2me de certains. Il fallait du concret.<\/p>\n<p><strong><span style=\"color: #ff00ff;\">La profession peut \u00eatre rassur\u00e9e ce soir sur ces points d\u00e9terminants. J&#8217;en suis fier pour ceux qui m&#8217;ont accompagn\u00e9 dont Christian, Aymeric, Micha\u00ebl. Ils sont intervenus de brillante fa\u00e7on. Merci ! \ud83d\udc9b\ud83d\udc9a\ud83d\udc96<\/span><\/strong><\/p>\n<p>J&#8217;ai profit\u00e9 du climat pour soulever en outre la <strong><span style=\"color: #0000ff;\">possibilit\u00e9 de demander le b\u00e9n\u00e9fice des 3 mois d&#8217;aides &#8220;d&#8217;un coup&#8221;<\/span><\/strong>. Question &#8220;int\u00e9ressante&#8221; a-t-il \u00e9t\u00e9 jug\u00e9 mais il faut voir avec les d\u00e9veloppeurs informatiques &#8230; On verra donc &#8230;<\/p>\n<p>C&#8217;est encore moi (d\u00e9sol\u00e9, pas du nombrilisme, mais ce fut ainsi !) qui ai pos\u00e9<strong><span style=\"color: #0000ff;\"> la question qui tue<\/span> <\/strong>: &#8220;Comme on ne risque pas rouvrir en septembre et m\u00eame au del\u00e0, <strong><span style=\"color: #ff0000;\">est-ce que nous serons aid\u00e9s encore comme promis<\/span><\/strong> par M. le Pr\u00e9sident, M. le ministre (qui a parl\u00e9 d&#8217;aide p\u00e9renne&#8221; sur les m\u00e9dia) ???&#8221;<\/p>\n<p><span style=\"color: #ff0000;\"><strong>Je n&#8217;ai pas eu de r\u00e9ponse claire et nette et cela m&#8217;inqui\u00e8te,<\/strong><\/span> je ne vous le cache pas, <strong><span style=\"color: #ff0000;\">au plus haut point<\/span> <\/strong>m\u00eame si le gouvernement p\u00e9rennise le ch\u00f4mage partiel jusqu&#8217;en fin d&#8217;ann\u00e9e \u00e0 100 % (bien, merci)\u00a0 et r\u00e9fl\u00e9chit (pour toutes les activit\u00e9s) \u00e0 une solution de prise en charge des loyers (pas l&#8217;impression que cela vienne vite ?). Pour le reste ???? Principe confirm\u00e9 d&#8217;un RDV avec le Ministre A. Griset mais pas tr\u00e8s rapidement.<\/p>\n<p>Un membre du Cabinet de <strong><span style=\"color: #0000ff;\">M. Lemoyne, secr\u00e9taire d&#8217;Etat charg\u00e9 du Tourisme<\/span><\/strong>, est intervenu pour m&#8217;assurer que le CIT (Comit\u00e9 Interminist\u00e9riel du Tourisme) et son comit\u00e9 de fili\u00e8re Tourisme qui inclut une &#8220;fili\u00e8re monde de la nuit&#8221; vivait toujours et \u00e9tudierait nos probl\u00e9matiques. Certes, ai-je dit, M. Jean Baptise Lemoyne a \u00e9t\u00e9 le premier ministre \u00e0 agir pour nous, \u00e0 avoir \u00e9t\u00e9 tr\u00e8s ouvert et coop\u00e9ratif mais il faut revoir <strong><span style=\"color: #0000ff;\">sa fili\u00e8re nuit qui &#8230; ne comprend<\/span> <span style=\"color: #0000ff;\">pas de discoth\u00e8ques<\/span><\/strong> alors qu&#8217;elles repr\u00e9sentent les 2\/3 du CA ! Mon message a \u00e9t\u00e9 retenu m&#8217;a r\u00e9pondu le responsable de Cabinet.<\/p>\n<p>On nous a invit\u00e9s \u00e0 r\u00e9fl\u00e9chir sur <strong><span style=\"color: #0000ff;\">une ouverture en type N (bar<\/span><\/strong>). J&#8217;ai mis les choses au point: cette proposition est trop tardive, pass\u00e9e la saison estivale et <strong><span style=\"color: #ff0000;\">vues les restrictions en tous genres apport\u00e9es ces jours-ci aux types N.<\/span><\/strong> On ne va pas passer en bar, qui plus est en bar &#8220;d\u00e9grad\u00e9&#8221; comme d\u00e9j\u00e0 fait dans l&#8217;H\u00e9rault et \u00e0 Marseille\u00a0 !&#8230; Ce ne peut \u00eatre une solution de rechange pour la tr\u00e8s grande majorit\u00e9 des discoth\u00e8ques ! Que ceux qui veulent tenter l&#8217;aventure le fassent, on les aidera bien s\u00fbr, mais sans conviction aucune sur le fond.<\/p>\n<p><strong><span style=\"color: #ff00ff;\">J&#8217;ai trac\u00e9 les seules possibilit\u00e9s qu&#8217;<\/span><span style=\"color: #ff00ff;\">\u00e0 d\u00e9faut d&#8221;aides nouvelles, nous exposerions \u00e0 nos professionnels: licencier le personnel et aller vers des proc\u00e9dures collectives, c&#8217;est \u00e0 dire vers l&#8217;arr\u00eat d&#8217;activit\u00e9 et la liquidation.<\/span><\/strong><\/p>\n<p>La Directrice de Cabinet de M. Griset a parfaitement compris la situation, ne peut d\u00e9cider, elle, bien s\u00fbr !<\/p>\n<p>Je suis persuad\u00e9 qu&#8217;elle saura relayer car elle est perspicace et notre dialogue est franc et loyal. C&#8217;est mon espoir. Bien t\u00e9nu, ce soir m\u00eame si je suis heureux de ce que je vous ai explicit\u00e9 en d\u00e9tail (je consid\u00e8re que je vous le devais et certains le r\u00e9clamaient) ci-dessus.<\/p>\n<p>Nous venons de franchir un grand pas avec grande satisfaction. L&#8217;avenir est une page blanche, par contre &#8230; un inconnu \u00e0 apprivoiser.<\/p>\n<p>J&#8217;ai fait de mon mieux !<\/p>\n<p>Cordialement,<\/p>\n<p>Patrick MALVA\u00cbS<\/p>\n<p>&nbsp;<\/p>\n","protected":false},"excerpt":{"rendered":"<p>Chers amis, chers confr\u00e8res, La r\u00e9union avec le Cabinet de Mr Alain Griset vient de se terminer. Je suis heureux d&#8217;y avoir particip\u00e9 tellement certains\u00a0 pr\u00e9sents semblaient plus pr\u00e9occup\u00e9s d&#8217;adresser en direct des infos&#8230;<\/p>\n","protected":false},"author":2,"featured_media":0,"comment_status":"closed","ping_status":"open","sticky":false,"template":"","format":"standard","meta":{"_mi_skip_tracking":false,"_monsterinsights_sitenote_active":false,"_monsterinsights_sitenote_note":"","_monsterinsights_sitenote_category":0},"categories":[97,1],"tags":[],"_links":{"self":[{"href":"https:\/\/sndll.info\/index.php?rest_route=\/wp\/v2\/posts\/3747"}],"collection":[{"href":"https:\/\/sndll.info\/index.php?rest_route=\/wp\/v2\/posts"}],"about":[{"href":"https:\/\/sndll.info\/index.php?rest_route=\/wp\/v2\/types\/post"}],"author":[{"embeddable":true,"href":"https:\/\/sndll.info\/index.php?rest_route=\/wp\/v2\/users\/2"}],"replies":[{"embeddable":true,"href":"https:\/\/sndll.info\/index.php?rest_route=%2Fwp%2Fv2%2Fcomments&post=3747"}],"version-history":[{"count":6,"href":"https:\/\/sndll.info\/index.php?rest_route=\/wp\/v2\/posts\/3747\/revisions"}],"predecessor-version":[{"id":3844,"href":"https:\/\/sndll.info\/index.php?rest_route=\/wp\/v2\/posts\/3747\/revisions\/3844"}],"wp:attachment":[{"href":"https:\/\/sndll.info\/index.php?rest_route=%2Fwp%2Fv2%2Fmedia&parent=3747"}],"wp:term":[{"taxonomy":"category","embeddable":true,"href":"https:\/\/sndll.info\/index.php?rest_route=%2Fwp%2Fv2%2Fcategories&post=3747"},{"taxonomy":"post_tag","embeddable":true,"href":"https:\/\/sndll.info\/index.php?rest_route=%2Fwp%2Fv2%2Ftags&post=3747"}],"curies":[{"name":"wp","href":"https:\/\/api.w.org\/{rel}","templated":true}]}}