{"id":3764,"date":"2020-08-29T15:32:39","date_gmt":"2020-08-29T13:32:39","guid":{"rendered":"http:\/\/pjcrpry.cluster031.hosting.ovh.net\/?p=3764"},"modified":"2020-09-12T10:38:54","modified_gmt":"2020-09-12T08:38:54","slug":"laddition-sil-vous-plait","status":"publish","type":"post","link":"https:\/\/sndll.info\/?p=3764","title":{"rendered":"L&#8217;ADDITION, S&#8217;IL VOUS PLAIT ! Fermeture avanc\u00e9e des bars restaurants"},"content":{"rendered":"<p>Chers amis<\/p>\n<p>Il va falloir qu&#8217;on me permette de me reposer !\u00a0 \ud83d\ude0e<\/p>\n<p>Voil\u00e0 maintenant le temps des interviews dont celui de l&#8217;AFP \u00e0 propos de la situation dans l&#8217;H\u00e9rault o\u00f9 le pr\u00e9fet a d\u00e9cid\u00e9 d&#8217;interdire la danse dans les bars et lieux publics. Je vous mets le texte ci-dessous car j&#8217;en\u00a0 profite toujours pour mettre en avant notre profession.<\/p>\n<p>Vous me direz qu&#8217;<strong><span style=\"color: #0000ff;\">interdire la danse dans des lieux o\u00f9 elle n&#8217;est pas autoris\u00e9e, c&#8217;est un comble \ud83d\ude02 Cela en dit long !!!\u00a0<\/span><\/strong><\/p>\n<p>Une solution simple existe pourtant: interdire la diffusion de musique de danse amplifi\u00e9e \u00e0 partir de 22 h. On coupe le robinet, il n&#8217;y a plus d&#8217;eau !<\/p>\n<p>Pendant ce temps l\u00e0, nous on est ferm\u00e9s&#8230;.<\/p>\n<p>Bonne soir\u00e9e<\/p>\n<p>Patrick MALVA\u00cbS<\/p>\n<p>&nbsp;<\/p>\n<p>&nbsp;<\/p>\n<header class=\"nodeheader\">\n<h1 class=\"nodeheader-title\">Coronavirus dans l&#8217;H\u00e9rault : Interdiction de danser dans les bars et les lieux publics<\/h1>\n<p class=\"hat\"><strong class=\"hat-label color-default\">EPIDEMIE<\/strong>\u00a0<span class=\"hat-summary\">Le d\u00e9partement a \u00e9t\u00e9 plac\u00e9 jeudi en \u00ab\u00a0zone de circulation active\u00a0\u00bb du Covid-19<\/span><\/p>\n<div class=\"nodeheader-infos\">\n<address class=\"authorsign \" aria-label=\"Auteur\"><span class=\"authorsign-label \">20 Minutes avec AFP<\/span><\/address>\n<p class=\"datetime\"><time datetime=\"2020-08-28T20:55:20+02:00\">Publi\u00e9 le 28\/08\/20 \u00e0 20h55<\/time>\u00a0\u2014\u00a0<time datetime=\"2020-08-28T21:20:14+02:00\">Mis \u00e0 jour le 28\/08\/20 \u00e0 21h20<\/time><\/p>\n<\/div>\n<\/header>\n<div class=\"sharebar\">\n<ul class=\"socialbar \">\n<li data-social=\"mail\"><img id=\"main-illustration\" src=\"https:\/\/img.20mn.fr\/UCOSNYmRRj6V2lXdxAGNQg\/310x190_coronavirus-dans-l-herault-interdiction-de-danser-dans-les-bars-et-les-lieux-publics-illustration.jpg\" sizes=\"(min-width: 93.375em) 40rem, (min-width: 89.375em) calc(((((75vw \/ 100) * 88) - 2px - 1.5rem) \/ 3) * 2), (min-width: 67em) calc(((((64rem \/ 100) * 92) - 2px - 1.5rem) \/ 3) * 2), (min-width: 64.375em) calc(((((100vw - 1.5rem) \/ 100) * 92) - 2px - 1.5rem) \/ 3 * 2), (min-width: 48em) calc((((100vw - 1.5rem) \/ 100) * 92) - 2px - 300px - 1.5rem), calc(92vw - 2px)\" srcset=\"https:\/\/img.20mn.fr\/UCOSNYmRRj6V2lXdxAGNQg\/310x190_coronavirus-dans-l-herault-interdiction-de-danser-dans-les-bars-et-les-lieux-publics-illustration.jpg 310w, https:\/\/img.20mn.fr\/UCOSNYmRRj6V2lXdxAGNQg\/490x314_coronavirus-dans-l-herault-interdiction-de-danser-dans-les-bars-et-les-lieux-publics-illustration.jpg 490w, https:\/\/img.20mn.fr\/UCOSNYmRRj6V2lXdxAGNQg\/590x378_coronavirus-dans-l-herault-interdiction-de-danser-dans-les-bars-et-les-lieux-publics-illustration.jpg 590w, https:\/\/img.20mn.fr\/UCOSNYmRRj6V2lXdxAGNQg\/640x410_coronavirus-dans-l-herault-interdiction-de-danser-dans-les-bars-et-les-lieux-publics-illustration.jpg 640w, https:\/\/img.20mn.fr\/UCOSNYmRRj6V2lXdxAGNQg\/830x532_coronavirus-dans-l-herault-interdiction-de-danser-dans-les-bars-et-les-lieux-publics-illustration.jpg 830w, https:\/\/img.20mn.fr\/UCOSNYmRRj6V2lXdxAGNQg\/960x614_coronavirus-dans-l-herault-interdiction-de-danser-dans-les-bars-et-les-lieux-publics-illustration.jpg 960w\" alt=\"Coronavirus dans l'H\u00e9rault : Interdiction de danser dans les bars et les lieux publics (Illustration)\" width=\"310\" height=\"190\" \/><\/li>\n<\/ul>\n<\/div>\n<div class=\"lt-endor-body content\">\n<figure class=\"media \" role=\"group\"><figcaption class=\"media-caption\">Coronavirus dans l&#8217;H\u00e9rault : Interdiction de danser dans les bars et les lieux publics (Illustration) \u2014\u00a0<em class=\"credit\">Thanassis Stavrakis\/AP\/SIPA<\/em><\/figcaption><\/figure>\n<p>C&#8217;est fini. Il est d\u00e9sormais interdit de danser dans les bars et les \u00ab\u00a0\u00e9tablissements recevant du public\u00a0\u00bb, ainsi que dans les lieux publics, \u00ab\u00a0couverts ou non\u00a0\u00bb, de\u00a0<a href=\"https:\/\/www.20minutes.fr\/societe\/herault\/\">l\u2019H\u00e9rault<\/a>, plac\u00e9 jeudi en \u00ab\u00a0zone de circulation active\u00a0\u00bb du\u00a0<a href=\"https:\/\/www.20minutes.fr\/dossier\/coronavirus\">coronavirus<\/a>, en vertu d\u2019un arr\u00eat\u00e9 pr\u00e9fectoral.<\/p>\n<p>La pr\u00e9fecture \u00e9voque de \u00ab\u00a0nouvelles mesures de protection\u00a0\u00bb \u00e0 propos de ces derni\u00e8res restrictions prises par un arr\u00eat\u00e9 dat\u00e9 de jeudi et valable jusqu\u2019au 15\u00a0septembre.<\/p>\n<h2>Les professionnels en col\u00e8re<\/h2>\n<p>Patrick Malva\u00ebs, pr\u00e9sident du Syndicat national des discoth\u00e8ques et des lieux de loisirs (SNDLL), d\u00e9nonce en r\u00e9action \u00ab\u00a0l\u2019incurie\u00a0\u00bb et \u00ab\u00a0l\u2019irresponsabilit\u00e9\u00a0\u00bb des pouvoirs publics qui ont, selon lui, \u00ab\u00a0laiss\u00e9 faire tout et n\u2019importe quoi\u00a0\u00bb. \u00ab\u00a0\u00c7a a dans\u00e9 partout tout l\u2019\u00e9t\u00e9 sauf dans un lieu, les \u00e9tablissements qui sont faits pour danser\u00a0!\u00a0\u00bb, d\u00e9plore-t-il.<\/p>\n<p>\u00ab\u00a0Les bars et\u00a0<a href=\"https:\/\/www.20minutes.fr\/dossier\/restaurant\">restaurants<\/a>\u00a0peuvent continuer \u00e0 exercer leur activit\u00e9 sous r\u00e9serve de ne pas contrevenir \u00e0 cette mesure\u00a0\u00bb interdisant aux clients de danser, pr\u00e9cise la pr\u00e9fecture h\u00e9raultaise dans un communiqu\u00e9.\u00a0Une \u00ab\u00a0d\u00e9rogation est accord\u00e9e pour les activit\u00e9s des \u00e9tablissements d\u2019enseignement de la danse\u00a0\u00bb, ajoute encore la pr\u00e9fecture.<\/p>\n<h2>Un taux de contamination au-dessus du seuil d\u2019alerte<\/h2>\n<p>Par ailleurs, \u00ab\u00a0les autorisations de manifestations, \u00e9v\u00e8nements, rassemblements sur la voie publique ou dans un lieu ouvert au public mettant en pr\u00e9sence simultan\u00e9e plus de dix\u00a0personnes seront strictement limit\u00e9es, en lien avec les maires des communes concern\u00e9es\u00a0\u00bb, a-t-elle ajout\u00e9.<\/p>\n<p>Le taux de contamination pour l\u2019H\u00e9rault est de 84 cas pour 100.000 habitants alors que le seuil d\u2019alerte est de 50 pour 100.000.\u00a0Le pr\u00e9fet de l\u2019H\u00e9rault avait d\u00e9j\u00e0 annonc\u00e9 lundi la fermeture pour 15 jours de 17 \u00e9tablissements (bars, restaurants, bars musicaux) du village naturiste du Cap d\u2019Agde.<\/p>\n<h2>\u00ab\u00a0La r\u00e9cr\u00e9ation est finie\u00a0\u00bb<\/h2>\n<p>Selon Patrick\u00a0Malva\u00ebs, le gouvernement a voulu \u00ab\u00a0lever un peu le couvercle de la cocotte-minute pour que pendant l\u2019\u00e9t\u00e9 les Fran\u00e7ais puissent un peu se d\u00e9fouler, mais quand on voit tout ce qui s\u2019est pass\u00e9 dans les bars, les restaurants, m\u00eame les villas priv\u00e9es, on se dit \u201con marche sur la t\u00eate\u201d\u2026\u00a0\u00bb.<\/p>\n<p>Les Fran\u00e7ais \u00ab ont eu leurs vacances, maintenant la r\u00e9cr\u00e9ation est finie \u00bb, a-t-il r\u00e9sum\u00e9. Mais il a \u00e9galement d\u00e9nonc\u00e9 les autorisations d\u2019ouverture pour les saunas et certains clubs libertins.<\/p>\n<figure class=\"media\" role=\"group\">\n<div class=\"media-wrap media-wrap-video media-wrap-video-1_1\">\n<div id=\"0_visible_player_brother\"><\/div>\n<p><iframe id=\"digitekaPlayer_01357940\" class=\"digitekaPlayer\" src=\"https:\/\/www.ultimedia.com\/deliver\/generic\/iframe\/mdtk\/01357940\/src\/fvfmzs\/zone\/1\/showtitle\/1?tagparamdecoded=actu%2Fvideo_actu\/\" width=\"500\" height=\"300\" frameborder=\"0\" marginwidth=\"0\" marginheight=\"0\" scrolling=\"no\" allowfullscreen=\"allowfullscreen\" data-mce-fragment=\"1\"><\/iframe><\/p>\n<\/div>\n<\/figure>\n<h2>Des discoth\u00e8ques \u00e0 la peine<\/h2>\n<p>Les discoth\u00e8ques, ferm\u00e9es depuis six mois, \u00ab\u00a0n\u2019ont aucune responsabilit\u00e9 dans les nouveaux clusters et la propagation du virus\u00a0\u00bb, mais ce sont \u00ab\u00a0elles qui vont payer la facture au prix fort pour les abus des autres\u00a0\u00bb, a regrett\u00e9 le pr\u00e9sident du syndicat de la profession.<\/p>\n<p><span style=\"color: #000080;\"><strong>Selon Patrick\u00a0Malva\u00ebs, \u00ab\u00a0il y a z\u00e9ro chance que les discoth\u00e8ques puissent repartir en septembre\u00a0\u00bb et leurs dirigeants n\u2019auront d\u2019autre choix que de d\u00e9poser le bilan et de licencier, sauf si le gouvernement met en place une indemnisation sur plusieurs mois.<\/strong><\/span><\/p>\n<\/div>\n","protected":false},"excerpt":{"rendered":"<p>Chers amis Il va falloir qu&#8217;on me permette de me reposer !\u00a0 \ud83d\ude0e Voil\u00e0 maintenant le temps des interviews dont celui de l&#8217;AFP \u00e0 propos de la situation dans l&#8217;H\u00e9rault o\u00f9 le pr\u00e9fet a&#8230;<\/p>\n","protected":false},"author":2,"featured_media":0,"comment_status":"closed","ping_status":"open","sticky":false,"template":"","format":"standard","meta":{"_mi_skip_tracking":false,"_monsterinsights_sitenote_active":false,"_monsterinsights_sitenote_note":"","_monsterinsights_sitenote_category":0},"categories":[97,1],"tags":[],"_links":{"self":[{"href":"https:\/\/sndll.info\/index.php?rest_route=\/wp\/v2\/posts\/3764"}],"collection":[{"href":"https:\/\/sndll.info\/index.php?rest_route=\/wp\/v2\/posts"}],"about":[{"href":"https:\/\/sndll.info\/index.php?rest_route=\/wp\/v2\/types\/post"}],"author":[{"embeddable":true,"href":"https:\/\/sndll.info\/index.php?rest_route=\/wp\/v2\/users\/2"}],"replies":[{"embeddable":true,"href":"https:\/\/sndll.info\/index.php?rest_route=%2Fwp%2Fv2%2Fcomments&post=3764"}],"version-history":[{"count":2,"href":"https:\/\/sndll.info\/index.php?rest_route=\/wp\/v2\/posts\/3764\/revisions"}],"predecessor-version":[{"id":3924,"href":"https:\/\/sndll.info\/index.php?rest_route=\/wp\/v2\/posts\/3764\/revisions\/3924"}],"wp:attachment":[{"href":"https:\/\/sndll.info\/index.php?rest_route=%2Fwp%2Fv2%2Fmedia&parent=3764"}],"wp:term":[{"taxonomy":"category","embeddable":true,"href":"https:\/\/sndll.info\/index.php?rest_route=%2Fwp%2Fv2%2Fcategories&post=3764"},{"taxonomy":"post_tag","embeddable":true,"href":"https:\/\/sndll.info\/index.php?rest_route=%2Fwp%2Fv2%2Ftags&post=3764"}],"curies":[{"name":"wp","href":"https:\/\/api.w.org\/{rel}","templated":true}]}}