{"id":3775,"date":"2020-08-30T06:12:46","date_gmt":"2020-08-30T04:12:46","guid":{"rendered":"http:\/\/pjcrpry.cluster031.hosting.ovh.net\/?p=3775"},"modified":"2020-09-12T10:37:48","modified_gmt":"2020-09-12T08:37:48","slug":"decompression","status":"publish","type":"post","link":"https:\/\/sndll.info\/?p=3775","title":{"rendered":"DECOMPRESSION !"},"content":{"rendered":"<p>Chers amis,<\/p>\n<p>Non sans mal, <strong><span style=\"color: #ff00ff;\">la phase de crise aigu\u00eb est pass\u00e9e<\/span><\/strong> (pas la crise chronique, on en est loin, h\u00e9las!) et<strong><span style=\"color: #ff00ff;\"> la phase de &#8220;sid\u00e9ration&#8221; que nous avons v\u00e9cue quand on nous a impos\u00e9 de fermer est derri\u00e8re nous. <span style=\"color: #000000;\">Reprenons donc notre souffle &#8230;et nos esprits !<\/span><\/span><\/strong><\/p>\n<p>Mieux que quiconque, je suis bien plac\u00e9 pour savoir <strong><span style=\"color: #0000ff;\">l&#8217;immense d\u00e9sarroi des professionnels qu&#8217;il a fallu g\u00e9rer, sans y \u00eatre pr\u00e9par\u00e9. <\/span><\/strong>C&#8217;est bien logique mais cela a \u00e9t\u00e9 tr\u00e8s lourd \u00e0 porter. Pour nous motiver, moi et mes proches, nous disions que les professionnels portaient eux-m\u00eames leur fardeau compos\u00e9 \u00e0 la fois de contraintes financi\u00e8res tr\u00e8s tr\u00e8s lourdes, parfois d\u00e9sesp\u00e9r\u00e9es, et de l&#8217;obligation de faire le deuil provisoire du m\u00e9tier qui a \u00e9t\u00e9 toute leur vie, de leurs relations avec les amis clients et le personnel&#8230;<\/p>\n<p>Double peine, double d\u00e9chirement. <strong><span style=\"color: #0000ff;\">Donc, nous responsables patronaux, nous devions ne pas avoir d&#8217;\u00e9tats d&#8217;\u00e2me et foncer.<\/span><\/strong><\/p>\n<p><strong><span style=\"color: #ff00ff;\">Nous sommes \u00e0 un tournant de la crise.<\/span><\/strong> Toutes celles et ceux qui se battent pour notre m\u00e9tier, ici ou l\u00e0, syndicalistes ou non y mettent toutes leurs ardeurs. Je n&#8217;en disconviens pas. En dehors du domaine syndical, certains, \u00e0 mes yeux, n&#8217;ont pas toujours servi l&#8217;image de marque de notre m\u00e9tier, \u00e0 laquelle je suis personnellement tr\u00e8s attach\u00e9 car beaucoup de nos difficult\u00e9s naissent pr\u00e9cis\u00e9ment de cette image d\u00e9grad\u00e9e.<\/p>\n<p>Certains professionnels ne mesurent pas non plus l&#8217;abn\u00e9gation gratuite du syndicat et de ses repr\u00e9sentants pour d\u00e9fendre l&#8217;int\u00e9r\u00eat collectif. Je lis, parfois, des attaques \u00e0 leur encontre, que je n&#8217;h\u00e9site pas \u00e0 qualifier de d\u00e9biles. Je p\u00e8se mes mots. Nous n&#8217;avons aucun int\u00e9r\u00eat personnel et sommes tous b\u00e9n\u00e9voles. Mesurez le temps pass\u00e9 ne serait-ce qu&#8217;au travers de ce blog !\u00a0 Alors respectez les syndicats et singuli\u00e8rement le n\u00f4tre. <strong><span style=\"color: #0000ff;\">Nous avons<\/span> <span style=\"color: #0000ff;\">tout donn\u00e9, et le meilleur de nous-m\u00eames,\u00a0 jusqu&#8217;ici. Tout.<\/span> <\/strong>Et il faudrait que nous allions plus loin ?<\/p>\n<p>Alors, aidez-nous, on ne demande aucun remerciement, mais <strong><span style=\"color: #0000ff;\">chacun d&#8217;entre vous a aussi une responsabilit\u00e9 majeure dans cette d\u00e9fense collective.<\/span><\/strong> Le syndicat, les syndicats ne sont pas des magiciens. Comme ceux qui m&#8217;entourent, chaque jour, je passe des heures et des heures au service collectif. Nous avons beaucoup, beaucoup travaill\u00e9. Nous avons relay\u00e9 vos pr\u00e9occupations, je le crois, assez bien. Mais \u00e0 pr\u00e9sent votre engagement va \u00eatre d\u00e9terminant. <span style=\"color: #ff00ff;\"><strong>Ne vous placez surtout pas dans la position d&#8217;assist\u00e9s ou de d\u00e9pendants. Ce n&#8217;est pas l&#8217;attitude de chefs d&#8217;entreprises.\u00a0<\/strong><\/span><\/p>\n<p>Ces propos peuvent choquer certains, ils ne visent pas tout le monde. Simplement,\u00a0 beaucoup, sur le plan de la combativit\u00e9 g\u00e9n\u00e9rale, se contentent d&#8217;attendre, spectateurs de leur destin\u00e9e, se donnant l&#8217;illusion d&#8217;\u00eatre actifs parce qu&#8217;ils postent des commentaires (plus ou moins fins d&#8217;ailleurs) sur les r\u00e9seaux sociaux ou parce qu&#8217;ils se mettent en sc\u00e8ne&#8230; <strong><span style=\"color: #ff00ff;\">CE N&#8217;EST PAS DE LA DEFENSE COLLECTIVE. PAS DU TOUT !<\/span><\/strong><\/p>\n<p>Quand c&#8217;est un exutoire, une fa\u00e7on &#8211; l\u00e0 c&#8217;est bien l\u00e9gitime et \u00e7a je le comprends tr\u00e8s bien &#8211;\u00a0 d&#8217;ext\u00e9rioriser, de &#8220;faire sortir&#8221; le ressentiment que l&#8217;on a en soi du fait d&#8217;\u00eatre aussi injustement priv\u00e9 de notre m\u00e9tier, de notre gagne-pain, <span style=\"color: #0000ff;\"><strong>s&#8217;exprimer est alors une forme de th\u00e9rapie salutaire. Bravo !<\/strong> <\/span>Mais parfois, ce n&#8217;est souvent qu&#8217;une manifestation d&#8217;ego et cela ne sert pas notre d\u00e9fense.<\/p>\n<p><strong><span style=\"color: #0000ff;\">La pire des attitudes, toutefois, est celle de ceux qui se trompent d&#8217;adversaire<\/span><\/strong> tant est grand leur aveuglement face \u00e0 la d\u00e9sastreuse situation .\u00a0 Certains pensent nous \u00eatre utiles en enfon\u00e7ant des portes ouvertes ou en nous &#8220;secouant&#8221; ! Pensent-ils que nous soyons des d\u00e9biles ou des inconscients ? ou veulent-ils se rassurer sur leurs propres capacit\u00e9s? croient-ils que nous ayons besoin d&#8217;\u00eatre &#8220;secou\u00e9s&#8221; alors qu&#8217;eux ne se remuent pas ? Que de dialogues vains sur les sites entre Monsieur &#8220;y a qu&#8217;\u00e0 &#8230; &#8221; et Monsieur &#8220;Faut que &#8230;&#8221;\u00a0 !!!<\/p>\n<p><strong><span style=\"color: #ff00ff;\">Notre doigt pointe les dangers ou les solutions et eux regardent le doigt !\u00a0<\/span><\/strong><\/p>\n<p>On peut tout se dire, mais avec respect, en \u00e9vitant le &#8220;simplisme&#8221; qui vicie tout car la situation r\u00e9elle n&#8217;est pas toujours connue. Il existe des tenants et des aboutissants inconnus, des cartes de n\u00e9gociations \u00e0 ne pas d\u00e9voiler par souci d&#8217;efficacit\u00e9 etc &#8230; Ne jamais penser que l&#8217;autre est le plus idiot. Quand on veut s&#8217;exprimer publiquement,\u00a0 il faut tout autant garder son esprit critique et ne pas \u00eatre prisonnier d&#8217;un parti-pris, pire d&#8217;un &#8220;gourou&#8221;, ou encore pire d&#8217;int\u00e9r\u00eats personnels.<strong><span style=\"color: #0000ff;\"> L<\/span><span style=\"color: #0000ff;\">a modestie doit pr\u00e9sider \u00e0 toute prise de parole dans l&#8217;espace public<\/span><span style=\"color: #0000ff;\">, si on veut \u00eatre utile<\/span><\/strong> au d\u00e9bat.<\/p>\n<p>Pour autant je ne demande pas &#8211; surtout pas &#8211; de renoncer \u00e0 ses id\u00e9aux. Jamais m\u00eame si on a le devoir d&#8217;am\u00e9liorer sa pens\u00e9e et de l&#8217;infl\u00e9chir.<\/p>\n<p>D&#8217;ailleurs d&#8217;autres,\u00a0 et il faut aussi\u00a0 leur rendre hommage, font des observations judicieuses, m&#8217;adressent des mails, des suggestions, m&#8217;exposent leurs d\u00e9saccords \u00e9ventuels ou leur soutien, etc&#8230; C&#8217;est tr\u00e8s sain et utile pour nourrir notre propre r\u00e9flexion.\u00a0 Bien que ce soit chronophage, je leur r\u00e9ponds toujours. Merci !<\/p>\n<p><strong><span style=\"color: #ff00ff;\">Toutes ces observations personnelles montrent que nous sommes bien dans une crise qui a brouill\u00e9 la relation au r\u00e9el mais cela montre qu&#8217;il faut s&#8217;imposer une discipline si on ne veut pas y perdre son \u00e2me ou tout simplement y perdre des raisons de vivre et d&#8217;esp\u00e9rer. Pas facile, mais il faut !<\/span><\/strong><\/p>\n<p>Cela est aussi une r\u00e9ponse au coronavirus et \u00e0 son cort\u00e8ge destructeur.<\/p>\n<p>Bien cordialement \u00e0 tous et \u00e0 chacun,<\/p>\n<p>Patrick MALVA\u00cbS<\/p>\n","protected":false},"excerpt":{"rendered":"<p>Chers amis, Non sans mal, la phase de crise aigu\u00eb est pass\u00e9e (pas la crise chronique, on en est loin, h\u00e9las!) et la phase de &#8220;sid\u00e9ration&#8221; que nous avons v\u00e9cue quand on nous a&#8230;<\/p>\n","protected":false},"author":2,"featured_media":0,"comment_status":"closed","ping_status":"open","sticky":false,"template":"","format":"standard","meta":{"_mi_skip_tracking":false,"_monsterinsights_sitenote_active":false,"_monsterinsights_sitenote_note":"","_monsterinsights_sitenote_category":0},"categories":[1,147],"tags":[],"_links":{"self":[{"href":"https:\/\/sndll.info\/index.php?rest_route=\/wp\/v2\/posts\/3775"}],"collection":[{"href":"https:\/\/sndll.info\/index.php?rest_route=\/wp\/v2\/posts"}],"about":[{"href":"https:\/\/sndll.info\/index.php?rest_route=\/wp\/v2\/types\/post"}],"author":[{"embeddable":true,"href":"https:\/\/sndll.info\/index.php?rest_route=\/wp\/v2\/users\/2"}],"replies":[{"embeddable":true,"href":"https:\/\/sndll.info\/index.php?rest_route=%2Fwp%2Fv2%2Fcomments&post=3775"}],"version-history":[{"count":4,"href":"https:\/\/sndll.info\/index.php?rest_route=\/wp\/v2\/posts\/3775\/revisions"}],"predecessor-version":[{"id":3779,"href":"https:\/\/sndll.info\/index.php?rest_route=\/wp\/v2\/posts\/3775\/revisions\/3779"}],"wp:attachment":[{"href":"https:\/\/sndll.info\/index.php?rest_route=%2Fwp%2Fv2%2Fmedia&parent=3775"}],"wp:term":[{"taxonomy":"category","embeddable":true,"href":"https:\/\/sndll.info\/index.php?rest_route=%2Fwp%2Fv2%2Fcategories&post=3775"},{"taxonomy":"post_tag","embeddable":true,"href":"https:\/\/sndll.info\/index.php?rest_route=%2Fwp%2Fv2%2Ftags&post=3775"}],"curies":[{"name":"wp","href":"https:\/\/api.w.org\/{rel}","templated":true}]}}