{"id":3828,"date":"2020-09-03T15:07:55","date_gmt":"2020-09-03T13:07:55","guid":{"rendered":"http:\/\/pjcrpry.cluster031.hosting.ovh.net\/?p=3828"},"modified":"2020-09-12T10:35:09","modified_gmt":"2020-09-12T08:35:09","slug":"fake-news-poisson-davril-mauvais-gout-serons-nous-fermes-jusquen-avril","status":"publish","type":"post","link":"https:\/\/sndll.info\/?p=3828","title":{"rendered":"Fake News, Poisson d&#8217;Avril ! Mauvais go\u00fbt &#8230;. serons nous ferm\u00e9s jusqu&#8217;en avril ?"},"content":{"rendered":"<p>Chers amis, chers confr\u00e8res,<\/p>\n<p>Je suis oblig\u00e9 de poster illico -face \u00e0 l&#8217;inqui\u00e9tude l\u00e9gitime de tous- cet article que je r\u00e9servais \u00e0 demain (ce sera rel\u00e2che donc pour moi !).<\/p>\n<p>P\u00e9riodiquement, j&#8217;ai \u00e0 d\u00e9noncer des &#8220;fake news&#8221; ou fausses informations. Je ne le fais pas syst\u00e9matiquement car j&#8217;y passerais trop de temps. De plus je risque vexer inutilement quelques personnes publiques, \u00e9lues ou non, qui disent des contrev\u00e9rit\u00e9s pour se faire valoir ou d\u00e9fendre leurs positions.<\/p>\n<p><span style=\"color: #ff00ff;\"><strong>Je d\u00e9nonce, par contre, toute fausse information quand elle nuit directement aux exploitants ou \u00e0 leur appr\u00e9ciation de la situation.<\/strong><\/span><\/p>\n<p><strong><span style=\"color: #0000ff;\">Qu&#8217;en est-il de cette &#8220;fermeture des discoth\u00e8ques jusqu&#8217;en avril inclus ?&#8221;<\/span><\/strong><\/p>\n<p>La loi 2020-856 du 9 juillet, vot\u00e9e par le Parlement a organis\u00e9 la\u00a0 sortie de l&#8217;urgence sanitaire pour le 11 Juillet. C&#8217;est la fameuse Loi dite de sortie du confinement, loi que certains (confondant leur r\u00eaves et la r\u00e9alit\u00e9) vous pr\u00e9sentaient comme la date o\u00f9 nous pourrions r\u00e9ouvrir &#8220;le 11 Juillet&#8221; disaient-ils recommandant m\u00eame de &#8220;rallumer les machines \u00e0 gla\u00e7ons&#8221; !\u00a0 C&#8217;\u00e9tait h\u00e9las une &#8220;fake news&#8221; , comme je l&#8217;ai dit aussit\u00f4t, et on est rest\u00e9 ferm\u00e9s.<\/p>\n<p><strong><span style=\"color: #0000ff;\">Cette Loi, en effet, habilitait aussi\u00a0 le premier ministre, jusqu&#8217;au 31 Octobre 2020, \u00e0 continuer de limiter certaines activit\u00e9s dont la n\u00f4tre. Voir ci-dessous le texte de Loi.<\/span><\/strong><\/p>\n<p>Cette habilitation dure jusqu&#8217;au 31 Octobre mais Jean Castex vient de d\u00e9clarer qu&#8217;il souhaitait prolonger de 5 mois (jusqu&#8217;au 1er\u00a0 Avril donc) ce dispositif. Cela devra passer devant le Parlement o\u00f9, une fois encore, nous verrons ce que feront (ou ne feront pas, je prends le pari !) certains d\u00e9put\u00e9s Jusqu&#8217;au premier Avril, le premier Ministre pourra prendre des d\u00e9cisions de fermeture (ou non) nous concernant . Voil\u00e0 ce qui a \u00e9t\u00e9 dit.<\/p>\n<p><strong><span style=\"color: #0000ff;\">Il<\/span> <span style=\"color: #0000ff;\">n&#8217;a (pas encore ?) jamais \u00e9t\u00e9 dit que les discoth\u00e8ques seraient ferm\u00e9es jusqu&#8217;en Avril ! <\/span>\u00a0<\/strong>Il ne faut donc pas s&#8217;affoler m\u00eame si, effectivement,\u00a0 il faut \u00eatre vigilant <strong><span style=\"color: #0000ff;\">&#8220;Le pire n&#8217;est jamais certain, et c&#8217;est pour cette raison qu&#8217;il faut faire bouger les choses, s&#8217;adapter, ne pas se r\u00e9signer&#8221;.\u00a0<\/span><\/strong><\/p>\n<p><span style=\"color: #000000;\">Une fois encore, ceux qui propagent ces infos, inutilement alarmistes car partielles, &#8220;bavassent (comme les escargots\ud83d\ude1c\ud83d\udc0c\u00a0 ?!), cherchent \u00e0 vous instrumentaliser pour se servir de vous. Cela a surtout un effet d\u00e9mobilisateur,\u00a0 d\u00e9moralisant. On n&#8217;a pas besoin d&#8217;en rajouter, non ?\u00a0<\/span><\/p>\n<p>Si on veut s&#8217;en sortir, il faut et garder sa lucidit\u00e9 et garder sa d\u00e9termination la plus absolue.\u00a0 Il n&#8217;y a pas de secret.<\/p>\n<p>Je respecte toutes les formes de lutte,\u00a0 de protestations, tous les groupements professionnels. Mais respectons en commun les exploitants !<\/p>\n<p><strong><span style=\"color: #ff00ff;\">Alors on se bat, tous ensemble, les yeux grands ouverts !\u00a0<\/span><\/strong><\/p>\n<p>Amiti\u00e9s \u00e0 tous,<\/p>\n<p>Patrick MALVA\u00cbS<br \/>\n<strong><span style=\"color: #0000ff;\">\u00a0<\/span><\/strong><\/p>\n<p>&#8221;\u00a0 Article 1<\/p>\n<p>I. &#8211; A compter du 11 juillet 2020, et jusqu&#8217;au 30 octobre 2020 inclus, hors des territoires mentionn\u00e9s \u00e0 l&#8217;article 2, le Premier ministre peut, par d\u00e9cret pris sur le rapport du ministre charg\u00e9 de la sant\u00e9, dans l&#8217;int\u00e9r\u00eat de la sant\u00e9 publique et aux seules fins de lutter contre la propagation de l&#8217;\u00e9pid\u00e9mie de covid-19 :<\/p>\n<p>1\u00b0 R\u00e9glementer ou, dans certaines parties du territoire dans lesquelles est constat\u00e9e une circulation active du virus, interdire la circulation des personnes et des v\u00e9hicules, ainsi que l&#8217;acc\u00e8s aux moyens de transport &#8230; &#8230; &#8230;<\/p>\n<p><strong><span style=\"color: #ff00ff;\">2\u00b0 R\u00e9glementer l&#8217;ouverture au public, y compris les conditions d&#8217;acc\u00e8s et de pr\u00e9sence, d&#8217;une ou de plusieurs cat\u00e9gories d&#8217;\u00e9tablissements recevant du public ainsi que des lieux de r\u00e9union, \u00e0 l&#8217;exception des locaux \u00e0 usage d&#8217;habitation, en garantissant l&#8217;acc\u00e8s des personnes aux biens et services de premi\u00e8re n\u00e9cessit\u00e9.<\/span><\/strong><\/p>\n<p><strong><span style=\"color: #ff00ff;\">La fermeture provisoire d&#8217;une ou de plusieurs cat\u00e9gories d&#8217;\u00e9tablissements recevant du public ainsi que des lieux de r\u00e9unions peut, dans ce cadre, \u00eatre ordonn\u00e9e lorsqu&#8217;ils accueillent des activit\u00e9s qui, par leur nature m\u00eame, ne permettent pas de garantir la mise en \u0153uvre des mesures de nature \u00e0 pr\u00e9venir les risques de propagation du virus ou lorsqu&#8217;ils se situent dans certaines parties du territoire dans lesquelles est constat\u00e9e une circulation active du virus\u00a0<\/span><\/strong><\/p>\n","protected":false},"excerpt":{"rendered":"<p>Chers amis, chers confr\u00e8res, Je suis oblig\u00e9 de poster illico -face \u00e0 l&#8217;inqui\u00e9tude l\u00e9gitime de tous- cet article que je r\u00e9servais \u00e0 demain (ce sera rel\u00e2che donc pour moi !). P\u00e9riodiquement, j&#8217;ai \u00e0 d\u00e9noncer&#8230;<\/p>\n","protected":false},"author":2,"featured_media":0,"comment_status":"closed","ping_status":"open","sticky":false,"template":"","format":"standard","meta":{"_mi_skip_tracking":false,"_monsterinsights_sitenote_active":false,"_monsterinsights_sitenote_note":"","_monsterinsights_sitenote_category":0},"categories":[97,1],"tags":[],"_links":{"self":[{"href":"https:\/\/sndll.info\/index.php?rest_route=\/wp\/v2\/posts\/3828"}],"collection":[{"href":"https:\/\/sndll.info\/index.php?rest_route=\/wp\/v2\/posts"}],"about":[{"href":"https:\/\/sndll.info\/index.php?rest_route=\/wp\/v2\/types\/post"}],"author":[{"embeddable":true,"href":"https:\/\/sndll.info\/index.php?rest_route=\/wp\/v2\/users\/2"}],"replies":[{"embeddable":true,"href":"https:\/\/sndll.info\/index.php?rest_route=%2Fwp%2Fv2%2Fcomments&post=3828"}],"version-history":[{"count":2,"href":"https:\/\/sndll.info\/index.php?rest_route=\/wp\/v2\/posts\/3828\/revisions"}],"predecessor-version":[{"id":3830,"href":"https:\/\/sndll.info\/index.php?rest_route=\/wp\/v2\/posts\/3828\/revisions\/3830"}],"wp:attachment":[{"href":"https:\/\/sndll.info\/index.php?rest_route=%2Fwp%2Fv2%2Fmedia&parent=3828"}],"wp:term":[{"taxonomy":"category","embeddable":true,"href":"https:\/\/sndll.info\/index.php?rest_route=%2Fwp%2Fv2%2Fcategories&post=3828"},{"taxonomy":"post_tag","embeddable":true,"href":"https:\/\/sndll.info\/index.php?rest_route=%2Fwp%2Fv2%2Ftags&post=3828"}],"curies":[{"name":"wp","href":"https:\/\/api.w.org\/{rel}","templated":true}]}}